{"id":80,"name":"Nicolas Sterin et Philippe Tassi","url":"","description":"Nicolas Sterin est Directeur de la Programmation pour La cha\u00eene L\u2019Equipe\r\nPhilippe Tassi est Ensae 1972 et Directeur G\u00e9n\u00e9ral Adjoint de M\u00e9diam\u00e9trie","link":"https:\/\/variances.eu\/?author=80","slug":"nsterinptassi","avatar_urls":{"24":"https:\/\/secure.gravatar.com\/avatar\/ed4c9037606dd23ac0919efb5facab6bf51c780123a8a1bfce70e14f82a06f2f?s=24&d=mm&r=g","48":"https:\/\/secure.gravatar.com\/avatar\/ed4c9037606dd23ac0919efb5facab6bf51c780123a8a1bfce70e14f82a06f2f?s=48&d=mm&r=g","96":"https:\/\/secure.gravatar.com\/avatar\/ed4c9037606dd23ac0919efb5facab6bf51c780123a8a1bfce70e14f82a06f2f?s=96&d=mm&r=g"},"meta":[],"_links":{"self":[{"href":"https:\/\/variances.eu\/index.php?rest_route=\/wp\/v2\/users\/80","targetHints":{"allow":["GET"]}}],"collection":[{"href":"https:\/\/variances.eu\/index.php?rest_route=\/wp\/v2\/users"}]}}