{"id":58,"name":"Arnaud Annebicque","url":"","description":"Directeur du d\u00e9veloppement Afrique et Europe, M\u00e9diam\u00e9trie","link":"https:\/\/variances.eu\/?author=58","slug":"aannebicque","avatar_urls":{"24":"https:\/\/secure.gravatar.com\/avatar\/f9d0445a740e2de3d7f2907530db5f370376f307ea52871092b87eb303e9ab83?s=24&d=mm&r=g","48":"https:\/\/secure.gravatar.com\/avatar\/f9d0445a740e2de3d7f2907530db5f370376f307ea52871092b87eb303e9ab83?s=48&d=mm&r=g","96":"https:\/\/secure.gravatar.com\/avatar\/f9d0445a740e2de3d7f2907530db5f370376f307ea52871092b87eb303e9ab83?s=96&d=mm&r=g"},"meta":[],"_links":{"self":[{"href":"https:\/\/variances.eu\/index.php?rest_route=\/wp\/v2\/users\/58","targetHints":{"allow":["GET"]}}],"collection":[{"href":"https:\/\/variances.eu\/index.php?rest_route=\/wp\/v2\/users"}]}}