{"id":53,"name":"Henri Sterdyniak","url":"","description":"Henri Sterdyniak, dipl\u00f4m\u00e9 de l\u2019\u00c9cole polytechnique et de l\u2019ENSAE (75), a \u00e9t\u00e9 administrateur de l'Insee. Il a co-fond\u00e9 l\u2019OFCE et les \u00c9conomistes atterr\u00e9s. Il a enseign\u00e9 \u00e0 l\u2019universit\u00e9 Paris-Dauphine et \u00e0 Science-Po. Il a publi\u00e9 de nombreux ouvrages et articles en macro\u00e9conomie, \u00e9conomie mon\u00e9taire et internationale, \u00e9conomie europ\u00e9enne, questions sociales, fiscales et budg\u00e9taires. Son dernier ouvrage (en collaboration) :  Penser l\u2019alternative, Fayard, 2024.","link":"https:\/\/variances.eu\/?author=53","slug":"hsterdyniak","avatar_urls":{"24":"https:\/\/secure.gravatar.com\/avatar\/cb94d7308f9e9a468850936c61e53f747cc1491f148893a2b91c9535c1b0fcf3?s=24&d=mm&r=g","48":"https:\/\/secure.gravatar.com\/avatar\/cb94d7308f9e9a468850936c61e53f747cc1491f148893a2b91c9535c1b0fcf3?s=48&d=mm&r=g","96":"https:\/\/secure.gravatar.com\/avatar\/cb94d7308f9e9a468850936c61e53f747cc1491f148893a2b91c9535c1b0fcf3?s=96&d=mm&r=g"},"meta":[],"_links":{"self":[{"href":"https:\/\/variances.eu\/index.php?rest_route=\/wp\/v2\/users\/53","targetHints":{"allow":["GET"]}}],"collection":[{"href":"https:\/\/variances.eu\/index.php?rest_route=\/wp\/v2\/users"}]}}