{"id":514,"name":"M\u00e9lanie Coueff\u00e9","url":"","description":"M\u00e9lanie Cou\u00ebff\u00e9 est \u00e9conomiste \u00e0 la Direction de la Conjoncture et des Pr\u00e9visions Macro\u00e9conomiques au sein de la Banque de France. Elle a auparavant travaill\u00e9 plusieurs ann\u00e9es comme \u00e9conomiste au sein de la Direction G\u00e9n\u00e9rale du Tr\u00e9sor. Elle est dipl\u00f4m\u00e9e d\u2019un master d\u2019\u00e9conomie de l\u2019Universit\u00e9 de Rennes 1. Ses travaux portent aujourd\u2019hui sur le suivi conjoncturel de la France et la pr\u00e9vision macro\u00e9conomique \u00e0 court terme.","link":"https:\/\/variances.eu\/?author=514","slug":"mcoueffe","avatar_urls":{"24":"https:\/\/secure.gravatar.com\/avatar\/b8d404b50d1f3a7801d073aa024a99d853a33fb06086ff9da8816d02f7708b78?s=24&d=mm&r=g","48":"https:\/\/secure.gravatar.com\/avatar\/b8d404b50d1f3a7801d073aa024a99d853a33fb06086ff9da8816d02f7708b78?s=48&d=mm&r=g","96":"https:\/\/secure.gravatar.com\/avatar\/b8d404b50d1f3a7801d073aa024a99d853a33fb06086ff9da8816d02f7708b78?s=96&d=mm&r=g"},"meta":[],"_links":{"self":[{"href":"https:\/\/variances.eu\/index.php?rest_route=\/wp\/v2\/users\/514","targetHints":{"allow":["GET"]}}],"collection":[{"href":"https:\/\/variances.eu\/index.php?rest_route=\/wp\/v2\/users"}]}}