{"id":503,"name":"Thierry Verdier","url":"","description":"Professeur d'\u00e9conomie, chaire associ\u00e9e \u00e0 l'\u00c9cole d'\u00e9conomie de Paris, \u00c9cole des Ponts ParisTech (ENPC)","link":"https:\/\/variances.eu\/?author=503","slug":"tverdier","avatar_urls":{"24":"https:\/\/secure.gravatar.com\/avatar\/bee72b39c7f5319cdff1313343b581b641501dcab82901d3d0e9ed4107bb7d6f?s=24&d=mm&r=g","48":"https:\/\/secure.gravatar.com\/avatar\/bee72b39c7f5319cdff1313343b581b641501dcab82901d3d0e9ed4107bb7d6f?s=48&d=mm&r=g","96":"https:\/\/secure.gravatar.com\/avatar\/bee72b39c7f5319cdff1313343b581b641501dcab82901d3d0e9ed4107bb7d6f?s=96&d=mm&r=g"},"meta":[],"_links":{"self":[{"href":"https:\/\/variances.eu\/index.php?rest_route=\/wp\/v2\/users\/503","targetHints":{"allow":["GET"]}}],"collection":[{"href":"https:\/\/variances.eu\/index.php?rest_route=\/wp\/v2\/users"}]}}