{"id":502,"name":"Marco G. Palladino &amp; Thomas Zuber","url":"","description":"Marco G. Palladino est \u00e9conomiste au sein du service d'\u00c9tudes sur les politiques structurelles. Ses travaux de recherche concernent principalement les in\u00e9galit\u00e9s salariales et la l\u00e9gislation sur la protection de l'emploi.\r\nThomas Zuber est \u00e9conomiste au sein de la Direction de la Conjoncture et de la Pr\u00e9vision Macro\u00e9conomique de la Banque de France. Il enseigne la macro\u00e9conomie \u00e0 l\u2019\u00c9cole d\u2019\u00c9conomie de Paris. Ses travaux portent sur les politiques de l\u2019emploi et la dynamique des entreprises.","link":"https:\/\/variances.eu\/?author=502","slug":"mptzuber","avatar_urls":{"24":"https:\/\/secure.gravatar.com\/avatar\/83ff0243afbd43ea2ad95908483a944f58e08f53bedb0e7668e608d967802891?s=24&d=mm&r=g","48":"https:\/\/secure.gravatar.com\/avatar\/83ff0243afbd43ea2ad95908483a944f58e08f53bedb0e7668e608d967802891?s=48&d=mm&r=g","96":"https:\/\/secure.gravatar.com\/avatar\/83ff0243afbd43ea2ad95908483a944f58e08f53bedb0e7668e608d967802891?s=96&d=mm&r=g"},"meta":[],"_links":{"self":[{"href":"https:\/\/variances.eu\/index.php?rest_route=\/wp\/v2\/users\/502","targetHints":{"allow":["GET"]}}],"collection":[{"href":"https:\/\/variances.eu\/index.php?rest_route=\/wp\/v2\/users"}]}}