{"id":500,"name":"Bruno Bja\u00ef","url":"","description":"Ancien \u00e9l\u00e8ve de l\u2019\u00c9cole Normale Sup\u00e9rieure de Cachan (devenue depuis ENS Paris-Saclay), Bruno Bja\u00ef a \u00e9t\u00e9 dipl\u00f4m\u00e9 de l\u2019ENSAE en 2019, avant d\u2019int\u00e9grer la m\u00eame ann\u00e9e le corps des administrateurs de l\u2019Insee. Apr\u00e8s un passage \u00e0 la DG Tr\u00e9sor, il a rejoint le d\u00e9partement de la conjoncture de l\u2019Insee.","link":"https:\/\/variances.eu\/?author=500","slug":"bbjai","avatar_urls":{"24":"https:\/\/secure.gravatar.com\/avatar\/527325931a15c5c232e4d5afeebf73580a0bd0d3f786ae187e894298de26325b?s=24&d=mm&r=g","48":"https:\/\/secure.gravatar.com\/avatar\/527325931a15c5c232e4d5afeebf73580a0bd0d3f786ae187e894298de26325b?s=48&d=mm&r=g","96":"https:\/\/secure.gravatar.com\/avatar\/527325931a15c5c232e4d5afeebf73580a0bd0d3f786ae187e894298de26325b?s=96&d=mm&r=g"},"meta":[],"_links":{"self":[{"href":"https:\/\/variances.eu\/index.php?rest_route=\/wp\/v2\/users\/500","targetHints":{"allow":["GET"]}}],"collection":[{"href":"https:\/\/variances.eu\/index.php?rest_route=\/wp\/v2\/users"}]}}