{"id":496,"name":"Charlotte Gardes-Landolfini, J\u00e9r\u00f4me Mathis, Ma\u00eblle Vaille","url":"","description":"Charlotte Gardes-Landolfini est \u00e9conomiste climat au sein du d\u00e9partement des march\u00e9s mon\u00e9taires et des capitaux du FMI.\r\nJ\u00e9r\u00f4me Mathis est professeur en \u00c9conomie et en Finance \u00e0 l\u2019Universit\u00e9 Paris Dauphine-PSL. Il a re\u00e7u le prix \u00ab Jeune chercheur en \u00e9conomie de l'ann\u00e9e \u00bb de la Fondation Banque de France (d\u00e9cern\u00e9 par le gouverneur de la Banque centrale). \r\nMa\u00eblle Vaille est gestionnaire de portefeuille, et sp\u00e9cialiste des questions de politique mon\u00e9taire et de stabilit\u00e9 financi\u00e8re.","link":"https:\/\/variances.eu\/?author=496","slug":"cgljmcvaille","avatar_urls":{"24":"https:\/\/secure.gravatar.com\/avatar\/d71d2af593c24556c38e9dafcbe86146fb8b86e5479f2340b68da0ff6a59b2cf?s=24&d=mm&r=g","48":"https:\/\/secure.gravatar.com\/avatar\/d71d2af593c24556c38e9dafcbe86146fb8b86e5479f2340b68da0ff6a59b2cf?s=48&d=mm&r=g","96":"https:\/\/secure.gravatar.com\/avatar\/d71d2af593c24556c38e9dafcbe86146fb8b86e5479f2340b68da0ff6a59b2cf?s=96&d=mm&r=g"},"meta":[],"_links":{"self":[{"href":"https:\/\/variances.eu\/index.php?rest_route=\/wp\/v2\/users\/496","targetHints":{"allow":["GET"]}}],"collection":[{"href":"https:\/\/variances.eu\/index.php?rest_route=\/wp\/v2\/users"}]}}