{"id":483,"name":"Fran\u00e7ois Etner &amp; Claire Silvant","url":"","description":"Fran\u00e7ois Etner, Ensae (1971), professeur \u00e9m\u00e9rite, Leda, Universit\u00e9 Paris Dauphine-PSL ; Claire Silvant, ma\u00eetresse de conf\u00e9rences, Triangle, Universit\u00e9 Lumi\u00e8re Lyon 2. \r\nLes deux ont publi\u00e9 en 2017 une Histoire de la pens\u00e9e \u00e9conomique en France, chez Economica, et ils ont continu\u00e9 \u00e0 s\u2019int\u00e9resser \u00e0 Cl\u00e9mence Royer.","link":"https:\/\/variances.eu\/?author=483","slug":"fecsilvant","avatar_urls":{"24":"https:\/\/secure.gravatar.com\/avatar\/2030ced2ca3f1abc09ae9aa538d0634588c1ffa7969a10d039ec9fc02205e4e4?s=24&d=mm&r=g","48":"https:\/\/secure.gravatar.com\/avatar\/2030ced2ca3f1abc09ae9aa538d0634588c1ffa7969a10d039ec9fc02205e4e4?s=48&d=mm&r=g","96":"https:\/\/secure.gravatar.com\/avatar\/2030ced2ca3f1abc09ae9aa538d0634588c1ffa7969a10d039ec9fc02205e4e4?s=96&d=mm&r=g"},"meta":[],"_links":{"self":[{"href":"https:\/\/variances.eu\/index.php?rest_route=\/wp\/v2\/users\/483","targetHints":{"allow":["GET"]}}],"collection":[{"href":"https:\/\/variances.eu\/index.php?rest_route=\/wp\/v2\/users"}]}}