{"id":481,"name":"Olivier Renault","url":"","description":"Docteur en \u00e9cologie,\r\nDepuis 2020 : Charg\u00e9 d\u2019\u00e9tudes agriculture et for\u00eat \u00e0 l\u2019Agence r\u00e9gionale de la biodiversit\u00e9 en Ile-de-France \/ Institut Paris Region,\r\n2005-2020 : Charg\u00e9 de missions biodiversit\u00e9 au D\u00e9partement de Seine-et-Marne,\r\n2001-2004 : Enseignant-chercheur contractuel \u00e0 l\u2019AgroParisTech","link":"https:\/\/variances.eu\/?author=481","slug":"orenault","avatar_urls":{"24":"https:\/\/secure.gravatar.com\/avatar\/785a9b7fb5f324e40b676170ef60767cf23dba8136267c59b7fccda7286c0fc1?s=24&d=mm&r=g","48":"https:\/\/secure.gravatar.com\/avatar\/785a9b7fb5f324e40b676170ef60767cf23dba8136267c59b7fccda7286c0fc1?s=48&d=mm&r=g","96":"https:\/\/secure.gravatar.com\/avatar\/785a9b7fb5f324e40b676170ef60767cf23dba8136267c59b7fccda7286c0fc1?s=96&d=mm&r=g"},"meta":[],"_links":{"self":[{"href":"https:\/\/variances.eu\/index.php?rest_route=\/wp\/v2\/users\/481","targetHints":{"allow":["GET"]}}],"collection":[{"href":"https:\/\/variances.eu\/index.php?rest_route=\/wp\/v2\/users"}]}}