{"id":478,"name":"Inmaculada Mart\u00ednez-Zarzoso, Tha\u00eds N\u00fa\u00f1ez Rocha &amp; Chahir Zaki","url":"","description":"Inmaculada Mart\u00ednez-Zarzoso est Professeure \u00e0 l'Universit\u00e9 de G\u00f6ttingen et \u00e0 l'Universit\u00e9 Jaume I.\r\nTha\u00eds N\u00fa\u00f1ez Rocha est Ma\u00eetresse de Conf\u00e9rences \u00e0 l'Universit\u00e9 d'Orl\u00e9ans, au Laboratoire d\u2019\u00e9conomie d\u2019Orl\u00e9ans.\r\nChahir Zaki est Professeur titulaire d\u2019une chaire d\u2019\u00e9conomie \u00e0 l\u2019Universit\u00e9 d\u2019Orl\u00e9ans, au Laboratoire d\u2019\u00e9conomie d\u2019Orl\u00e9ans et \u00e0 l\u2019Economic Research Forum.","link":"https:\/\/variances.eu\/?author=478","slug":"imztnrczaki","avatar_urls":{"24":"https:\/\/secure.gravatar.com\/avatar\/82bea8492ff5887481b2220999b411d0bf0f917652e6c4adc91633ef5d999ec1?s=24&d=mm&r=g","48":"https:\/\/secure.gravatar.com\/avatar\/82bea8492ff5887481b2220999b411d0bf0f917652e6c4adc91633ef5d999ec1?s=48&d=mm&r=g","96":"https:\/\/secure.gravatar.com\/avatar\/82bea8492ff5887481b2220999b411d0bf0f917652e6c4adc91633ef5d999ec1?s=96&d=mm&r=g"},"meta":[],"_links":{"self":[{"href":"https:\/\/variances.eu\/index.php?rest_route=\/wp\/v2\/users\/478","targetHints":{"allow":["GET"]}}],"collection":[{"href":"https:\/\/variances.eu\/index.php?rest_route=\/wp\/v2\/users"}]}}