{"id":461,"name":"Aur\u00e9lien Daubaire","url":"","description":"Aur\u00e9lien Daubaire est actuellement chef du d\u00e9partement des Prix \u00e0 la consommation et des Enqu\u00eates m\u00e9nages \u00e0 l\u2019Insee.","link":"https:\/\/variances.eu\/?author=461","slug":"adaubaire","avatar_urls":{"24":"https:\/\/secure.gravatar.com\/avatar\/5c9e9262cb99504038990712b25f8796540e916a846780ce3bbd71c0e71b7913?s=24&d=mm&r=g","48":"https:\/\/secure.gravatar.com\/avatar\/5c9e9262cb99504038990712b25f8796540e916a846780ce3bbd71c0e71b7913?s=48&d=mm&r=g","96":"https:\/\/secure.gravatar.com\/avatar\/5c9e9262cb99504038990712b25f8796540e916a846780ce3bbd71c0e71b7913?s=96&d=mm&r=g"},"meta":[],"_links":{"self":[{"href":"https:\/\/variances.eu\/index.php?rest_route=\/wp\/v2\/users\/461","targetHints":{"allow":["GET"]}}],"collection":[{"href":"https:\/\/variances.eu\/index.php?rest_route=\/wp\/v2\/users"}]}}