{"id":427,"name":"Alexandre Bourgeois, Rapha\u00ebl Lafrogne-Joussier, Matthieu Lequien &amp; Pierre Ralle","url":"","description":"Alexandre Bourgeois (ENSAI 2002), Rapha\u00ebl Lafrogne-Joussier (ENSAE 2020), Matthieu Lequien (ENSAE 2010), et Pierre Ralle (ENSAE 1986) sont \u00e9conomistes au d\u00e9partement des \u00e9tudes \u00e9conomiques de l\u2019Insee.","link":"https:\/\/variances.eu\/?author=427","slug":"abrlmlpralle","avatar_urls":{"24":"https:\/\/secure.gravatar.com\/avatar\/8596113dcbf586c7ede63a4a808b9736a13efcce96cb2398b1b67b9063e37580?s=24&d=mm&r=g","48":"https:\/\/secure.gravatar.com\/avatar\/8596113dcbf586c7ede63a4a808b9736a13efcce96cb2398b1b67b9063e37580?s=48&d=mm&r=g","96":"https:\/\/secure.gravatar.com\/avatar\/8596113dcbf586c7ede63a4a808b9736a13efcce96cb2398b1b67b9063e37580?s=96&d=mm&r=g"},"meta":[],"_links":{"self":[{"href":"https:\/\/variances.eu\/index.php?rest_route=\/wp\/v2\/users\/427","targetHints":{"allow":["GET"]}}],"collection":[{"href":"https:\/\/variances.eu\/index.php?rest_route=\/wp\/v2\/users"}]}}