{"id":423,"name":"Pascal Blanqu\u00e9","url":"","description":"Pascal Blanqu\u00e9 d\u00e9bute sa carri\u00e8re en 1991 au sein de la gestion institutionnelle et priv\u00e9e chez Paribas o\u00f9 il occupe notamment le poste de Directeur adjoint de la recherche \u00e9conomique entre 1997 et 2000. Il rejoint ensuite le groupe Cr\u00e9dit Agricole o\u00f9 il est nomm\u00e9 Directeur des \u00e9tudes \u00e9conomiques et Chef \u00c9conomiste jusqu\u2019en 2005.\r\n\r\nDirecteur des Investissements et Responsable des plateformes de gestion d\u2019 Amundi (ex Cr\u00e9dit Agricole Asset Management) de 2005 \u00e0 2022, il prend \u00e9galement la direction du P\u00f4le Institutionnel et de la Distribution Tiers de 2010 \u00e0 2017. Il est nomm\u00e9 Chairman de l'Amundi Institute et devient membre du Comit\u00e9 de Direction et du Comit\u00e9 Ex\u00e9cutif d'Amundi en f\u00e9vrier 2022. \r\n\r\nEn tant qu\u2019\u00e9conomiste et historien Pascal Blanqu\u00e9 est l\u2019auteur de nombreuses contributions. Son travail de recherche porte sur les sujets mon\u00e9taires, le fonctionnement des march\u00e9s financiers et les fondements philosophiques de l\u2019\u00e9conomie. Il est membre de plusieurs Think Tanks tels que la Soci\u00e9t\u00e9 d\u2019Economie Politique, le Club 300, le MSCI Advisory Council et le Comit\u00e9 Bretton Woods.\r\n\r\nPascal a \u00e9t\u00e9 nomm\u00e9 \u00ab CIO europ\u00e9en de l\u2019ann\u00e9e \u00bb en 2013, 2018 et 2021 par Funds Europe. Il est \u00e9galement laur\u00e9at du Prix 2016 \u00ab European Manager Lifetime Achievement Award \u00bb d\u00e9cern\u00e9 par Institutional Investor. Son ouvrage \u00ab 10 semaines en Covid-19 \u2013 Psych\u00e9, monnaie et narratifs \u2013 Une interpr\u00e9tation de la crise \u00bb a obtenu le prix \u00ab Turgot d\u2019\u00e9conomie financi\u00e8re \u00bb en 2022.\r\n\r\nPascal Blanqu\u00e9 est ancien \u00e9l\u00e8ve de l\u2019\u00c9cole Normale Sup\u00e9rieure. Il est dipl\u00f4m\u00e9 de l\u2019IEP Paris et Docteur en Sciences de Gestion de l\u2019Universit\u00e9 Paris-Dauphine.","link":"https:\/\/variances.eu\/?author=423","slug":"pblanque","avatar_urls":{"24":"https:\/\/secure.gravatar.com\/avatar\/ff5e72fecda9f7070e052530d19823f885afce4c07cdc9d7c0726307a780f623?s=24&d=mm&r=g","48":"https:\/\/secure.gravatar.com\/avatar\/ff5e72fecda9f7070e052530d19823f885afce4c07cdc9d7c0726307a780f623?s=48&d=mm&r=g","96":"https:\/\/secure.gravatar.com\/avatar\/ff5e72fecda9f7070e052530d19823f885afce4c07cdc9d7c0726307a780f623?s=96&d=mm&r=g"},"meta":[],"_links":{"self":[{"href":"https:\/\/variances.eu\/index.php?rest_route=\/wp\/v2\/users\/423","targetHints":{"allow":["GET"]}}],"collection":[{"href":"https:\/\/variances.eu\/index.php?rest_route=\/wp\/v2\/users"}]}}