{"id":359,"name":"Marc Ribi\u00e8re &amp; S\u00e9bastien Pelissier","url":"","description":"Marc Ribi\u00e8re : Embauch\u00e9 \u00e0 EDF au sein des Etudes Economiques G\u00e9n\u00e9rales, y conduit des \u00e9tudes relatives \u00e0 l\u2019\u00e9quilibre offre-demande d\u2019\u00e9lectricit\u00e9 et \u00e0 la programmation des investissements d\u2019\u00e9quipements de production. Au sein de la Direction des Etudes et Recherches d\u2019EDF dirige une \u00e9quipe analysant le comportement des consommateurs d\u2019\u00e9lectricit\u00e9 et d\u00e9veloppant des mod\u00e8les \u00e9conom\u00e9triques de pr\u00e9vision de courbe de charge de la client\u00e8le EDF. \r\nA partir de 1998,  travaille tout particuli\u00e8rement sur la s\u00e9paration entre les activit\u00e9s r\u00e9seau et production du syst\u00e8me \u00e9lectrique. A partir des ann\u00e9es 2000, dirige plusieurs entit\u00e9s op\u00e9rationnelles en charge de la gestion de l\u2019\u00e9quilibre offre-demande du p\u00e9rim\u00e8tre EDF, actuellement Directeur de la Direction Optimisation Amont Aval, Trading d\u2019EDF.\r\n\r\nS\u00e9bastien Pelissier : S\u00e9bastien a travaill\u00e9 dans de nombreuses entit\u00e9s d'EDF notamment en  Recherche et D\u00e9veloppement sur des projets de d\u00e9veloppement de la mobilit\u00e9 \u00e9lectrique et des parcs \u00e9olien en mer. Apr\u00e8s un passage de 5 ans dans la filiales d'EDF au Royaume-Uni il a rejoint la DOAAT en 2015. S\u00e9bastien pilote d\u00e9sormais un service de valorisation de la donn\u00e9es de cette direction d\u00e9di\u00e9e \u00e0 l'optimisation de l'\u00e9quilibre offre demande \u00e9lectrique d'EDF SA.","link":"https:\/\/variances.eu\/?author=359","slug":"mrspelissier","avatar_urls":{"24":"https:\/\/secure.gravatar.com\/avatar\/9ccda4fc81bbe8997bf43302ed008123a414fc1a2f6629a618d9a3fa851509b7?s=24&d=mm&r=g","48":"https:\/\/secure.gravatar.com\/avatar\/9ccda4fc81bbe8997bf43302ed008123a414fc1a2f6629a618d9a3fa851509b7?s=48&d=mm&r=g","96":"https:\/\/secure.gravatar.com\/avatar\/9ccda4fc81bbe8997bf43302ed008123a414fc1a2f6629a618d9a3fa851509b7?s=96&d=mm&r=g"},"meta":[],"_links":{"self":[{"href":"https:\/\/variances.eu\/index.php?rest_route=\/wp\/v2\/users\/359","targetHints":{"allow":["GET"]}}],"collection":[{"href":"https:\/\/variances.eu\/index.php?rest_route=\/wp\/v2\/users"}]}}