{"id":345,"name":"G\u00e9rard Lang","url":"","description":"G\u00e9rard Lang est retrait\u00e9 de l\u2019INSEE, o\u00f9 il a \u00e9t\u00e9 chef-adjoint du d\u00e9partement de la coordination statistique.\r\nIl a aussi \u00e9t\u00e9 le repr\u00e9sentant du ministre de l\u2019\u00e9conomie au sein du Groupe interminist\u00e9riel des normes (GIN) de 1994 \u00e0 2010, et pr\u00e9sident de l\u2019Autorit\u00e9 de mise \u00e0 jour de la norme ISO 3166 du 1er octobre 2006 au 1er octobre 2014.","link":"https:\/\/variances.eu\/?author=345","slug":"glang","avatar_urls":{"24":"https:\/\/secure.gravatar.com\/avatar\/e6a32bbca0fa4ea0e35cd0be5ddb797d73afbc5181039485b9f9efd7cf89358a?s=24&d=mm&r=g","48":"https:\/\/secure.gravatar.com\/avatar\/e6a32bbca0fa4ea0e35cd0be5ddb797d73afbc5181039485b9f9efd7cf89358a?s=48&d=mm&r=g","96":"https:\/\/secure.gravatar.com\/avatar\/e6a32bbca0fa4ea0e35cd0be5ddb797d73afbc5181039485b9f9efd7cf89358a?s=96&d=mm&r=g"},"meta":[],"_links":{"self":[{"href":"https:\/\/variances.eu\/index.php?rest_route=\/wp\/v2\/users\/345","targetHints":{"allow":["GET"]}}],"collection":[{"href":"https:\/\/variances.eu\/index.php?rest_route=\/wp\/v2\/users"}]}}