{"id":329,"name":"Jean-Paul Milot","url":"","description":"Ancien charg\u00e9 de mission \u00e0 l'Insee, ancien secr\u00e9taire g\u00e9n\u00e9ral du conseil national de la comptabilit\u00e9 et du conseil de normalisation des comptes publics.","link":"https:\/\/variances.eu\/?author=329","slug":"jpmilot","avatar_urls":{"24":"https:\/\/secure.gravatar.com\/avatar\/0cbcdeb12f0c6e6966849737321cdea5d54fc89a09798dc790be31abc961f014?s=24&d=mm&r=g","48":"https:\/\/secure.gravatar.com\/avatar\/0cbcdeb12f0c6e6966849737321cdea5d54fc89a09798dc790be31abc961f014?s=48&d=mm&r=g","96":"https:\/\/secure.gravatar.com\/avatar\/0cbcdeb12f0c6e6966849737321cdea5d54fc89a09798dc790be31abc961f014?s=96&d=mm&r=g"},"meta":[],"_links":{"self":[{"href":"https:\/\/variances.eu\/index.php?rest_route=\/wp\/v2\/users\/329","targetHints":{"allow":["GET"]}}],"collection":[{"href":"https:\/\/variances.eu\/index.php?rest_route=\/wp\/v2\/users"}]}}