{"id":30,"name":"Alain Grandjean","url":"","description":"Dipl\u00f4m\u00e9 de l\u2019Ecole Polytechnique et de l\u2019Ensae (1980), \u00e9conomiste, auteur de nombreux ouvrages, il est fondateur et associ\u00e9 de la soci\u00e9t\u00e9 de conseil Carbone 4. Il est coauteur avec Pascal Canfin du rapport \u00ab Mobiliser les financements pour le climat \u00bb remis au pr\u00e9sident de la R\u00e9publique en juin 2015. Voir aussi le blog d\u2019Alain Grandjean : https:\/\/alaingrandjean.fr\/","link":"https:\/\/variances.eu\/?author=30","slug":"agrandjean","avatar_urls":{"24":"https:\/\/secure.gravatar.com\/avatar\/23e24e7250cad7823b3c145efd61cb5a59926c0e27743c8d9cb92420f1fb0f40?s=24&d=mm&r=g","48":"https:\/\/secure.gravatar.com\/avatar\/23e24e7250cad7823b3c145efd61cb5a59926c0e27743c8d9cb92420f1fb0f40?s=48&d=mm&r=g","96":"https:\/\/secure.gravatar.com\/avatar\/23e24e7250cad7823b3c145efd61cb5a59926c0e27743c8d9cb92420f1fb0f40?s=96&d=mm&r=g"},"meta":[],"_links":{"self":[{"href":"https:\/\/variances.eu\/index.php?rest_route=\/wp\/v2\/users\/30","targetHints":{"allow":["GET"]}}],"collection":[{"href":"https:\/\/variances.eu\/index.php?rest_route=\/wp\/v2\/users"}]}}