{"id":29,"name":"Franck Von Lennep","url":"","description":"ENSAE 95, directeur de recherche, des \u00e9tudes, de l\u2019\u00e9valuation et des statistiques (DREES) au minist\u00e8re des affaires sociales et de la sant\u00e9 depuis 2012, il a exerc\u00e9 diff\u00e9rentes fonctions dans le champ social, notamment charg\u00e9 de mission au Conseil d'orientation des retraites, responsable du d\u00e9partement de la strat\u00e9gie \u00e0 la Caisse nationale d\u2019assurance maladie, secr\u00e9taire g\u00e9n\u00e9ral du Haut Conseil de la famille, responsable du p\u00f4le Comptes sociaux au cabinet du ministre des Comptes publics.","link":"https:\/\/variances.eu\/?author=29","slug":"fvonlennep","avatar_urls":{"24":"https:\/\/secure.gravatar.com\/avatar\/3a07bb55f944ac7a61b3c78e86c17898b9be146f04e855759e604929cc28f411?s=24&d=mm&r=g","48":"https:\/\/secure.gravatar.com\/avatar\/3a07bb55f944ac7a61b3c78e86c17898b9be146f04e855759e604929cc28f411?s=48&d=mm&r=g","96":"https:\/\/secure.gravatar.com\/avatar\/3a07bb55f944ac7a61b3c78e86c17898b9be146f04e855759e604929cc28f411?s=96&d=mm&r=g"},"meta":[],"_links":{"self":[{"href":"https:\/\/variances.eu\/index.php?rest_route=\/wp\/v2\/users\/29","targetHints":{"allow":["GET"]}}],"collection":[{"href":"https:\/\/variances.eu\/index.php?rest_route=\/wp\/v2\/users"}]}}