{"id":28,"name":"Fran\u00e7ois-Marie Br\u00e9on","url":"","description":"Fran\u00e7ois-Marie Br\u00e9on est chercheur au Laboratoire des Sciences du Climat et de l\u2019Environnement, un des laboratoires de l\u2019IPSL. Sa sp\u00e9cialit\u00e9 initiale est l\u2019utilisation des satellites pour observer et comprendre le climat de la Terre.  Il a ensuite abord\u00e9 d\u2019autres th\u00e9matiques, en particulier le bilan d\u2019\u00e9nergie de la Terre et le cycle du carbone.  Il a contribu\u00e9 \u00e0 l\u2019\u00e9criture du chapitre \u00ab For\u00e7ages radiatifs naturels et d\u2019origine anthropique \u00bb du 5e rapport du GIEC ainsi que du \u201cR\u00e9sum\u00e9 pour les d\u00e9cideurs\u201d.","link":"https:\/\/variances.eu\/?author=28","slug":"fmbreon","avatar_urls":{"24":"https:\/\/secure.gravatar.com\/avatar\/591004525f8ebf8ec3625a384a34e547ced85e3078ce96a06ff6de36642dbcbf?s=24&d=mm&r=g","48":"https:\/\/secure.gravatar.com\/avatar\/591004525f8ebf8ec3625a384a34e547ced85e3078ce96a06ff6de36642dbcbf?s=48&d=mm&r=g","96":"https:\/\/secure.gravatar.com\/avatar\/591004525f8ebf8ec3625a384a34e547ced85e3078ce96a06ff6de36642dbcbf?s=96&d=mm&r=g"},"meta":[],"_links":{"self":[{"href":"https:\/\/variances.eu\/index.php?rest_route=\/wp\/v2\/users\/28","targetHints":{"allow":["GET"]}}],"collection":[{"href":"https:\/\/variances.eu\/index.php?rest_route=\/wp\/v2\/users"}]}}