{"id":271,"name":"Alice Mainguen\u00e9","url":"","description":"Alice Mainguen\u00e9 est attach\u00e9e statisticienne principale au sein du service statistique minist\u00e9riel des collectivit\u00e9s territoriales. Elle a \u00e9galement travaill\u00e9 \u00e0 l'insee, comme charg\u00e9e d'\u00e9tudes sur les in\u00e9galit\u00e9s de genre.","link":"https:\/\/variances.eu\/?author=271","slug":"almainguene","avatar_urls":{"24":"https:\/\/secure.gravatar.com\/avatar\/9f7d76ea938d310f8bfdc1c480225a4c40ea36373f1a68768fb6838e1229c560?s=24&d=mm&r=g","48":"https:\/\/secure.gravatar.com\/avatar\/9f7d76ea938d310f8bfdc1c480225a4c40ea36373f1a68768fb6838e1229c560?s=48&d=mm&r=g","96":"https:\/\/secure.gravatar.com\/avatar\/9f7d76ea938d310f8bfdc1c480225a4c40ea36373f1a68768fb6838e1229c560?s=96&d=mm&r=g"},"meta":[],"_links":{"self":[{"href":"https:\/\/variances.eu\/index.php?rest_route=\/wp\/v2\/users\/271","targetHints":{"allow":["GET"]}}],"collection":[{"href":"https:\/\/variances.eu\/index.php?rest_route=\/wp\/v2\/users"}]}}