{"id":263,"name":"Jean-Fran\u00e7ois Royer","url":"","description":"ENSAE 1970. Jean-Fran\u00e7ois Royer a fait toute sa carri\u00e8re \u00e0 l\u2019INSEE o\u00f9 il a \u00e9t\u00e9 notamment chef du d\u00e9partement de l\u2019action r\u00e9gionale. Il est retrait\u00e9 depuis 2010 et s\u2019est investi dans le groupe \u00ab Statistique et enjeux publics \u00bb de la Soci\u00e9t\u00e9 fran\u00e7aise de statistique.","link":"https:\/\/variances.eu\/?author=263","slug":"jfroyer","avatar_urls":{"24":"https:\/\/secure.gravatar.com\/avatar\/2f8c7ff9071deff01e0d952a61752879eb7b9df2a57df8f8405ba2e068590aaf?s=24&d=mm&r=g","48":"https:\/\/secure.gravatar.com\/avatar\/2f8c7ff9071deff01e0d952a61752879eb7b9df2a57df8f8405ba2e068590aaf?s=48&d=mm&r=g","96":"https:\/\/secure.gravatar.com\/avatar\/2f8c7ff9071deff01e0d952a61752879eb7b9df2a57df8f8405ba2e068590aaf?s=96&d=mm&r=g"},"meta":[],"_links":{"self":[{"href":"https:\/\/variances.eu\/index.php?rest_route=\/wp\/v2\/users\/263","targetHints":{"allow":["GET"]}}],"collection":[{"href":"https:\/\/variances.eu\/index.php?rest_route=\/wp\/v2\/users"}]}}