{"id":249,"name":"Philippe Tassi et G\u00e9rard Bouvier","url":"","description":"Philippe Tassi est Ensae 1972 et Directeur G\u00e9n\u00e9ral Adjoint de M\u00e9diam\u00e9trie ; G\u00e9rard Bouvier est Ensae 2005.","link":"https:\/\/variances.eu\/?author=249","slug":"ptassigbouvier","avatar_urls":{"24":"https:\/\/secure.gravatar.com\/avatar\/d83994dafeaf8b89b7c0c69756994043124b8f79538a9fa52658c19c5b8e8af1?s=24&d=mm&r=g","48":"https:\/\/secure.gravatar.com\/avatar\/d83994dafeaf8b89b7c0c69756994043124b8f79538a9fa52658c19c5b8e8af1?s=48&d=mm&r=g","96":"https:\/\/secure.gravatar.com\/avatar\/d83994dafeaf8b89b7c0c69756994043124b8f79538a9fa52658c19c5b8e8af1?s=96&d=mm&r=g"},"meta":[],"_links":{"self":[{"href":"https:\/\/variances.eu\/index.php?rest_route=\/wp\/v2\/users\/249","targetHints":{"allow":["GET"]}}],"collection":[{"href":"https:\/\/variances.eu\/index.php?rest_route=\/wp\/v2\/users"}]}}