{"id":222,"name":"Eric Dufeil","url":"","description":"N\u00e9 \u00e0 Paris en 1951, Eric Dufeil a pass\u00e9 l'essentiel de sa vie professionnelle comme fonctionnaire \u00e0 la Commission europ\u00e9enne.(pendant 35 ans). Il y a notamment \u00e9t\u00e9 responsable du FEDER (fonds de d\u00e9veloppement r\u00e9gional) pour l'Espagne et pour l'Allemagne.","link":"https:\/\/variances.eu\/?author=222","slug":"edufeil","avatar_urls":{"24":"https:\/\/secure.gravatar.com\/avatar\/34c686f94c978a440724023e0786f0f3da7b845792ec4e5c51588e3c2cd844ad?s=24&d=mm&r=g","48":"https:\/\/secure.gravatar.com\/avatar\/34c686f94c978a440724023e0786f0f3da7b845792ec4e5c51588e3c2cd844ad?s=48&d=mm&r=g","96":"https:\/\/secure.gravatar.com\/avatar\/34c686f94c978a440724023e0786f0f3da7b845792ec4e5c51588e3c2cd844ad?s=96&d=mm&r=g"},"meta":[],"_links":{"self":[{"href":"https:\/\/variances.eu\/index.php?rest_route=\/wp\/v2\/users\/222","targetHints":{"allow":["GET"]}}],"collection":[{"href":"https:\/\/variances.eu\/index.php?rest_route=\/wp\/v2\/users"}]}}