{"id":205,"name":"Didier Blanchet","url":"","description":"Didier Blanchet (X75 et ENSAE 1980) a d\u00e9but\u00e9 sa carri\u00e8re comme chercheur \u00e0 l\u2019Institut national des \u00e9tudes d\u00e9mographiques. Il l\u2019a quitt\u00e9 pour l\u2019Insee en 1993, o\u00f9 son dernier poste a \u00e9t\u00e9 celui de directeur des \u00e9tudes et synth\u00e8ses \u00e9conomiques. Il a pr\u00e9sid\u00e9 le Comit\u00e9 de suivi des retraites de 2019 \u00e0 2024. Il est actuellement chercheur associ\u00e9 \u00e0 l\u2019IPP et \u00e0 la Chaire \u00ab Mesures de l\u2019Economie \u00bb de la Paris School of Economics.","link":"https:\/\/variances.eu\/?author=205","slug":"dblanchet","avatar_urls":{"24":"https:\/\/secure.gravatar.com\/avatar\/c2d911a9c88e937ea147969bc89073b82e487041970b8f6bff86dac4a15d1176?s=24&d=mm&r=g","48":"https:\/\/secure.gravatar.com\/avatar\/c2d911a9c88e937ea147969bc89073b82e487041970b8f6bff86dac4a15d1176?s=48&d=mm&r=g","96":"https:\/\/secure.gravatar.com\/avatar\/c2d911a9c88e937ea147969bc89073b82e487041970b8f6bff86dac4a15d1176?s=96&d=mm&r=g"},"meta":[],"_links":{"self":[{"href":"https:\/\/variances.eu\/index.php?rest_route=\/wp\/v2\/users\/205","targetHints":{"allow":["GET"]}}],"collection":[{"href":"https:\/\/variances.eu\/index.php?rest_route=\/wp\/v2\/users"}]}}