{"id":188,"name":"Achille Warnant","url":"","description":"Achille WARNANT est doctorant en sciences sociales \u00e0 l'EHESS (G\u00e9ographie Cit\u00e9s) et coordinateur pour la Fondation Jean-Jaur\u00e8s du cycle de r\u00e9flexion consacr\u00e9 aux villes moyennes.","link":"https:\/\/variances.eu\/?author=188","slug":"awarnant","avatar_urls":{"24":"https:\/\/secure.gravatar.com\/avatar\/ca4afc4c542448acc4eb58586f82fcde19c5dcc5c75304e0e37123a9ea5716d3?s=24&d=mm&r=g","48":"https:\/\/secure.gravatar.com\/avatar\/ca4afc4c542448acc4eb58586f82fcde19c5dcc5c75304e0e37123a9ea5716d3?s=48&d=mm&r=g","96":"https:\/\/secure.gravatar.com\/avatar\/ca4afc4c542448acc4eb58586f82fcde19c5dcc5c75304e0e37123a9ea5716d3?s=96&d=mm&r=g"},"meta":[],"_links":{"self":[{"href":"https:\/\/variances.eu\/index.php?rest_route=\/wp\/v2\/users\/188","targetHints":{"allow":["GET"]}}],"collection":[{"href":"https:\/\/variances.eu\/index.php?rest_route=\/wp\/v2\/users"}]}}