{"id":181,"name":"Philippe Desfoss\u00e9s","url":"","description":"Directeur g\u00e9n\u00e9ral de l\u2019ERAFP","link":"https:\/\/variances.eu\/?author=181","slug":"pdesfosses","avatar_urls":{"24":"https:\/\/secure.gravatar.com\/avatar\/41cc504ed4f666f66ac22b29894dfb437098fcb9224529fd376acd0d6b51d16b?s=24&d=mm&r=g","48":"https:\/\/secure.gravatar.com\/avatar\/41cc504ed4f666f66ac22b29894dfb437098fcb9224529fd376acd0d6b51d16b?s=48&d=mm&r=g","96":"https:\/\/secure.gravatar.com\/avatar\/41cc504ed4f666f66ac22b29894dfb437098fcb9224529fd376acd0d6b51d16b?s=96&d=mm&r=g"},"meta":[],"_links":{"self":[{"href":"https:\/\/variances.eu\/index.php?rest_route=\/wp\/v2\/users\/181","targetHints":{"allow":["GET"]}}],"collection":[{"href":"https:\/\/variances.eu\/index.php?rest_route=\/wp\/v2\/users"}]}}