{"id":178,"name":"Cl\u00e9mence Vidal de la Blache","url":"","description":"Cl\u00e9mence Vidal de la Blache est directrice adjointe de l\u2019Agence Fran\u00e7aise de D\u00e9veloppement (AFD) en Inde. Elle a auparavant travaill\u00e9 six ans comme chef de projet D\u00e9veloppement Urbain \u00e0 l\u2019AFD, notamment sur le financement des collectivit\u00e9s et des politiques publiques locales en Afrique du Sud. \r\n\r\nCet article a \u00e9t\u00e9 adapt\u00e9 d\u2019un m\u00e9moire soumis dans le cadre d\u2019un Dipl\u00f4me Interuniversitaire sur le Grand Paris d\u00e9velopp\u00e9 par l\u2019\u00c9cole d\u2019Urbanisme de Paris et l\u2019Institut d\u2019Urbanisme d\u2019Ile de France.","link":"https:\/\/variances.eu\/?author=178","slug":"cvidal","avatar_urls":{"24":"https:\/\/secure.gravatar.com\/avatar\/d559996152f6e09ef920371aceeaebc49b8aca04f4e2271079c1f0016905ea61?s=24&d=mm&r=g","48":"https:\/\/secure.gravatar.com\/avatar\/d559996152f6e09ef920371aceeaebc49b8aca04f4e2271079c1f0016905ea61?s=48&d=mm&r=g","96":"https:\/\/secure.gravatar.com\/avatar\/d559996152f6e09ef920371aceeaebc49b8aca04f4e2271079c1f0016905ea61?s=96&d=mm&r=g"},"meta":[],"_links":{"self":[{"href":"https:\/\/variances.eu\/index.php?rest_route=\/wp\/v2\/users\/178","targetHints":{"allow":["GET"]}}],"collection":[{"href":"https:\/\/variances.eu\/index.php?rest_route=\/wp\/v2\/users"}]}}