{"id":154,"name":"Michel Fansten","url":"","description":"Michel Fansten (X-ENSAE 1965) est administrateur honoraire de l\u2019INSEE. \r\n\r\nApr\u00e8s avoir \u00e9t\u00e9 en poste \u00e0 l\u2019INSEE, il s\u2019est orient\u00e9 vers le secteur culturel, alternant des responsabilit\u00e9s dans le secteur public (Minist\u00e8re de la Culture ; Institut National de l\u2019audiovisuel ; Conseil Sup\u00e9rieur de l\u2019Audiovisuel ; Cour des Comptes) et le secteur priv\u00e9 (Hachette ; MK2).\r\n\r\nLa mise en perspective du d\u00e9bat entre Turgot et Necker sur la question de l\u2019aide sociale, trouve son origine dans une \u00e9tude r\u00e9alis\u00e9e pour le Cr\u00e9dit Municipal de Paris \u00ab Du Mont-de-pi\u00e9t\u00e9 au Cr\u00e9dit municipal de Paris \/ L\u2019histoire \u00e9conomique de la France, vue des pauvres \u00bb. Cette \u00e9tude faisait suite \u00e0 un article paru en 2006 dans Le Courrier des statistiques : \u00ab L\u2019activit\u00e9 du pr\u00eat sur gage en France : un bon indicateur conjoncturel de la situation \u00e9conomique des m\u00e9nages \u00bb.","link":"https:\/\/variances.eu\/?author=154","slug":"mfansten","avatar_urls":{"24":"https:\/\/secure.gravatar.com\/avatar\/39a7cb968dd936176862028df60a8681c9c2b31296004a30d82a76dbc4732c4f?s=24&d=mm&r=g","48":"https:\/\/secure.gravatar.com\/avatar\/39a7cb968dd936176862028df60a8681c9c2b31296004a30d82a76dbc4732c4f?s=48&d=mm&r=g","96":"https:\/\/secure.gravatar.com\/avatar\/39a7cb968dd936176862028df60a8681c9c2b31296004a30d82a76dbc4732c4f?s=96&d=mm&r=g"},"meta":[],"_links":{"self":[{"href":"https:\/\/variances.eu\/index.php?rest_route=\/wp\/v2\/users\/154","targetHints":{"allow":["GET"]}}],"collection":[{"href":"https:\/\/variances.eu\/index.php?rest_route=\/wp\/v2\/users"}]}}