{"id":8828,"date":"2025-10-01T07:30:51","date_gmt":"2025-10-01T05:30:51","guid":{"rendered":"https:\/\/variances.eu\/?p=8828"},"modified":"2025-10-01T09:01:49","modified_gmt":"2025-10-01T07:01:49","slug":"de-benevole-sportive-a-senatrice-entretien-avec-christine-lavarde","status":"publish","type":"post","link":"https:\/\/variances.eu\/?p=8828","title":{"rendered":"De b\u00e9n\u00e9vole sportive \u00e0 s\u00e9natrice : entretien avec Christine Lavarde"},"content":{"rendered":"<p><em>R\u00e9aliser cet entretien a \u00e9t\u00e9 un grand plaisir. J\u2019ai \u00e9t\u00e9 rapidement plong\u00e9e dans le parcours de Christine o\u00f9 l\u2019engagement b\u00e9n\u00e9vole, la rigueur acad\u00e9mique et la passion pour le service public se conjuguent. Quand Christine me raconte que son admission au Corps des Ponts est intervenue \u00e0 la fin de son ann\u00e9e \u00e0 l\u2019ENSAE, l\u2019emp\u00eachant d\u2019effectuer le stage de validation exig\u00e9 pour l\u2019obtention du dipl\u00f4me, cela me para\u00eet incongru tellement Christine a le go\u00fbt des maths, le sens de l\u2019\u00e9conomie et la rigueur des \u00e9conomistes-statisticiens. Je vous livre son portrait.<\/em><\/p>\n<p><strong><span style=\"color: #0000ff;\">Peux-tu nous rappeler les grandes lignes de ton parcours acad\u00e9mique et professionnel ?<\/span><\/strong><\/p>\n<p>En terminale, j\u2019\u00e9tais passionn\u00e9e par les math\u00e9matiques, l\u2019histoire-g\u00e9ographie et la philosophie. Malgr\u00e9 mes bons r\u00e9sultats en physique, mon professeur de math\u00e9matiques estimait que j\u2019avais le profil pour HEC. J\u2019ai donc int\u00e9gr\u00e9 la pr\u00e9pa HEC \u00e0 Henri IV, option math\u00e9matiques, m\u00eame si le commerce ne m\u2019int\u00e9ressait pas vraiment. J\u2019avais pr\u00e9vu de poursuivre une licence de math\u00e9matiques \u00e0 Dauphine en cas d\u2019\u00e9chec.<\/p>\n<p>Finalement, j\u2019ai \u00e9t\u00e9 admise \u00e0 l\u2019ENS, o\u00f9 j\u2019ai suivi une bi-licence en sociologie et \u00e9conom\u00e9trie, tout en int\u00e9grant une licence de math\u00e9matiques \u00e0 Dauphine. Ne souhaitant pas devenir professeure, j\u2019ai int\u00e9gr\u00e9 l\u2019\u00c9cole d\u2019\u00e9conomie pour y suivre un master. En parall\u00e8le de ma deuxi\u00e8me ann\u00e9e de master, j\u2019ai int\u00e9gr\u00e9 l\u2019ENSAE en troisi\u00e8me ann\u00e9e, choisissant la voie actuariat pour son approche math\u00e9matique et sa dimension informatique. J\u2019avais particuli\u00e8rement aim\u00e9 coder en Turbo Pascal en classe pr\u00e9pa, je me suis passionn\u00e9e pour le S et le R \u00e0 l\u2019ENSAE\u00a0!<br \/>\n\u00c0 l\u2019ENSAE, j\u2019\u00e9tais avec les \u00e9l\u00e8ves de la promo 2007\u00a0; j\u2019y ai rencontr\u00e9 mon mari ainsi que de nombreux amis, dont certains sont devenus parrain ou t\u00e9moin de mariage. Ce r\u00e9seau d\u2019amiti\u00e9s a \u00e9t\u00e9 pr\u00e9cieux et durable. \u00c0 la sortie de l\u2019ENSAE, j\u2019ai directement int\u00e9gr\u00e9 le corps des Ponts, sans pouvoir faire le stage de fin de 3<sup>\u00e8me<\/sup> ann\u00e9e attendu des \u00e9l\u00e8ves de l\u2019ENSAE.<\/p>\n<p>Choisir le corps des Ponts \u00e9tait atypique pour une \u00e9l\u00e8ve avec mon parcours, tr\u00e8s \u00e9conomique mais pas assez scientifique pour suivre les cours de g\u00e9nie des mat\u00e9riaux. On m\u2019a propos\u00e9 de faire une th\u00e8se mais je n\u2019imaginais pas rester 3 ans \u00e0 travailler sur un sujet, pour le pr\u00e9senter \u00e0 5 personnes\u2026J\u2019ai finalement suivi le mast\u00e8red\u2019action publique, o\u00f9 j\u2019ai r\u00e9alis\u00e9 un travail de recherche sur les partenariats public-priv\u00e9, croisant les regards \u00e9conomiques, sociologiques et actuariels. Ce travail a \u00e9t\u00e9 salu\u00e9 pour son originalit\u00e9. J\u2019aurais bien aim\u00e9 que ce m\u00e9moire soit aussi reconnu comme m\u00e9moire de fin de 3<sup>\u00e8me<\/sup> ann\u00e9e mais il manquait malheureusement d\u2019un peu de contenu math\u00e9matique au regard des attendus de la direction de l\u2019\u00e9cole.<\/p>\n<p><strong><span style=\"color: #0000ff;\">Et alors commence ta vie administrative\u00a0?<\/span><\/strong><\/p>\n<p>Effectivement, je prends alors un poste au minist\u00e8re des Transports, o\u00f9 j\u2019\u00e9tais en charge de l\u2019intermodalit\u00e9 : mise en place des autoroutes de la mer et ferroviaires, visant \u00e0 transf\u00e9rer les camions vers le rail et les bateaux. Ce poste s\u2019inscrivait dans la continuit\u00e9 de mes travaux sur les partenariats public-priv\u00e9.<\/p>\n<p>J\u2019ai ensuite \u00e9t\u00e9 nomm\u00e9e chef de d\u00e9partement \u00e0 la Commission de r\u00e9gulation de l\u2019\u00e9nergie (CRE). Lors du dernier entretien de recrutement \u00e0 la CRE, je me rappelle que le Pr\u00e9sident m\u2019a interrog\u00e9e sur ma pratique du triathlon, sur mes performances en course \u00e0 pied et en v\u00e9lo (il avait lui-m\u00eame un v\u00e9lo dans son bureau). R\u00e9trospectivement j\u2019ai eu l\u2019impression que cette discussion sur la pers\u00e9v\u00e9rance, la rigueur et le sens de l\u2019effort avait compt\u00e9 pour mon recrutement \u2013 je n\u2019avais alors que 26 ans et j\u2019entrais dans une administration o\u00f9 les postes \u00e9taient plut\u00f4t occup\u00e9s par des ing\u00e9nieurs du corps des Mines avec plus d\u2019exp\u00e9rience professionnelle.<\/p>\n<p><strong><span style=\"color: #0000ff;\">Comment ton engagement b\u00e9n\u00e9vole a-t-il influenc\u00e9 ton parcours politique ?<\/span><\/strong><\/p>\n<p>Je suis n\u00e9e dans une famille qui a la tradition de ce que j\u2019appellerais l\u2019\u00e9conomie d\u2019\u00e9change. Mon grand-p\u00e8re s\u2019occupait du comit\u00e9 des f\u00eates, ma grand-m\u00e8re \u00e9tait b\u00e9n\u00e9vole pour le club du 3<sup>\u00e8me<\/sup> \u00e2ge, ils donnaient beaucoup de temps aux autres et c\u2019est assez naturel pour moi d\u2019\u00eatre b\u00e9n\u00e9vole. Je l\u2019ai \u00e9t\u00e9 d\u00e8s l\u2019adolescence dans mon club de badminton puis dans mon club de triathlon.<\/p>\n<p>A l\u2019occasion d\u2019un \u00e9change avec le futur maire de Boulogne-Billancourt, j\u2019ai pr\u00e9sent\u00e9 quelques id\u00e9es concr\u00e8tes sur les activit\u00e9s sportives. Il les a trouv\u00e9es pertinentes et m\u2019a propos\u00e9 de rejoindre son \u00e9quipe. C\u2019est ainsi que j\u2019ai \u00e9t\u00e9 \u00e9lue conseill\u00e8re municipale en 2008 en charge de l\u2019animation sportive.<\/p>\n<p>En 2012, on m\u2019a propos\u00e9 de prendre en charge la gestion du budget de la ville. Aux \u00e9lections municipales de 2014, je suis devenue maire-adjointe en charge des finances.<\/p>\n<p>Pour les \u00e9lections s\u00e9natoriales de 2017, les maires des Hauts-de-Seine avaient constitu\u00e9 une liste. Le maire de Boulogne-Billancourt ne souhaitait pas se pr\u00e9senter et l\u2019\u00e9quipe municipale m\u2019a d\u00e9sign\u00e9e pour \u00eatre candidate. C\u2019est ainsi que j\u2019ai \u00e9t\u00e9 \u00e9lue s\u00e9natrice des Hauts-de-Seine, devenant la plus jeune femme \u00e9lue au S\u00e9nat. J\u2019ai int\u00e9gr\u00e9 la commission des finances, et mon profil technique et administratif a \u00e9t\u00e9 un atout.<\/p>\n<p>Je suis toujours b\u00e9n\u00e9vole sportive \u00e0 Boulogne-Billancourt, j\u2019ai d\u2019ailleurs\u00a0 obtenu un dipl\u00f4me d\u2019\u00e9ducatrice f\u00e9d\u00e9rale l\u2019ann\u00e9e derni\u00e8re. Cela m\u2019a d\u2019ailleurs valu un moment plut\u00f4t amusant : lors d\u2019une visite du S\u00e9nat par des \u00e9l\u00e8ves de primaire, l\u2019un d\u2019eux s\u2019est exclam\u00e9 \u00ab\u00a0mais c\u2019est ma prof de piscine\u00a0\u00bb\u00a0!<\/p>\n<p>On me demande parfois si j\u2019avais planifi\u00e9 de devenir s\u00e9natrice. La r\u00e9ponse est non. J\u2019ai toujours \u00e9t\u00e9 engag\u00e9e, que ce soit dans le sport, la vie associative ou professionnelle. C\u2019est cette implication constante qui m\u2019a conduite \u00e0 des responsabilit\u00e9s croissantes, et aussi l\u2019envie d\u2019\u00eatre utile tout en restant fid\u00e8le \u00e0 mes convictions.<\/p>\n<p><strong><span style=\"color: #0000ff;\">La technique et la rationalit\u00e9 semblent parfois oppos\u00e9s \u00e0 l\u2019action politique\u00a0: comment concilies-tu les deux\u00a0?<\/span><\/strong><\/p>\n<p>J\u2019ai h\u00e9rit\u00e9 de ma formation d\u2019ing\u00e9nieure et d\u2019\u00e9conomiste une approche tr\u00e8s rationnelle.<\/p>\n<p>A la mairie, que ce soit pour la tarification des services publics ou l\u2019analyse budg\u00e9taire, je pars toujours des donn\u00e9es et je r\u00e9alise des simulations pour proposer des solutions \u00e9quitables et compr\u00e9hensibles. Mais la technique ne suffit pas. Il faut r\u00e9ussir \u00e0 embarquer les autres autour de ces solutions, en racontant l\u2019histoire et en expliquant les choix.<\/p>\n<p>Au S\u00e9nat, les dossiers sont instruits par des administrateurs et je travaille beaucoup avec eux. Ils sont parfois surpris que je r\u00e9\u00e9crive des pages de rapports, mais pour moi c\u2019est une \u00e9vidence car le rapport final portera mon nom.<\/p>\n<p><strong><span style=\"color: #0000ff;\">Comment arrives-tu \u00e0 concilier engagement politique, vie professionnelle et personnelle ?<\/span><\/strong><\/p>\n<p>Je m\u2019organise et bien s\u00fbr je fais des choix. Ma vie n\u2019a pas beaucoup chang\u00e9 depuis que je suis s\u00e9natrice\u00a0: je continue \u00e0 faire du sport, \u00e0 m\u2019investir dans le b\u00e9n\u00e9volat, \u00e0 participer \u00e0 la vie scolaire de mes enfants, \u00e0 me d\u00e9placer en v\u00e9lo, \u00e0 passer mes vacances d\u2019\u00e9t\u00e9 en Normandie, \u00e0 me baigner quel que soit le temps, \u00e0 faire des confitures\u2026<\/p>\n<p>J\u2019ai malheureusement moins le temps de lire mais j\u2019essaie de creuser les sujets d\u2019actualit\u00e9 parlementaire. Cet \u00e9t\u00e9 mes lectures ont port\u00e9 sur l\u2019\u00e9cologie, l\u2019\u00e9nergie, la fin de vie.<\/p>\n<p><strong><span style=\"color: #0000ff;\">As-tu rencontr\u00e9 des obstacles li\u00e9s \u00e0 ton \u00e2ge ou \u00e0 ton genre dans tes fonctions ?<\/span><\/strong><\/p>\n<p>En 2017 j\u2019\u00e9tais la benjamine du S\u00e9nat, ce qui n\u2019\u00e9tait pas arriv\u00e9e depuis longtemps \u00e0 mon groupe politique\u00a0! Et j\u2019ai un parcours assur\u00e9ment atypique par rapport \u00e0 des s\u00e9nateurs qui ont d\u2019abord eu une vie politique locale tr\u00e8s engag\u00e9e. J\u2019ai souvent \u00e9t\u00e9 encourag\u00e9e et r\u00e9compens\u00e9e de mon implication.<\/p>\n<p>Je ne suis pas une militante f\u00e9ministe. Le vote de la loi Cop\u00e9-Zimmermann, quand j\u2019\u00e9tais adolescente, m\u2019avait d\u2019ailleurs choqu\u00e9e et j\u2019avais \u00e9crit une lettre au journal que je recevais \u00e0 l\u2019\u00e9poque pour protester contre cette loi que je trouvais d\u00e9shonorante pour les femmes\u00a0! Je n\u2019ai pas vraiment chang\u00e9 d\u2019avis sur la question m\u00eame si je suis consciente que sans la loi sur la parit\u00e9, je n\u2019aurais probablement pas \u00e9t\u00e9 la deuxi\u00e8me sur la liste des maires aux \u00e9lections s\u00e9natoriales.<\/p>\n<p>Je suis intervenue dans un d\u00e9bat sur l\u2019\u00e9mancipation des femmes au cours duquel je d\u00e9fendais que les femmes peuvent acc\u00e9der \u00e0 toutes les responsabilit\u00e9s, que la parit\u00e9 est une \u00e9vidence, que c\u2019est aux deux parents d\u2019\u00e9lever les enfants\u2026 Et Dominique M\u00e9da, une sociologue qui participait \u00e9galement au d\u00e9bat, m\u2019a fait ce tr\u00e8s beau compliment que par mon \u00e9nergie, mon parcours, mon entrain je montre aux femmes que c\u2019est possible, qu\u2019il n\u2019y a pas de barri\u00e8re,<\/p>\n<p><strong><span style=\"color: #0000ff;\">J\u2019ai not\u00e9 que tu avais si\u00e9g\u00e9 au conseil immobilier de l\u2019\u00e9tat\u00a0: est-ce que tu nous en dirais quelques mots\u00a0?<\/span><\/strong><\/p>\n<p>Effectivement j\u2019ai si\u00e9g\u00e9 deux ou trois ans au conseil immobilier de l\u2019\u00e9tat, et j\u2019ai d\u2019ailleurs propos\u00e9 sa suppression\u2026 Objectivement, j\u2019ai du mal \u00e0 comprendre pourquoi ce conseil existe \u00e0 c\u00f4t\u00e9 de la direction de l\u2019immobilier de l\u2019Etat. Les r\u00e9unions peuvent \u00eatre passionnantes, avec l\u2019intervention de personnalit\u00e9s tr\u00e8s qualifi\u00e9es, mais est-il pour autant n\u00e9cessaire d\u2019avoir ce conseil dont les avis sont tr\u00e8s peu suivis\u00a0? Cette instance me semble superflue.<\/p>\n<p><strong><span style=\"color: #0000ff;\">Quels conseils aimerais-tu partager avec les alumni et les \u00e9tudiants actuels de l\u2019ENSAE?<\/span><\/strong><\/p>\n<p>Engagez-vous pleinement dans ce que vous entreprenez. Si vous choisissez de vous engager, faites-le vraiment. Restez vous-m\u00eame, fid\u00e8le \u00e0 vos convictions. L\u2019important est d\u2019\u00eatre en accord avec ses choix.<\/p>\n<p style=\"text-align: right;\"><em>Propos recueillis par Priscilla Courn\u00e8de<\/em><\/p>\n","protected":false},"excerpt":{"rendered":"<p>R\u00e9aliser cet entretien a \u00e9t\u00e9 un grand plaisir. J\u2019ai \u00e9t\u00e9 rapidement plong\u00e9e dans le parcours de Christine o\u00f9 l\u2019engagement b\u00e9n\u00e9vole, la rigueur acad\u00e9mique et la passion pour le service public se conjuguent. Quand Christine me raconte que son admission au Corps des Ponts est intervenue \u00e0 la fin de son ann\u00e9e \u00e0 l\u2019ENSAE, l\u2019emp\u00eachant d\u2019effectuer [&hellip;]<\/p>\n","protected":false},"author":522,"featured_media":8830,"comment_status":"open","ping_status":"open","sticky":false,"template":"","format":"standard","meta":{"_et_pb_use_builder":"","_et_pb_old_content":"","_et_gb_content_width":"","_exactmetrics_skip_tracking":false,"_exactmetrics_sitenote_active":false,"_exactmetrics_sitenote_note":"","_exactmetrics_sitenote_category":0,"footnotes":""},"categories":[26],"tags":[],"class_list":["post-8828","post","type-post","status-publish","format-standard","has-post-thumbnail","hentry","category-portraits","et-has-post-format-content","et_post_format-et-post-format-standard"],"_links":{"self":[{"href":"https:\/\/variances.eu\/index.php?rest_route=\/wp\/v2\/posts\/8828","targetHints":{"allow":["GET"]}}],"collection":[{"href":"https:\/\/variances.eu\/index.php?rest_route=\/wp\/v2\/posts"}],"about":[{"href":"https:\/\/variances.eu\/index.php?rest_route=\/wp\/v2\/types\/post"}],"author":[{"embeddable":true,"href":"https:\/\/variances.eu\/index.php?rest_route=\/wp\/v2\/users\/522"}],"replies":[{"embeddable":true,"href":"https:\/\/variances.eu\/index.php?rest_route=%2Fwp%2Fv2%2Fcomments&post=8828"}],"version-history":[{"count":2,"href":"https:\/\/variances.eu\/index.php?rest_route=\/wp\/v2\/posts\/8828\/revisions"}],"predecessor-version":[{"id":8831,"href":"https:\/\/variances.eu\/index.php?rest_route=\/wp\/v2\/posts\/8828\/revisions\/8831"}],"wp:featuredmedia":[{"embeddable":true,"href":"https:\/\/variances.eu\/index.php?rest_route=\/wp\/v2\/media\/8830"}],"wp:attachment":[{"href":"https:\/\/variances.eu\/index.php?rest_route=%2Fwp%2Fv2%2Fmedia&parent=8828"}],"wp:term":[{"taxonomy":"category","embeddable":true,"href":"https:\/\/variances.eu\/index.php?rest_route=%2Fwp%2Fv2%2Fcategories&post=8828"},{"taxonomy":"post_tag","embeddable":true,"href":"https:\/\/variances.eu\/index.php?rest_route=%2Fwp%2Fv2%2Ftags&post=8828"}],"curies":[{"name":"wp","href":"https:\/\/api.w.org\/{rel}","templated":true}]}}