{"id":8738,"date":"2025-06-19T07:08:44","date_gmt":"2025-06-19T05:08:44","guid":{"rendered":"https:\/\/variances.eu\/?p=8738"},"modified":"2025-06-19T08:06:10","modified_gmt":"2025-06-19T06:06:10","slug":"comment-mesurer-levolution-du-pouvoir-dachat-de-lensemble-des-menages","status":"publish","type":"post","link":"https:\/\/variances.eu\/?p=8738","title":{"rendered":"Comment mesurer l\u2019\u00e9volution du pouvoir d\u2019achat de l\u2019ensemble des m\u00e9nages ?"},"content":{"rendered":"<p><em>Avertissement\u00a0: cet article est une reprise d\u2019un <span style=\"text-decoration: underline;\"><span style=\"color: #0000ff; text-decoration: underline;\"><a style=\"color: #0000ff; text-decoration: underline;\" href=\"https:\/\/blog.insee.fr\/mesurer-l-evolution-du-pouvoir-d-achat-des-menages\/\">billet original publi\u00e9 sur le Blog de l\u2019Insee<\/a><\/span><\/span>. Variances remercie les deux auteurs et l\u2019Insee pour avoir accept\u00e9 cette reprise.<\/em><\/p>\n<hr \/>\n<p><strong>Si la crise inflationniste des ann\u00e9es 2022 et 2023 a remis la question du pouvoir d\u2019achat au centre des pr\u00e9occupations des Fran\u00e7ais, elle a aussi raviv\u00e9 les critiques sur la fa\u00e7on de le mesurer. L\u2019Insee mesure l\u2019\u00e9volution du \u00ab\u00a0pouvoir d\u2019achat du revenu disponible des m\u00e9nages par unit\u00e9 de consommation\u00a0\u00bb, qui correspond aux variations du volume de biens et services que le revenu disponible des m\u00e9nages permet d\u2019acheter. Son \u00e9volution tient ainsi compte de la diff\u00e9rence entre l\u2019\u00e9volution du revenu disponible moyen et celle des prix \u00e0 la consommation. Cet indicateur pr\u00e9sente des atouts ind\u00e9niables\u00a0: il tient compte de l\u2019ensemble des revenus des m\u00e9nages, il est disponible rapidement (60 jours apr\u00e8s la fin du trimestre), tout en \u00e9tant conforme au cadre des comptes nationaux. Pour autant, bien que le revenu disponible des m\u00e9nages soit d\u00e9fini par des normes internationales, la m\u00e9thode pour mesurer le pouvoir d\u2019achat n\u2019est pas d\u00e9crite dans les manuels internationaux, elle peut donc faire d\u00e9bat.<\/strong><\/p>\n<p><strong>Toutefois les suggestions parfois formul\u00e9es pour calculer diff\u00e9remment cet indicateur au niveau agr\u00e9g\u00e9, que ce soit sur le champ du revenu pris en compte ou sur le panier de biens et services que ce revenu permet d\u2019acheter, ne permettent pas d\u2019en am\u00e9liorer significativement la mesure. Plut\u00f4t que de le remplacer par un autre indicateur synth\u00e9tique n\u2019ayant pas toutes les qualit\u00e9s attendues, l\u2019Insee fait le choix de diffuser plusieurs indicateurs et d\u2019investir dans diff\u00e9rentes approches pour \u00e9clairer au mieux les multiples facettes du pouvoir d\u2019achat.<\/strong><\/p>\n<p>Comment \u00e9volue le pouvoir d\u2019achat des m\u00e9nages\u00a0? \u00c0 cette question qui tient une place importante dans le d\u00e9bat public, l\u2019Insee r\u00e9pond par diff\u00e9rentes approches, en estimant notamment l\u2019\u00e9volution du pouvoir d\u2019achat pour des cat\u00e9gories particuli\u00e8res de m\u00e9nages et de revenus tel que les salaires du priv\u00e9 ou du public par exemple, mais aussi par la diffusion des indicateurs d\u2019in\u00e9galit\u00e9s, comme des ratios sur la dispersion des niveaux de vie ou encore le taux de pauvret\u00e9. Celui qui retient particuli\u00e8rement l\u2019attention, parce qu\u2019il est diffus\u00e9 rapidement (60\u00a0jours apr\u00e8s chaque trimestre\u00a0\u2013 Insee, 2025) et qu\u2019il concerne l\u2019ensemble des m\u00e9nages et des revenus, c\u2019est \u00ab\u00a0le pouvoir d\u2019achat du <span style=\"text-decoration: underline;\"><span style=\"color: #0000ff;\"><a style=\"color: #0000ff; text-decoration: underline;\" href=\"https:\/\/www.insee.fr\/fr\/metadonnees\/definition\/c1633\">revenu disponible des m\u00e9nages<\/a><\/span><\/span> par <span style=\"text-decoration: underline;\"><span style=\"color: #0000ff;\"><a style=\"color: #0000ff; text-decoration: underline;\" href=\"https:\/\/www.insee.fr\/fr\/metadonnees\/definition\/c1802\">unit\u00e9 de consommation<\/a><\/span><\/span>\u00a0\u00bb, calcul\u00e9 dans le cadre d\u2019analyses \u00e9conomiques des comptes nationaux et qu\u2019on d\u00e9nomme souvent simplement \u00ab\u00a0pouvoir d\u2019achat\u00a0\u00bb.<\/p>\n<p>Cet indicateur global de l\u2019\u00e9volution du pouvoir d\u2019achat, dont la construction est d\u00e9taill\u00e9e dans la suite de ce billet de blog, visant \u00e0 rendre compte de la situation de l\u2019ensemble des m\u00e9nages, r\u00e9pond-il enti\u00e8rement \u00e0 la question pos\u00e9e\u00a0? On peut d\u2019autant plus s\u2019interroger que le ressenti des m\u00e9nages sur l\u2019\u00e9volution de leur pouvoir d\u2019achat peut s\u2019\u00e9loigner de l\u2019indicateur [Tavernier, 2024]. C\u2019est particuli\u00e8rement vrai depuis la pouss\u00e9e inflationniste li\u00e9e \u00e0 la flamb\u00e9e des prix de l\u2019\u00e9nergie et ce n\u2019est pas la premi\u00e8re fois\u00a0: le passage \u00e0 l\u2019euro avait aussi conduit \u00e0 une divergence durable entre ressenti et mesure statistique [Accardo et <em>alii<\/em>, 2007]. L\u2019Insee avait alors fourni des \u00e9l\u00e9ments d\u2019explication, produit de nouveaux indicateurs tels que le revenu arbitrable, les d\u00e9penses contraintes ou pr\u00e9-engag\u00e9es. Ceux-ci sont moins pertinents pour mesurer le pouvoir d\u2019achat, mais plus proches du ressenti afin d\u2019\u00e9tablir un pont entre ce que per\u00e7oivent les m\u00e9nages de leur pouvoir d\u2019achat et sa mesure statistique [Blanchet 2020\u00a0; Germain, 2024].<\/p>\n<p>Face aux critiques raviv\u00e9es avec la crise inflationniste, il faut rappeler le cadre conceptuel et les choix m\u00e9thodologiques qui sous-tendent la mesure du \u00ab\u00a0pouvoir d\u2019achat\u00a0\u00bb telle qu\u2019elle est \u00e9tablie par l\u2019Insee. M\u00eame si certaines critiques sur ces choix sont pertinentes, nous verrons qu\u2019aucune ne permet de construire un indicateur plus solide et qu\u2019elles ne permettent pas d\u2019expliquer les diff\u00e9rences des derni\u00e8res ann\u00e9es avec le ressenti des m\u00e9nages. On peut lui reprocher n\u00e9anmoins d\u2019\u00eatre seulement un indicateur synth\u00e9tique ne permettant pas de d\u00e9crire les situations individuelles [Angel, 2023]\u00a0; il doit donc \u00eatre compl\u00e9t\u00e9 par des analyses selon des cat\u00e9gories de m\u00e9nages, en particulier selon leur niveau de revenus [Andr\u00e9 et <em>al.<\/em>, 2024]. L\u2019Insee investit en ce sens et produit r\u00e9guli\u00e8rement des r\u00e9sultats et des analyses, mais la disponibilit\u00e9 des sources n\u00e9cessaires \u00e0 ces travaux engendre un d\u00e9lai de quelques ann\u00e9es, si bien que ce sont plut\u00f4t les \u00e9volutions du pouvoir d\u2019achat qui sont comment\u00e9es dans l\u2019analyse conjoncturelle.<\/p>\n<h3>Le \u00ab\u00a0pouvoir d\u2019achat\u00a0\u00bb, c\u2019est quoi\u00a0?<\/h3>\n<p>Le \u00ab\u00a0pouvoir d\u2019achat\u00a0\u00bb est un terme introduit pour la premi\u00e8re fois par l\u2019\u00e9conomiste Adam Smith au XVIIIe\u00a0si\u00e8cle pour expliquer la puissance que procure la richesse\u00a0: elle permet d\u2019acheter le travail des autres. Depuis, ce terme est pass\u00e9 dans le langage courant et est particuli\u00e8rement utilis\u00e9 dans le d\u00e9bat public en France. Comment le d\u00e9finir\u00a0?<\/p>\n<p>La d\u00e9finition propos\u00e9e par l\u2019Insee est tr\u00e8s large\u00a0: le pouvoir d\u2019achat correspond au volume de biens et services qu\u2019un revenu permet d\u2019acheter. En \u00e9tablir la mesure n\u00e9cessite de r\u00e9pondre \u00e0 plusieurs questions\u00a0: quel revenu consid\u00e9rer (salaire, b\u00e9n\u00e9fices des ind\u00e9pendants, prestations\u2026)\u00a0? Sur quel p\u00e9rim\u00e8tre (revenus individuels ou du m\u00e9nage)\u00a0? Sur quels biens et services (uniquement de la consommation ou \u00e9galement les d\u00e9penses d\u2019investissement en logement)\u00a0? Toutefois le ressenti des m\u00e9nages peut s\u2019\u00e9carter de cet indicateur\u00a0: les situations des Fran\u00e7ais sont diverses et expliquent en partie les tensions qui apparaissent d\u00e8s qu\u2019un indicateur synth\u00e9tique tente de r\u00e9sumer des \u00e9volutions individuelles. En outre, les m\u00e9nages sont plus sensibles \u00e0 certaines composantes du pouvoir d\u2019achat que l\u2019indicateur objectif. Ils donnent par exemple plus de poids \u00e0 l\u2019\u00e9volution des prix sur leurs achats fr\u00e9quents qu\u2019ils ne p\u00e8sent en r\u00e9alit\u00e9 dans le total de leur consommation. D\u00e9j\u00e0 dans un billet de blog de 2020, l\u2019Insee d\u00e9crivait le travail r\u00e9alis\u00e9 pour permettre de rapprocher les chiffres et le ressenti [Blanchet, 2020], et soulignait les difficult\u00e9s auxquelles il fallait faire face.<\/p>\n<h3>La mesure de l\u2019\u00e9volution du pouvoir d\u2019achat dans les comptes nationaux<\/h3>\n<p>L\u2019\u00e9volution du pouvoir d\u2019achat d\u2019un m\u00e9nage correspond \u00e0 l\u2019\u00e9cart entre l\u2019\u00e9volution des revenus dont il dispose et l\u2019\u00e9volution des prix de ce qu\u2019il ach\u00e8te. Il s\u2019agit donc de d\u00e9finir les notions de revenu et de prix. M\u00eame si la comptabilit\u00e9 nationale s\u2019appuie sur des manuels internationaux pour d\u00e9finir la majeure partie des m\u00e9thodes et des agr\u00e9gats utilis\u00e9s, le pouvoir d\u2019achat n\u2019est pas directement d\u00e9crit dans ces normes internationales. La comptabilit\u00e9 nationale permet toutefois, en s\u2019appuyant sur ses grandeurs, d\u2019en clarifier le concept et de le calculer dans diff\u00e9rents pays et \u00e0 diff\u00e9rentes p\u00e9riodes.<\/p>\n<p>En comptabilit\u00e9 nationale, le revenu disponible est ainsi d\u00e9fini, sur une p\u00e9riode donn\u00e9e, comme le revenu \u00e0 la disposition du m\u00e9nage qu\u2019il peut mobiliser pour consommer sans toucher \u00e0 son patrimoine, c\u2019est-\u00e0-dire sans toucher \u00e0 son \u00e9pargne, vendre des actifs (financiers ou logements) ou accro\u00eetre son endettement. Autrement dit, le revenu disponible est la somme des d\u00e9penses li\u00e9es \u00e0 la consommation et du flux d\u2019\u00e9pargne, ce dernier int\u00e9grant les remboursements du capital. Il est \u00e0 noter que le revenu tel qu\u2019il est d\u00e9fini ici ne tient compte ni des plus ou moins-values li\u00e9es aux actifs, ni des destructions d\u2019actifs dus \u00e0 une catastrophe naturelle par exemple, bien que ces \u00e9v\u00e9nements affectent le patrimoine des m\u00e9nages.<\/p>\n<p>Pour mesurer le revenu disponible d\u2019une ann\u00e9e donn\u00e9e, le comptable national additionne pour l\u2019ensemble des m\u00e9nages toutes les formes de revenus (salaires, revenus des entrepreneurs individuels, dividendes, retraites, prestations ch\u00f4mage, minimums sociaux, indemnit\u00e9s d\u2019assurance dommage, etc.) desquelles il soustrait les d\u00e9penses courantes autres que celles li\u00e9es \u00e0 la consommation (imp\u00f4ts, cotisations sociales, transferts mon\u00e9taires \u00e0 l\u2019\u00e9tranger, dons aux associations, int\u00e9r\u00eats sur les emprunts, ou encore les cotisations d\u2019assurance dommage, etc. \u2013 <em>figure 1<\/em>).<\/p>\n<p>\u00c0 ces flux mon\u00e9taires, le comptable national ajoute des revenus dits imput\u00e9s\u00a0: principalement des loyers que les propri\u00e9taires occupants se versent \u00e0 eux-m\u00eames, ce qui traduit le fait que les propri\u00e9taires occupants, comme les locataires, consomment bien un service de logement. Dans le cas des propri\u00e9taires occupants, ils le produisent eux-m\u00eames.<\/p>\n<p style=\"text-align: center;\"><em>Figure 1\u00a0\u2013 Les principales composantes du revenu disponible des m\u00e9nages<\/em><\/p>\n<div id=\"attachment_8739\" style=\"width: 704px\" class=\"wp-caption aligncenter\"><img loading=\"lazy\" decoding=\"async\" aria-describedby=\"caption-attachment-8739\" class=\"size-full wp-image-8739\" src=\"https:\/\/variances.eu\/wp-content\/uploads\/2025\/06\/f1-1.png\" alt=\"\" width=\"694\" height=\"370\" srcset=\"https:\/\/variances.eu\/wp-content\/uploads\/2025\/06\/f1-1.png 694w, https:\/\/variances.eu\/wp-content\/uploads\/2025\/06\/f1-1-300x160.png 300w, https:\/\/variances.eu\/wp-content\/uploads\/2025\/06\/f1-1-600x320.png 600w\" sizes=\"(max-width: 694px) 100vw, 694px\" \/><p id=\"caption-attachment-8739\" class=\"wp-caption-text\">Source : Insee, comptes de la nation \u2013 base 2020<\/p><\/div>\n<p>Une fois cette masse de revenus estim\u00e9e pour l\u2019ensemble des m\u00e9nages, on la ram\u00e8ne au niveau individuel en divisant par le nombre d\u2019<span style=\"text-decoration: underline;\"><span style=\"color: #0000ff;\"><a style=\"color: #0000ff; text-decoration: underline;\" href=\"https:\/\/www.insee.fr\/fr\/metadonnees\/definition\/c1802\">unit\u00e9s de consommation<\/a><\/span><\/span>, ce qui permet de tenir compte du nombre de m\u00e9nages et de leur taille. Par la suite, dans ce blog, le pouvoir d\u2019achat est syst\u00e9matiquement en unit\u00e9 de consommation.<\/p>\n<p>L\u2019\u00e9volution du pouvoir d\u2019achat est alors calcul\u00e9e comme la diff\u00e9rence entre l\u2019\u00e9volution du revenu disponible moyen et celle des prix. Si le revenu disponible moyen progresse plus vite que les prix, alors le pouvoir d\u2019achat augmente en moyenne\u00a0; dans le cas contraire il diminue. Une nouvelle question s\u2019ouvre alors\u00a0: quels prix choisir et quel panier de consommation\u00a0? Le calcul par l\u2019Insee du pouvoir d\u2019achat du revenu disponible utilise les prix des d\u00e9penses de consommation des m\u00e9nages. Ce choix est discut\u00e9 plus en d\u00e9tail dans la suite de l\u2019article.<\/p>\n<p>Les comptes nationaux permettent ainsi de fournir rapidement un diagnostic d\u2019ensemble sur le pouvoir d\u2019achat, 60\u00a0jours apr\u00e8s la fin du trimestre, ce qui est tr\u00e8s utile.<\/p>\n<h3>Que nous dit cet indicateur sur le pouvoir d\u2019achat des m\u00e9nages\u00a0?<\/h3>\n<p>Depuis le d\u00e9but des ann\u00e9es 2000, le pouvoir d\u2019achat a progress\u00e9 en France de 0,8 % par an en moyenne. Plusieurs p\u00e9riodes se dessinent <em>(figure\u00a02)<\/em>. Le pouvoir d\u2019achat est dynamique en moyenne avant la crise financi\u00e8re de 2008-2009 (+1,7\u00a0% par an), puis celle-ci est suivie d\u2019une p\u00e9riode de baisse du pouvoir d\u2019achat jusqu\u2019en 2013 (-0,3\u00a0% par an). Le pouvoir d\u2019achat repart \u00e0 la hausse de 2014 jusqu\u2019en 2021 (malgr\u00e9 la crise Covid), mais plus modestement qu\u2019avant la crise financi\u00e8re (+1,0\u00a0% par an), pour \u00e0 nouveau stagner en 2022 et 2023 avec la forte inflation. En 2024, le pouvoir d\u2019achat rebondit nettement (+2,1\u00a0%).<\/p>\n<p>&nbsp;<\/p>\n<p style=\"text-align: center;\"><em>Figure 2\u00a0\u2013 \u00c9volution du pouvoir d\u2019achat du revenu disponible brut en unit\u00e9 de consommation depuis 2000<\/em><\/p>\n<div id=\"attachment_8740\" style=\"width: 686px\" class=\"wp-caption aligncenter\"><img loading=\"lazy\" decoding=\"async\" aria-describedby=\"caption-attachment-8740\" class=\"size-full wp-image-8740\" src=\"https:\/\/variances.eu\/wp-content\/uploads\/2025\/06\/F2-1.png\" alt=\"\" width=\"676\" height=\"271\" srcset=\"https:\/\/variances.eu\/wp-content\/uploads\/2025\/06\/F2-1.png 676w, https:\/\/variances.eu\/wp-content\/uploads\/2025\/06\/F2-1-300x120.png 300w, https:\/\/variances.eu\/wp-content\/uploads\/2025\/06\/F2-1-600x241.png 600w\" sizes=\"(max-width: 676px) 100vw, 676px\" \/><p id=\"caption-attachment-8740\" class=\"wp-caption-text\">Source\u00a0: Insee, comptes de la nation \u2013 base 2020<\/p><\/div>\n<h3>Des critiques r\u00e9centes sur la mesure du pouvoir d\u2019achat<\/h3>\n<p>La crise inflationniste qui a suivi le d\u00e9clenchement de la guerre en Ukraine a remis la question du pouvoir d\u2019achat au premier rang des pr\u00e9occupations des Fran\u00e7ais, en m\u00eame temps que certaines critiques. Nous traiterons ici les plus significatives. Du c\u00f4t\u00e9 des revenus, il faudrait selon les cas prendre en compte la \u00ab\u00a0taxe inflationniste\u00a0\u00bb sur l\u2019\u00e9pargne ou se limiter aux salaires. Du c\u00f4t\u00e9 de l\u2019indice des prix, il faudrait inclure les d\u00e9penses d\u2019investissement, mais ne pas tenir compte des changements de comportement d\u2019achat des m\u00e9nages\u00a0; d\u2019autres encore soutiennent que la France se distinguerait des autres pays europ\u00e9ens dans la prise en compte des effets qualit\u00e9 pour les produits \u00e0 forte innovation, conduisant \u00e0 une sous-estimation de l\u2019\u00e9volution des prix.<\/p>\n<p>Concernant le p\u00e9rim\u00e8tre des revenus, certains \u00e9conomistes ont propos\u00e9 de prendre en compte dans le revenu disponible l\u2019\u00e9rosion du patrimoine des m\u00e9nages engendr\u00e9 par l\u2019inflation (notamment Geerolf, 2024). En particulier de prendre en compte les taux d\u2019int\u00e9r\u00eat r\u00e9els dans le calcul du revenu. Par exemple, un m\u00e9nage disposant d\u2019une \u00e9pargne de 5\u00a0000\u00a0euros r\u00e9mun\u00e9r\u00e9e \u00e0 2\u00a0%, tandis que l\u2019inflation est \u00e0 10\u00a0%, a perdu en fin d\u2019ann\u00e9e 400\u00a0euros\u00a0: au revenu qu\u2019il tire de son placement (100\u00a0euros correspondants aux int\u00e9r\u00eats nominaux), il faudrait soustraire l\u2019effet de l\u2019inflation sur son \u00e9pargne, soit 500\u00a0euros (10\u00a0% de 5\u00a0000)\u00a0; c\u2019est la \u00ab\u00a0taxe inflationniste\u00a0\u00bb.<\/p>\n<p>Lorsque le niveau de l\u2019inflation est \u00e0 son niveau tendanciel, le revenu int\u00e9grant la taxe inflationniste est certes plus faible que le revenu disponible. Mais les deux agr\u00e9gats \u00e9voluent \u00e0 peu pr\u00e8s de la m\u00eame fa\u00e7on\u00a0si le taux d\u2019\u00e9pargne des m\u00e9nages est stable. Ainsi, la prise en compte de la taxe inflationniste a tr\u00e8s peu d\u2019effet sur l\u2019\u00e9volution du pouvoir d\u2019achat. Ce n\u2019est que lorsque l\u2019inflation augmente fortement comme cela a \u00e9t\u00e9 le cas en 2022 et 2023, que le pouvoir d\u2019achat prenant en compte la taxe inflationniste est fortement affect\u00e9 \u00e0 la baisse. Mais d\u00e8s qu\u2019on retrouve le niveau d\u2019inflation d\u2019avant-crise, comme c\u2019est le cas en 2024, alors l\u2019effet de la taxe inflationniste dispara\u00eet, entra\u00eenant une hausse tr\u00e8s forte des revenus. En reprenant la situation du m\u00e9nage pris en exemple, si l\u2019ann\u00e9e suivante l\u2019inflation diminue \u00e0 2\u00a0%, la taxe inflationniste passe de 500\u20ac \u00e0 100\u20ac. Ainsi, le pouvoir d\u2019achat (y compris taxe inflationniste) rejoint celui du revenu disponible <em>(figure\u00a03)<\/em>. Les Fran\u00e7ais ne comprendraient sans doute pas qu\u2019on leur annonce une hausse globale du pouvoir d\u2019achat de l\u2019ordre de +6\u00a0% en 2024 (au lieu de 2,1\u00a0% tel que mesur\u00e9 par l\u2019Insee). Au total, si la taxe inflationniste joue un r\u00f4le dans les comportements d\u2019une partie des consommateurs, son ajout n\u2019est pas pertinent pour d\u00e9crire l\u2019\u00e9volution du pouvoir d\u2019achat des m\u00e9nages dans un pays tel que la France. Il l\u2019est possiblement davantage pour d\u00e9crire le niveau de revenu dans des pays soumis de fa\u00e7on durable \u00e0 une forte inflation. Quoi qu\u2019il en soit, le choix de l\u2019Insee est coh\u00e9rent avec les normes europ\u00e9ennes qui n\u2019int\u00e8grent pas de d\u00e9duction de la taxe inflationniste du revenu.<\/p>\n<p style=\"text-align: center;\"><em>Figure 3\u00a0\u2013 Pouvoir d\u2019achat des m\u00e9nages par unit\u00e9 de consommation des m\u00e9nages et prise en compte de la taxe inflationniste<\/em><\/p>\n<div id=\"attachment_8741\" style=\"width: 713px\" class=\"wp-caption aligncenter\"><img loading=\"lazy\" decoding=\"async\" aria-describedby=\"caption-attachment-8741\" class=\"size-full wp-image-8741\" src=\"https:\/\/variances.eu\/wp-content\/uploads\/2025\/06\/F3-1.png\" alt=\"\" width=\"703\" height=\"282\" srcset=\"https:\/\/variances.eu\/wp-content\/uploads\/2025\/06\/F3-1.png 703w, https:\/\/variances.eu\/wp-content\/uploads\/2025\/06\/F3-1-300x120.png 300w, https:\/\/variances.eu\/wp-content\/uploads\/2025\/06\/F3-1-600x241.png 600w\" sizes=\"(max-width: 703px) 100vw, 703px\" \/><p id=\"caption-attachment-8741\" class=\"wp-caption-text\">Note : la taxe inflationniste est calcul\u00e9e comme le produit du taux d\u2019inflation (d\u00e9flateur de d\u00e9pense de consommation des m\u00e9nages) et du patrimoine net des m\u00e9nages susceptible de porter des int\u00e9r\u00eats : essentiellement les d\u00e9p\u00f4ts, les contrats d\u2019assurance-vie en euros, diminu\u00e9s des encours de pr\u00eats immobiliers et \u00e0 la consommation. Source : Insee, comptes de la nation \u2013 base 2020, calculs des auteurs.<\/p><\/div>\n<p>D\u2019autres critiques sont \u00e9mises concernant le revenu utilis\u00e9 dans la d\u00e9finition du pouvoir d\u2019achat. Par exemple, il a \u00e9t\u00e9 propos\u00e9 de limiter le revenu aux seuls <span style=\"text-decoration: underline;\"><span style=\"color: #0000ff;\"><a style=\"color: #0000ff; text-decoration: underline;\" href=\"https:\/\/www.insee.fr\/fr\/metadonnees\/definition\/c1211\">salaires<\/a><\/span><\/span>, pour ne pas avoir justement \u00e0 prendre en compte l\u2019effet de la taxe inflationniste. Le pouvoir d\u2019achat des salaires est \u00e9videmment un indicateur int\u00e9ressant et essentiel \u00e0 l\u2019analyse \u00e9conomique. L\u2019Insee le diffuse chaque ann\u00e9e [Penda Sokhna et Duquesne, 2024]. Mais il ne concerne que les salari\u00e9s et les revenus associ\u00e9s aux salaires, ce qui restreint sa port\u00e9e par rapport au revenu disponible.<\/p>\n<h3>Le choix du d\u00e9flateur doit aussi faire l\u2019objet d\u2019arbitrages<\/h3>\n<p>Pour d\u00e9finir le pouvoir d\u2019achat, il faut se r\u00e9f\u00e9rer \u00e0 un panier de biens et services qu\u2019on peut acheter avec le revenu disponible. Le calcul de l\u2019indice des prix s\u2019inscrivant dans le cadre d\u2019analyse des comptes nationaux, l\u2019Insee a choisi de mesurer l\u2019\u00e9volution en volume de la <span style=\"text-decoration: underline;\"><span style=\"color: #0000ff;\"><a style=\"color: #0000ff; text-decoration: underline;\" href=\"https:\/\/www.insee.fr\/fr\/metadonnees\/definition\/c1322\">d\u00e9pense de consommation des m\u00e9nages<\/a><\/span><\/span> par le <span style=\"text-decoration: underline; color: #0000ff;\"><a style=\"color: #0000ff; text-decoration: underline;\" href=\"https:\/\/www.insee.fr\/fr\/metadonnees\/definition\/c1715\">d\u00e9flateur<\/a><\/span> de la d\u00e9pense de consommation des m\u00e9nages. Ce choix peut \u00eatre critiqu\u00e9 de plusieurs mani\u00e8res\u00a0:<\/p>\n<ul>\n<li>Le revenu disponible brut (RDB) ne permet pas uniquement de consommer, mais \u00e9galement d\u2019\u00e9pargner et en particulier d\u2019acheter un bien immobilier. Le prix de cet investissement devrait donc \u00e9galement \u00eatre pris en compte.\u2022 Le d\u00e9flateur de la d\u00e9pense de consommation des m\u00e9nages sous-estimerait l\u2019inflation par rapport \u00e0 l\u2019indice des prix \u00e0 la consommation (IPC), car le d\u00e9flateur int\u00e9grerait les changements de comportement du consommateur au cours d\u2019une m\u00eame ann\u00e9e \u00e0 la suite d\u2019une hausse des prix (les m\u00e9nages reportant leur consommation sur les produits dont les prix augmentent le moins).\u2022 Enfin, m\u00eame en utilisant l\u2019indice des prix, il est difficile de mesurer le \u00ab\u00a0juste prix\u00a0\u00bb [Daubaire, 2023], c\u2019est-\u00e0-dire l\u2019\u00e9volution des prix \u00e0 qualit\u00e9 comparable. En particulier, sur les produits o\u00f9 les changements de qualit\u00e9 sont tr\u00e8s importants depuis plusieurs ann\u00e9es, les prix en France semblent indiquer une prise en compte plus forte des effets qualit\u00e9 puisqu\u2019ils baissent bien plus vite que dans les autres pays depuis 1995 [Geerolf, 2024]. D\u2019autres travaux consid\u00e8rent au contraire que la hausse des prix est surestim\u00e9e [Aghion et <em>alii<\/em>, 2019], \u00e0 cause de l\u2019insuffisante prise en compte du gain d\u2019utilit\u00e9 apport\u00e9e par les produits innovants.<\/li>\n<\/ul>\n<p>Nous allons voir que la prise en compte de ces questions ne conduirait pas \u00e0 modifier le diagnostic sur les \u00e9volutions du pouvoir d\u2019achat des derni\u00e8res ann\u00e9es, m\u00eame si leurs effets peuvent \u00eatre plus importants sur longue p\u00e9riode.<\/p>\n<p>La prise en compte des <strong>prix de l\u2019immobilier<\/strong> dans la mesure du pouvoir d\u2019achat des m\u00e9nages est un sujet complexe. Il convient de rappeler qu\u2019un achat immobilier est consid\u00e9r\u00e9 en comptabilit\u00e9 nationale comme de l\u2019investissement des m\u00e9nages, ce n\u2019est pas de la consommation. L\u2019augmentation des prix de l\u2019immobilier contribue \u00e0 augmenter le taux d\u2019effort des m\u00e9nages acc\u00e9dants \u00e0 la propri\u00e9t\u00e9, mais dans le m\u00eame temps enrichit les m\u00e9nages d\u00e9j\u00e0 propri\u00e9taires. L\u2019investissement immobilier ne rend compte que du premier ph\u00e9nom\u00e8ne. De surcro\u00eet, il ne le fait que partiellement, car cet agr\u00e9gat se limite aux co\u00fbts de construction, alors que ce sont essentiellement les prix des terrains qui sont \u00e0 l\u2019origine de la hausse des prix de l\u2019immobilier et que l\u2019investissement des m\u00e9nages pris dans leur ensemble retrace essentiellement les transactions dans le neuf, les achats dans l\u2019ancien engendrant bien un investissement pour l\u2019acqu\u00e9reur mais aussi, sym\u00e9triquement (\u00e0 la diff\u00e9rence de prix pr\u00e8s) un d\u00e9sinvestissement pour le vendeur.<\/p>\n<p>Un indicateur conjoncturel de pouvoir d\u2019achat peut difficilement rendre compte des prix de l\u2019immobilier qui jouent sur le cycle de vie\u00a0: l\u2019achat se traduit par des remboursements sur de nombreuses ann\u00e9es, le bien peut s\u2019appr\u00e9cier ou se d\u00e9pr\u00e9cier au cours du temps. Au total, il faudrait r\u00e9affecter tous ces \u00e9l\u00e9ments \u00e0 l\u2019ann\u00e9e d\u2019achat en estimant un co\u00fbt d\u2019opportunit\u00e9 qui reposerait in\u00e9vitablement sur des hypoth\u00e8ses fragiles et discutables. Il vaut donc mieux s\u2019en tenir aux achats que les m\u00e9nages arbitrent sur le court-moyen terme, leurs d\u00e9penses de consommation. Malgr\u00e9 cette forte r\u00e9serve sur l\u2019int\u00e9gration de prix de l\u2019investissement immobilier dans le calcul du pouvoir d\u2019achat, nous indiquons ici qu\u2019elle conduirait \u00e0 diminuer les gains de pouvoir d\u2019achat de 0,1\u00a0point par an entre 2000 et 2024 <em>( figure\u00a04)<\/em>. L\u2019effet n\u2019est pas n\u00e9gligeable, mais reste d\u2019un ordre de grandeur qui ne permet pas de r\u00e9concilier la perception des m\u00e9nages et l\u2019indicateur de pouvoir d\u2019achat.<\/p>\n<p>Sur la question<strong> du champ du d\u00e9flateur \u00e0 utiliser<\/strong>, les critiques ne se limitent pas \u00e0 la prise en compte du prix de l\u2019immobilier et peuvent parfois porter aussi sur le champ du revenu. L\u2019\u00e9volution <strong>de la prise en charge par les pouvoirs publics d\u2019une partie de la consommation des m\u00e9nages<\/strong> (remboursements de soins par exemple) n\u2019est pas dans le d\u00e9flateur de d\u00e9penses de consommation des m\u00e9nages, car ces \u00e9volutions sont trait\u00e9es comme des variations de volume et pas de prix (selon les normes internationales de comptabilit\u00e9 nationale). Par exemple, de moindres remboursements \u00e0 prix du m\u00e9dicament inchang\u00e9 entra\u00eenent une hausse en volume de la d\u00e9pense des m\u00e9nages. Pour les int\u00e9grer dans les \u00e9volutions du pouvoir d\u2019achat, il faut utiliser une notion de revenu plus large qui tient compte de ces transferts en nature fournis aux m\u00e9nages\u00a0: le revenu disponible ajust\u00e9 (cf. <em>infra<\/em> les comparaisons internationales). Les biens et services achet\u00e9s (souvent en partie) par les administrations au profit des m\u00e9nages (les remboursements de m\u00e9dicaments par exemple) ou qu\u2019elles produisent elles-m\u00eames (\u00e9ducation par exemple) sont consid\u00e9r\u00e9s comme un revenu suppl\u00e9mentaire. En contrepartie, les m\u00e9nages consomment en plus des produits qu\u2019ils ach\u00e8tent, la part \u00ab\u00a0financ\u00e9e\u00a0\u00bb par les administrations publiques. L\u2019\u00e9volution du pouvoir d\u2019achat de ce revenu \u00e9tant tr\u00e8s proche de celle du revenu disponible\u00a0sur la p\u00e9riode consid\u00e9r\u00e9e, cette modification ne permet pas, non plus, d\u2019expliquer le hiatus entre perception et indicateur. D\u2019autres questions de champ se posent [Bourgeois et Billot, 2019] mais le d\u00e9flateur de la consommation des m\u00e9nages permet d\u2019\u00eatre le plus coh\u00e9rent possible avec le RDB.<\/p>\n<p style=\"text-align: center;\"><em>Figure 4\u00a0\u2013 Diff\u00e9rentes variantes de calcul du pouvoir d\u2019achat par unit\u00e9 de consommation<\/em><\/p>\n<div id=\"attachment_8742\" style=\"width: 656px\" class=\"wp-caption aligncenter\"><img loading=\"lazy\" decoding=\"async\" aria-describedby=\"caption-attachment-8742\" class=\"size-full wp-image-8742\" src=\"https:\/\/variances.eu\/wp-content\/uploads\/2025\/06\/F4-1.png\" alt=\"\" width=\"646\" height=\"259\" srcset=\"https:\/\/variances.eu\/wp-content\/uploads\/2025\/06\/F4-1.png 646w, https:\/\/variances.eu\/wp-content\/uploads\/2025\/06\/F4-1-300x120.png 300w, https:\/\/variances.eu\/wp-content\/uploads\/2025\/06\/F4-1-600x241.png 600w\" sizes=\"(max-width: 646px) 100vw, 646px\" \/><p id=\"caption-attachment-8742\" class=\"wp-caption-text\">*Note : le revenu disponible brut avec le prix de la FBCF est le RDB divis\u00e9 par le prix agr\u00e9g\u00e9 des d\u00e9penses de consommation et des d\u00e9penses d\u2019investissement des m\u00e9nages en fonction de leur poids respectif dans les d\u00e9penses des m\u00e9nages. Source : Insee, comptes de la nation \u2013 base 2020.<\/p><\/div>\n<p><strong>Les diff\u00e9rences de pond\u00e9ration des \u00e9volutions de prix<\/strong> entre le d\u00e9flateur des d\u00e9penses de consommation des m\u00e9nages et l\u2019indice des prix \u00e0 la consommation jouent relativement peu. Le premier pond\u00e8re les \u00e9volutions de prix par les achats de la p\u00e9riode courante, tandis que le deuxi\u00e8me les pond\u00e8re par les achats de la p\u00e9riode de l\u2019ann\u00e9e pr\u00e9c\u00e9dente (indice de Paasche <em>versus<\/em> indice de Laspeyres). Ainsi le d\u00e9flateur de la d\u00e9pense de consommation prend implicitement en compte les changements de comportement des m\u00e9nages face \u00e0 l\u2019augmentation des prix relatifs\u00a0: ils ach\u00e8tent plut\u00f4t les produits dont le prix progresse le moins, il est donc structurellement en dessous de l\u2019indice des prix \u00e0 la consommation (une fois corrig\u00e9 d\u2019autres sources d\u2019\u00e9cart). Faut-il et comment prendre en compte ces changements de comportement\u00a0? Durant la crise sanitaire la forte baisse des prix des carburants n\u2019a pas \u00e9t\u00e9 prise en compte dans le d\u00e9flateur de la d\u00e9pense de consommation quand les m\u00e9nages, confin\u00e9s, ne se d\u00e9pla\u00e7aient plus\u00a0; cela semble plut\u00f4t raisonnable. \u00c0 l\u2019inverse, on peut vouloir capter l\u2019\u00e9volution pure des prix sans effet de comportement, mais on s\u2019\u00e9loigne alors d\u2019un indice du co\u00fbt de la vie. La r\u00e9ponse n\u2019est pas simple, le manuel international de r\u00e9f\u00e9rence sur les indices de prix consid\u00e8re qu\u2019il faudrait prendre en compte les deux points de vue (indice de Fisher notamment). Sans rentrer dans ce d\u00e9bat, on peut pr\u00e9ciser ici que le choix de pond\u00e9ration des comptes nationaux rel\u00e8ve de normes europ\u00e9ennes commun\u00e9ment admises qui ont le m\u00e9rite de rendre les mesures comparables d\u2019un pays \u00e0 l\u2019autre. En outre, en France, cette agr\u00e9gation selon les achats de l\u2019ann\u00e9e courante dans les comptes nationaux s\u2019op\u00e8re \u00e0 un niveau relativement agr\u00e9g\u00e9 (450\u00a0postes environ en comparaison des 200\u00a0000\u00a0relev\u00e9s mensuels de prix) \u2013 au sein de ces postes ce sont les indices de prix de l\u2019IPC qui sont retenus. Au total l\u2019effet reste donc limit\u00e9 car les changements de comportement des m\u00e9nages au sein de chaque poste sont pris en compte de la m\u00eame fa\u00e7on. L\u2019\u00e9cart entre l\u2019indice des prix \u00e0 la consommation et le d\u00e9flateur de la d\u00e9pense de consommation qu\u2019on peut attribuer au choix des pond\u00e9rations s\u2019\u00e9l\u00e8ve \u00e0 0,07\u00a0% par an sur les 20\u00a0derni\u00e8res ann\u00e9es.<\/p>\n<p>La prise en compte des effets qualit\u00e9 dans les prix semble bien \u00eatre plus importante en France que dans d\u2019autres pays europ\u00e9ens, en particulier dans les services d\u2019information et communication [Giraud et Quevat, 2017\u00a0; Aeberhardt et <em>al.<\/em>, 2020]. Cet \u00e9cart est particuli\u00e8rement important avant 2015, mais depuis, les \u00e9volutions en France sont dans la moyenne des \u00e9volutions des pays europ\u00e9ens. Elles n\u2019influent donc pas sur le diagnostic r\u00e9cent du pouvoir d\u2019achat <em>(figure\u00a05)<\/em>.<\/p>\n<p style=\"text-align: center;\"><em>Figure\u00a05\u00a0\u2013 Indices de prix des services d\u2019information et de communication en Europe<\/em><\/p>\n<div id=\"attachment_8743\" style=\"width: 668px\" class=\"wp-caption aligncenter\"><img loading=\"lazy\" decoding=\"async\" aria-describedby=\"caption-attachment-8743\" class=\"size-full wp-image-8743\" src=\"https:\/\/variances.eu\/wp-content\/uploads\/2025\/06\/F5-1.png\" alt=\"\" width=\"658\" height=\"264\" srcset=\"https:\/\/variances.eu\/wp-content\/uploads\/2025\/06\/F5-1.png 658w, https:\/\/variances.eu\/wp-content\/uploads\/2025\/06\/F5-1-300x120.png 300w, https:\/\/variances.eu\/wp-content\/uploads\/2025\/06\/F5-1-600x241.png 600w\" sizes=\"(max-width: 658px) 100vw, 658px\" \/><p id=\"caption-attachment-8743\" class=\"wp-caption-text\">Source : Eurostat.<\/p><\/div>\n<h3>Le pouvoir d\u2019achat a augment\u00e9 plus vite en France que dans la zone euro depuis 2000<\/h3>\n<p>Si la m\u00e9thodologie associ\u00e9e au calcul du pouvoir d\u2019achat est autant critiqu\u00e9e, c\u2019est en partie li\u00e9 au fait qu\u2019il n\u2019y a pas de d\u00e9finition internationale du pouvoir d\u2019achat. D\u2019autres pays, comme l\u2019Italie ou l\u2019Islande, diffusent dans leurs comptes nationaux un RDB r\u00e9el d\u00e9fini comme un \u00ab\u00a0pouvoir d\u2019achat\u00a0\u00bb (pas forc\u00e9ment calcul\u00e9 par unit\u00e9 de consommation, mais plus souvent par habitant qui est une mesure plus simple \u00e0 estimer). Toutefois, les pratiques de l\u2019Insee sont conformes \u00e0 celles suivies par les organisations internationales (Commission europ\u00e9enne, FMI, OCDE). Ainsi Eurostat, le service statistique de la Commission europ\u00e9enne, ne d\u00e9finit pas directement un pouvoir d\u2019achat, mais diffuse un agr\u00e9gat qui se rapproche du pouvoir d\u2019achat tel que d\u00e9fini par l\u2019Insee\u00a0: l\u2019\u00e9volution du revenu disponible brut ajust\u00e9 r\u00e9el par habitant. Le revenu disponible brut ajust\u00e9 (RDBA) int\u00e8gre en plus du revenu disponible des m\u00e9nages, les transferts sociaux en nature\u00a0; il int\u00e8gre ainsi les biens et services produits ou rembours\u00e9s (au moins en partie) par les administrations publiques qui peuvent fortement diff\u00e9rer d\u2019un pays \u00e0 l\u2019autre et permet de rendre les comparaisons internationales plus coh\u00e9rentes. Mais ce choix peut \u00e9loigner l\u2019agr\u00e9gat du ressenti des m\u00e9nages en int\u00e9grant dans le revenu des m\u00e9nages le co\u00fbt final de services non marchands tels que l\u2019\u00e9ducation et la sant\u00e9. Eurostat utilise le d\u00e9flateur de la d\u00e9pense de consommation pour tenir compte des prix dans son agr\u00e9gat. Enfin, Eurostat estime cet indicateur par habitant et pas par unit\u00e9 de consommation, par souci de simplification pour les comparaisons internationales. Suivant cette grandeur, le pouvoir d\u2019achat a davantage progress\u00e9 en France que dans la moyenne de la zone euro et la plupart des pays depuis 2000 <em>(figure\u00a06)<\/em>\u00a0; son \u00e9volution est tr\u00e8s proche de celle mesur\u00e9e aux Pays-Bas et en Allemagne.<\/p>\n<p style=\"text-align: center;\"><em>Figure 6 \u2013 \u00c9volution du revenu disponible ajust\u00e9 r\u00e9el en Europe<\/em><\/p>\n<div id=\"attachment_8744\" style=\"width: 689px\" class=\"wp-caption aligncenter\"><img loading=\"lazy\" decoding=\"async\" aria-describedby=\"caption-attachment-8744\" class=\"size-full wp-image-8744\" src=\"https:\/\/variances.eu\/wp-content\/uploads\/2025\/06\/F6-1.png\" alt=\"\" width=\"679\" height=\"272\" srcset=\"https:\/\/variances.eu\/wp-content\/uploads\/2025\/06\/F6-1.png 679w, https:\/\/variances.eu\/wp-content\/uploads\/2025\/06\/F6-1-300x120.png 300w, https:\/\/variances.eu\/wp-content\/uploads\/2025\/06\/F6-1-600x240.png 600w\" sizes=\"(max-width: 679px) 100vw, 679px\" \/><p id=\"caption-attachment-8744\" class=\"wp-caption-text\">Source : Eurostat.<\/p><\/div>\n<p style=\"text-align: center;\">* * *<\/p>\n<p>La mesure du pouvoir d\u2019achat dans le cadre des comptes nationaux s\u2019appuie sur des concepts internationaux ayant notamment le m\u00e9rite de rendre possible les comparaisons entre pays. Elles peuvent \u00eatre discut\u00e9es. Toutefois, outre qu\u2019elles ne sauraient s\u2019appliquer uniquement \u00e0 la France, les critiques \u00e9voqu\u00e9es dans ce billet ne sont pas de nature \u00e0 modifier significativement les estimations.<\/p>\n<p>Le pouvoir d\u2019achat estim\u00e9 comme l\u2019\u00e9volution du revenu disponible brut par unit\u00e9 de consommation, d\u00e9flat\u00e9 par les prix des d\u00e9penses de consommation, est un indicateur qui a de nombreux avantages tant sur le champ de la mesure que sur la disponibilit\u00e9 rapide des donn\u00e9es. Cependant, comme tout indicateur synth\u00e9tique, de nombreuses critiques peuvent \u00eatre \u00e9mises puisqu\u2019il ne permet pas de d\u00e9crire toutes les situations individuelles. Plut\u00f4t que d\u2019\u00eatre remplac\u00e9 par un autre indicateur synth\u00e9tique qui n\u2019aurait pas autant de qualit\u00e9s, il doit \u00eatre compl\u00e9t\u00e9 par d\u2019autres indicateurs permettant de mettre en perspectives ses \u00e9volutions. C\u2019est justement ce que fait l\u2019Insee en d\u00e9veloppant des analyses sur le \u00ab niveau de vie \u00e9largi \u00bb qui r\u00e9alloue aux m\u00e9nages les revenus primaires des autres secteurs institutionnels (entreprises et administrations publiques) [Andr\u00e9 et alii, 2024] afin d\u2019\u00e9tudier l\u2019ensemble de la redistribution (mon\u00e9taire et non mon\u00e9taire) op\u00e9r\u00e9e par les administrations publiques pour comprendre les \u00e9volutions de revenus sp\u00e9cifiques aux m\u00e9nages les plus modestes ou les plus ais\u00e9s. Cette approche ne rend pas compte de l\u2019h\u00e9t\u00e9rog\u00e9n\u00e9it\u00e9 des m\u00e9nages, au sein d\u2019une m\u00eame cat\u00e9gorie, mais c\u2019est ind\u00e9niablement un progr\u00e8s. Comprendre et expliquer l\u2019\u00e9cart entre le ressenti et nos indicateurs reste une priorit\u00e9 de l\u2019Insee [Tavernier, 2024].<\/p>\n<hr \/>\n<h3>Pour en savoir plus<\/h3>\n<ul>\n<li>Insee, 2025, \u00ab\u00a0<span style=\"text-decoration: underline;\"><span style=\"color: #0000ff;\"><a style=\"color: #0000ff; text-decoration: underline;\" href=\"https:\/\/www.insee.fr\/fr\/statistiques\/8380129\">Au quatri\u00e8me trimestre 2024, le PIB se replie l\u00e9g\u00e8rement (-0,1\u00a0%) et le pouvoir d\u2019achat des m\u00e9nages marque le pas (+0,0\u00a0% par unit\u00e9 de consommation)\u00a0\u2013 Comptes nationaux trimestriels\u00a0\u2013 r\u00e9sultats d\u00e9taill\u00e9s\u00a0\u2013 quatri\u00e8me trimestre 2024<\/a><\/span><\/span><em>\u00bb<\/em>, <em>Informations rapides<\/em> n\u00b0\u00a055, f\u00e9vrier<\/li>\n<li>Andr\u00e9 M., Carnot N., Larrieu S., Roux S., 2024, \u00ab\u00a0<span style=\"text-decoration: underline;\"><span style=\"color: #0000ff;\"><a style=\"color: #0000ff; text-decoration: underline;\" href=\"https:\/\/blog.insee.fr\/qu-apprend-on-des-comptes-augmentes\/\">Croissance, soutenabilit\u00e9 climatique, redistribution\u00a0: qu\u2019apprend-on des \u00ab\u00a0comptes\u00a0augment\u00e9s\u00a0\u00bb\u00a0?<\/a><\/span><\/span><em>\u00bb<\/em>, <em>Blog de l\u2019Insee<\/em>, novembre<\/li>\n<li>Andr\u00e9 M., Buresi G., Martin H., 2024, \u00ab\u00a0<span style=\"text-decoration: underline;\"><span style=\"color: #0000ff;\"><a style=\"color: #0000ff; text-decoration: underline;\" href=\"https:\/\/www.insee.fr\/fr\/statistiques\/8275760?sommaire=8071406\">Comptes nationaux par cat\u00e9gories de m\u00e9nages en 2022\u00a0\u2013 Transferts mon\u00e9taires et services publics augmentent de 16\u00a0% le niveau de vie au milieu de l\u2019\u00e9chelle<\/a><\/span><\/span><em>\u00bb<\/em>, <em>Insee Premi\u00e8re<\/em> n\u00b0\u00a02022, novembre<\/li>\n<li>Tavernier J-L., 2024, \u00ab\u00a0<span style=\"text-decoration: underline;\"><span style=\"color: #0000ff;\"><a style=\"color: #0000ff; text-decoration: underline;\" href=\"https:\/\/blog.insee.fr\/peut-on-mesurer-le-ressenti-eco-et-socio\/\">Peut-on mesurer le ressenti des ph\u00e9nom\u00e8nes \u00e9conomiques et sociaux\u00a0?<\/a><\/span><\/span>\u00bb, <em>Blog de l\u2019Insee<\/em>, octobre<\/li>\n<li>Penda Sokhna N., Duquesne T., 2024, \u00ab\u00a0<a href=\"https:\/\/www.insee.fr\/fr\/statistiques\/8270416\">L<span style=\"text-decoration: underline;\"><span style=\"color: #0000ff; text-decoration: underline;\">es salaires dans le secteur priv\u00e9 en 2023\u00a0\u2013 L\u2019augmentation des salaires reste inf\u00e9rieure \u00e0 l\u2019inflation<\/span><\/span><\/a><em>\u00bb<\/em>, <em>Insee Premi\u00e8re<\/em> n\u00b0\u00a02020, octobre<\/li>\n<li>Geerolf F., 2024, \u00ab\u00a0<span style=\"text-decoration: underline;\"><span style=\"color: #0000ff;\"><a style=\"color: #0000ff; text-decoration: underline;\" href=\"https:\/\/fgeerolf.com\/taxe-inflationniste.html\">La taxe inflationniste, le pouvoir d\u2019achat, le taux d\u2019\u00e9pargne et le d\u00e9ficit public<\/a><\/span><\/span><em>\u00bb<\/em>, juillet<\/li>\n<li>Germain J-M., 2024, \u00ab\u00a0<span style=\"text-decoration: underline;\"><span style=\"color: #0000ff;\"><a style=\"color: #0000ff; text-decoration: underline;\" href=\"https:\/\/www.insee.fr\/fr\/statistiques\/8199183\">Bien-\u00eatre ressenti et revenu\u00a0: l\u2019argent fait-il le bonheur\u00a0?<\/a><\/span><\/span><em>\u00bb<\/em>, <em>Documents de travail Insee n\u00b0\u00a02024-09<\/em>, juin<\/li>\n<li>Daubaire A., 2023, \u00ab\u00a0<span style=\"text-decoration: underline;\"><span style=\"color: #0000ff;\"><a style=\"color: #0000ff; text-decoration: underline;\" href=\"https:\/\/blog.insee.fr\/comment-l-insee-mesure-t-il-le-juste-prix\/\">Shrinkflation, \u00ab\u00a0effet qualit\u00e9\u00a0\u00bb, \u00e9volution de l\u2019offre de produits\u00a0: comment l\u2019Insee mesure-t-il le juste prix\u00a0?<\/a><\/span><\/span><em>\u00bb<\/em>, <em>Blog de l\u2019Insee<\/em>, d\u00e9cembre<\/li>\n<li>Angel J-W., 2023, \u00ab\u00a0<span style=\"text-decoration: underline; color: #0000ff;\"><a style=\"color: #0000ff; text-decoration: underline;\" href=\"https:\/\/blog.insee.fr\/pour-les-statisticiens-la-moyenne-ne-suffit-pas\/\">Pour les statisticiens, avoir la moyenne ne suffit pas<\/a><\/span><em>\u00bb<\/em>, <em>Blog de l\u2019Insee<\/em>, juillet<\/li>\n<li>Blanchet D., 2020,\u00a0\u00ab\u00a0<span style=\"text-decoration: underline;\"><span style=\"color: #0000ff;\"><a style=\"color: #0000ff; text-decoration: underline;\" href=\"https:\/\/blog.insee.fr\/pouvoir-dachat-et-inegalites-les-chiffres-et-le-ressenti-sont-ils-aussi-divergents-quon-le-dit\/\">Pouvoir d\u2019achat et in\u00e9galit\u00e9s\u00a0: les chiffres et le ressenti sont-ils aussi divergents qu\u2019on le dit\u00a0?<\/a><\/span><\/span><em>\u00bb<\/em>, <em>Blog de l\u2019Insee<\/em>, mars<\/li>\n<li>Ourliac B., 2020, \u00ab\u00a0<span style=\"text-decoration: underline;\"><span style=\"color: #0000ff;\"><a style=\"color: #0000ff; text-decoration: underline;\" href=\"https:\/\/blog.insee.fr\/mais-si-linsee-prend-bien-en-compte-le-logement-dans-linflation-et-au-bon-niveau\/\">Mais si, l\u2019Insee prend bien en compte le logement dans l\u2019inflation\u00a0!<\/a><\/span><\/span><em>\u00bb<\/em>, <em>Blog de l\u2019Insee<\/em>, f\u00e9vrier<\/li>\n<li>Bourgeois A., Billot S., 2019, \u00ab\u00a0<span style=\"text-decoration: underline;\"><span style=\"color: #0000ff;\"><a style=\"color: #0000ff; text-decoration: underline;\" href=\"https:\/\/www.insee.fr\/fr\/statistiques\/4181441?sommaire=4180914\">Quelle(s) mesure(s) du pouvoir d\u2019achat\u00a0?<\/a><\/span><\/span><em>\u00bb<\/em>, <em>Insee R\u00e9f\u00e9rences \u00ab\u00a0L\u2019\u00e9conomie fran\u00e7aise\u00a0\u2013 Comptes et dossiers\u00a0\u00bb<\/em>, juin<\/li>\n<li>Aeberhardt L., Hatier F., Leclair M., Pentinat B., Zafar J-D., 2019,\u00a0\u00ab\u00a0<span style=\"text-decoration: underline;\"><span style=\"color: #0000ff;\"><a style=\"color: #0000ff; text-decoration: underline;\" href=\"https:\/\/www.insee.fr\/fr\/statistiques\/4161481\">L\u2019\u00e9conomie num\u00e9rique fausse-t-elle le partage volume prix du PIB\u00a0?<\/a><\/span><\/span><em>\u00bb<\/em>, <em>Document de travail Insee<\/em> n\u00b0\u00a0F1903-G2019\/04, juin<\/li>\n<li>Aghion P., Bergeaud A., Boppart T., Klenow P. J., Li H., 2019, \u00ab\u00a0<span style=\"text-decoration: underline;\"><span style=\"color: #0000ff;\"><a style=\"color: #0000ff; text-decoration: underline;\" href=\"http:\/\/www.klenow.com\/missing-growth.pdf\">Missing growth from creative destruction<\/a><\/span><\/span>\u00bb , American Economic Review.<\/li>\n<li>Giraud C-J., Qu\u00e9vat B., 2017, \u00ab\u00a0<span style=\"text-decoration: underline;\"><span style=\"color: #0000ff;\"><a style=\"color: #0000ff; text-decoration: underline;\" href=\"https:\/\/www.insee.fr\/fr\/statistiques\/2871885?sommaire=2872027\">Pourquoi la croissance de l\u2019Italie a-t-elle d\u00e9croch\u00e9e depuis 2000 compar\u00e9 \u00e0 la France\u00a0?<\/a><\/span><\/span><em>\u00bb<\/em>, <em>Note de conjoncture Insee<\/em>, juin.<\/li>\n<li>Accardo J., Chevalier P., Forgeot G., Friez A., Gu\u00e9d\u00e8s D., Lenglart F., Passeron V., 2007, \u00ab\u00a0<span style=\"text-decoration: underline;\"><span style=\"color: #0000ff;\"><a style=\"color: #0000ff; text-decoration: underline;\" href=\"https:\/\/www.insee.fr\/fr\/statistiques\/1373149?sommaire=1373158\">La mesure du pouvoir d\u2019achat et sa perception par les m\u00e9nages<\/a><\/span><\/span><em>\u00bb<\/em>, <em>Insee R\u00e9f\u00e9rences \u00ab\u00a0L\u2019\u00e9conomie fran\u00e7aise\u00a0\u2013 Comptes et dossiers\u00a0\u00bb<\/em>, juin.<\/li>\n<\/ul>\n<hr \/>\n<p><em>Les jugements et opinions exprim\u00e9s par les auteurs n\u2019engagent qu\u2019eux m\u00eames, et non les institutions auxquelles ils appartiennent.<\/em><\/p>\n","protected":false},"excerpt":{"rendered":"<p>Avertissement\u00a0: cet article est une reprise d\u2019un billet original publi\u00e9 sur le Blog de l\u2019Insee. Variances remercie les deux auteurs et l\u2019Insee pour avoir accept\u00e9 cette reprise. Si la crise inflationniste des ann\u00e9es 2022 et 2023 a remis la question du pouvoir d\u2019achat au centre des pr\u00e9occupations des Fran\u00e7ais, elle a aussi raviv\u00e9 les critiques [&hellip;]<\/p>\n","protected":false},"author":526,"featured_media":8747,"comment_status":"open","ping_status":"open","sticky":false,"template":"","format":"standard","meta":{"_et_pb_use_builder":"","_et_pb_old_content":"","_et_gb_content_width":"","_exactmetrics_skip_tracking":false,"_exactmetrics_sitenote_active":false,"_exactmetrics_sitenote_note":"","_exactmetrics_sitenote_category":0,"footnotes":""},"categories":[9],"tags":[],"class_list":["post-8738","post","type-post","status-publish","format-standard","has-post-thumbnail","hentry","category-economie","et-has-post-format-content","et_post_format-et-post-format-standard"],"_links":{"self":[{"href":"https:\/\/variances.eu\/index.php?rest_route=\/wp\/v2\/posts\/8738","targetHints":{"allow":["GET"]}}],"collection":[{"href":"https:\/\/variances.eu\/index.php?rest_route=\/wp\/v2\/posts"}],"about":[{"href":"https:\/\/variances.eu\/index.php?rest_route=\/wp\/v2\/types\/post"}],"author":[{"embeddable":true,"href":"https:\/\/variances.eu\/index.php?rest_route=\/wp\/v2\/users\/526"}],"replies":[{"embeddable":true,"href":"https:\/\/variances.eu\/index.php?rest_route=%2Fwp%2Fv2%2Fcomments&post=8738"}],"version-history":[{"count":7,"href":"https:\/\/variances.eu\/index.php?rest_route=\/wp\/v2\/posts\/8738\/revisions"}],"predecessor-version":[{"id":8752,"href":"https:\/\/variances.eu\/index.php?rest_route=\/wp\/v2\/posts\/8738\/revisions\/8752"}],"wp:featuredmedia":[{"embeddable":true,"href":"https:\/\/variances.eu\/index.php?rest_route=\/wp\/v2\/media\/8747"}],"wp:attachment":[{"href":"https:\/\/variances.eu\/index.php?rest_route=%2Fwp%2Fv2%2Fmedia&parent=8738"}],"wp:term":[{"taxonomy":"category","embeddable":true,"href":"https:\/\/variances.eu\/index.php?rest_route=%2Fwp%2Fv2%2Fcategories&post=8738"},{"taxonomy":"post_tag","embeddable":true,"href":"https:\/\/variances.eu\/index.php?rest_route=%2Fwp%2Fv2%2Ftags&post=8738"}],"curies":[{"name":"wp","href":"https:\/\/api.w.org\/{rel}","templated":true}]}}