{"id":8658,"date":"2025-05-09T07:20:29","date_gmt":"2025-05-09T05:20:29","guid":{"rendered":"https:\/\/variances.eu\/?p=8658"},"modified":"2025-05-09T09:01:43","modified_gmt":"2025-05-09T07:01:43","slug":"augmenter-lemploi-pour-augmenter-le-pib-et-retablir-lequilibre-des-finances-possibles","status":"publish","type":"post","link":"https:\/\/variances.eu\/?p=8658","title":{"rendered":"Augmenter l\u2019emploi pour augmenter le PIB et r\u00e9tablir l\u2019\u00e9quilibre des finances"},"content":{"rendered":"<p>Une id\u00e9e fait son chemin dans le d\u00e9bat \u00e9conomique\u00a0: si la France avait le taux d\u2019emploi de l\u2019Allemagne ou des Pays-Bas, elle serait beaucoup plus prosp\u00e8re et ses finances publiques iraient beaucoup mieux.\u00a0 Cette hypoth\u00e8se d\u00e9coule de la d\u00e9composition du PIB entre travail et productivit\u00e9 d\u2019une part, et de la relation quasi-proportionnelle entre le PIB et les recettes publiques d\u2019autre part. Une <span style=\"text-decoration: underline;\"><span style=\"color: #0000ff; text-decoration: underline;\"><a style=\"color: #0000ff; text-decoration: underline;\" href=\"https:\/\/www.rexecode.fr\/competitivite-croissance\/reperes-de-politique-economique\/augmenter-la-quantite-de-travail-en-france-enjeux-et-leviers\">note de Rexecode publi\u00e9e d\u00e9but mars<\/a><\/span><\/span> essaie de quantifier cet effet<a href=\"#_ftn1\" name=\"_ftnref1\">[1]<\/a>.<\/p>\n<p>Le chemin qui va de la hausse du taux d\u2019emploi \u00e0 celle du PIB est moins lin\u00e9aire qu\u2019il ne para\u00eet \u00e0 premi\u00e8re vue. En premier lieu, plus que l\u2019emploi lui-m\u00eame, c\u2019est le volume d\u2019heures travaill\u00e9es qui d\u00e9termine la cr\u00e9ation de richesses. Or les taux d\u2019emploi plus \u00e9lev\u00e9s qu\u2019en France, observ\u00e9s en Allemagne ou aux Pays-Bas, s\u2019accompagnent de volumes d\u2019heures travaill\u00e9es moyens par emploi (salari\u00e9 ou ind\u00e9pendant) plus faibles qu\u2019en France, en raison d\u2019un recours plus important au temps partiel dans ces pays. Au total, le nombre d\u2019heures travaill\u00e9es par actif en \u00e2ge de travailler, c\u2019est-\u00e0-dire \u00e2g\u00e9 de 15 \u00e0 74 ans, pourrait augmenter de 6 % si la France \u00e9galisait avec la moyenne Europ\u00e9enne, et de 9 % avec l\u2019Allemagne ou la Su\u00e8de. C\u2019est significatif, mais bien moindre que ce que l\u2019\u00e9galisation du taux d\u2019emploi laisserait penser. L\u2019analyse faite par le Conseil d\u2019Analyse Economique dans une note \u00e9galement sortie d\u00e9but mars 2025 arrive \u00e0 un ordre de grandeur comparable pour le d\u00e9ficit de quantit\u00e9 de travail<a href=\"#_ftn2\" name=\"_ftnref2\">[2]<\/a>.<\/p>\n<p>Deuxi\u00e8me \u00e9tape du raisonnement, la hausse du nombre d\u2019heures travaill\u00e9es se fera probablement \u00e0 productivit\u00e9 moindre. Plusieurs raisons justifient cette perte de productivit\u00e9, notamment le recours \u00e0 des personnes moins qualifi\u00e9es, moins exp\u00e9riment\u00e9es ou \u00e9loign\u00e9es du march\u00e9 du travail. Ce ph\u00e9nom\u00e8ne de composition de la main d\u2019\u0153uvre est une des explications donn\u00e9es au fort ralentissement de la productivit\u00e9 observ\u00e9 sur la p\u00e9riode r\u00e9cente<a href=\"#_ftn3\" name=\"_ftnref3\">[3]<\/a>. Compte-tenu de ce second effet, travailler collectivement autant que d\u2019autres pays europ\u00e9ens comme l\u2019Allemagne ou la Su\u00e8de augmenterait notre PIB de 3 % \u00e0 5 %. Une note de la DG Tr\u00e9sor pour le COR aboutissait \u00e0 des hausses moindres<a href=\"#_ftn4\" name=\"_ftnref4\">[4]<\/a>.<\/p>\n<p>Avec des si \u2026\u00a0 Le taux d\u2019emploi ne se d\u00e9cr\u00e8te pas et les leviers activer pour l\u2019augmenter peuvent avoir des incidences diff\u00e9rentes sur les finances publiques. Repousser l\u2019\u00e2ge effectif de la retraite est un levier efficace et efficient, d\u2019autant plus que le gros de l\u2019\u00e9cart d\u2019emploi entre la France et ses voisins se situe entre 60 et 64 ans. Le rapport co\u00fbt-b\u00e9n\u00e9fice des autres politiques para\u00eet moins \u00e9vident, compte tenu des montants d\u00e9j\u00e0 mobilis\u00e9s, de l\u2019ordre de 180 milliards d\u2019euros en 2022, et des pi\u00e8tres r\u00e9sultats obtenus jusqu\u2019\u00e0 pr\u00e9sent. A moins de repenser notre mod\u00e8le social, en s\u2019inspirant de ce qui a march\u00e9 \u00e0 l\u2019\u00e9tranger.<\/p>\n<p>En tout \u00e9tat de cause, si la hausse de la quantit\u00e9 de travail aidait \u00e0 r\u00e9sorber notre d\u00e9ficit public qui tutoie d\u00e9sormais les 6 % du PIB, elle ne nous exon\u00e8rerait sans doute pas d\u2019un effort massif sur la d\u00e9pense publique.<\/p>\n<p>&nbsp;<\/p>\n<hr \/>\n<p><a href=\"#_ftnref1\" name=\"_ftn1\">[1]<\/a> <span style=\"text-decoration: underline;\"><span style=\"color: #0000ff;\"><a style=\"color: #0000ff; text-decoration: underline;\" href=\"https:\/\/www.rexecode.fr\/competitivite-croissance\/reperes-de-politique-economique\/augmenter-la-quantite-de-travail-en-france-enjeux-et-leviers\" target=\"_blank\" rel=\"noopener\">https:\/\/www.rexecode.fr\/competitivite-croissance\/reperes-de-politique-economique\/augmenter-la-quantite-de-travail-en-france-enjeux-et-leviers<\/a><\/span><\/span><\/p>\n<p><a href=\"#_ftnref2\" name=\"_ftn2\">[2]<\/a> Voir la note du CAE\u00a0: <span style=\"text-decoration: underline;\"><a href=\"https:\/\/www.cae-eco.fr\/objectif-plein-emploi-pourquoi-et-comment\" target=\"_blank\" rel=\"noopener\"><span style=\"color: #0000ff; text-decoration: underline;\">https:\/\/www.cae-eco.fr\/objectif-plein-emploi-pourquoi-et-comment<\/span><\/a><\/span><\/p>\n<p><a href=\"#_ftnref3\" name=\"_ftn3\">[3]<\/a> Voir la note de l\u2019Insee : <span style=\"text-decoration: underline;\"><span style=\"color: #0000ff;\"><a style=\"color: #0000ff; text-decoration: underline;\" href=\"https:\/\/blog.insee.fr\/la-productivite-du-travail-fr-depuis-la-crise-sanitaire\/\" target=\"_blank\" rel=\"noopener\">https:\/\/blog.insee.fr\/la-productivite-du-travail-fr-depuis-la-crise-sanitaire\/<\/a><\/span><\/span><\/p>\n<p><a href=\"#_ftnref4\" name=\"_ftn4\">[4]<\/a> Voir la note\u00a0intitul\u00e9e\u00a0: Quels seraient les effets sur les finances sociales d\u2019un alignement du taux d\u2019emploi fran\u00e7ais sur celui de l\u2019Allemagne ? <span style=\"text-decoration: underline;\"><span style=\"color: #0000ff;\"><a style=\"color: #0000ff; text-decoration: underline;\" href=\"https:\/\/www.strategie.gouv.fr\/files\/2025-01\/20240807_annexe_emploi_fr_all_vf.pdf#page7\" target=\"_blank\" rel=\"noopener\">https:\/\/www.strategie.gouv.fr\/files\/2025-01\/20240807_annexe_emploi_fr_all_vf.pdf#page7<\/a><\/span><\/span><\/p>\n<hr \/>\n<p><em>Les jugements et opinions exprim\u00e9s par les auteurs n\u2019engagent qu\u2019eux m\u00eames, et non les institutions auxquelles ils appartiennent.<\/em><\/p>\n","protected":false},"excerpt":{"rendered":"<p>Une id\u00e9e fait son chemin dans le d\u00e9bat \u00e9conomique\u00a0: si la France avait le taux d\u2019emploi de l\u2019Allemagne ou des Pays-Bas, elle serait beaucoup plus prosp\u00e8re et ses finances publiques iraient beaucoup mieux.\u00a0 Cette hypoth\u00e8se d\u00e9coule de la d\u00e9composition du PIB entre travail et productivit\u00e9 d\u2019une part, et de la relation quasi-proportionnelle entre le PIB [&hellip;]<\/p>\n","protected":false},"author":521,"featured_media":8661,"comment_status":"open","ping_status":"open","sticky":false,"template":"","format":"standard","meta":{"_et_pb_use_builder":"","_et_pb_old_content":"","_et_gb_content_width":"","_exactmetrics_skip_tracking":false,"_exactmetrics_sitenote_active":false,"_exactmetrics_sitenote_note":"","_exactmetrics_sitenote_category":0,"footnotes":""},"categories":[11],"tags":[],"class_list":["post-8658","post","type-post","status-publish","format-standard","has-post-thumbnail","hentry","category-macroeconomie","et-has-post-format-content","et_post_format-et-post-format-standard"],"_links":{"self":[{"href":"https:\/\/variances.eu\/index.php?rest_route=\/wp\/v2\/posts\/8658","targetHints":{"allow":["GET"]}}],"collection":[{"href":"https:\/\/variances.eu\/index.php?rest_route=\/wp\/v2\/posts"}],"about":[{"href":"https:\/\/variances.eu\/index.php?rest_route=\/wp\/v2\/types\/post"}],"author":[{"embeddable":true,"href":"https:\/\/variances.eu\/index.php?rest_route=\/wp\/v2\/users\/521"}],"replies":[{"embeddable":true,"href":"https:\/\/variances.eu\/index.php?rest_route=%2Fwp%2Fv2%2Fcomments&post=8658"}],"version-history":[{"count":7,"href":"https:\/\/variances.eu\/index.php?rest_route=\/wp\/v2\/posts\/8658\/revisions"}],"predecessor-version":[{"id":8689,"href":"https:\/\/variances.eu\/index.php?rest_route=\/wp\/v2\/posts\/8658\/revisions\/8689"}],"wp:featuredmedia":[{"embeddable":true,"href":"https:\/\/variances.eu\/index.php?rest_route=\/wp\/v2\/media\/8661"}],"wp:attachment":[{"href":"https:\/\/variances.eu\/index.php?rest_route=%2Fwp%2Fv2%2Fmedia&parent=8658"}],"wp:term":[{"taxonomy":"category","embeddable":true,"href":"https:\/\/variances.eu\/index.php?rest_route=%2Fwp%2Fv2%2Fcategories&post=8658"},{"taxonomy":"post_tag","embeddable":true,"href":"https:\/\/variances.eu\/index.php?rest_route=%2Fwp%2Fv2%2Ftags&post=8658"}],"curies":[{"name":"wp","href":"https:\/\/api.w.org\/{rel}","templated":true}]}}