{"id":8527,"date":"2025-02-10T07:10:39","date_gmt":"2025-02-10T06:10:39","guid":{"rendered":"https:\/\/variances.eu\/?p=8527"},"modified":"2025-02-10T07:19:42","modified_gmt":"2025-02-10T06:19:42","slug":"la-consommation-depuis-la-crise-du-covid-une-nette-divergence-devolutions-entre-valeur-et-volume","status":"publish","type":"post","link":"https:\/\/variances.eu\/?p=8527","title":{"rendered":"La consommation depuis la crise du Covid : une nette divergence d\u2019\u00e9volutions entre valeur et volume"},"content":{"rendered":"<div class=\"container px-3 px-lg-0\">\n<div class=\"row\">\n<div class=\"hero-text pb-4 col-12 col-lg-10 page-publication-description publication-statistique-container\">\n<div class=\"clearfix text-formatted field field--name-field-espaces2-header-text field--type-text-long field--label-hidden field__item\">\n<p><em>Cet article a initialement \u00e9t\u00e9 publi\u00e9 sur le site <span style=\"text-decoration: underline; color: #0000ff;\"><a style=\"color: #0000ff; text-decoration: underline;\" href=\"https:\/\/www.banque-france.fr\/fr\/publications-et-statistiques\/publications\/la-consommation-depuis-la-crise-du-covid-une-nette-divergence-devolutions-entre-valeur-et-volume\">Bloc-notes Eco de la Banque de France, le 29 janvier 2025<\/a><\/span>.<\/em><\/p>\n<hr \/>\n<p>Sur les derni\u00e8res ann\u00e9es, l\u2019\u00e9conomie fran\u00e7aise a subi plusieurs chocs qui ont affect\u00e9 la consommation des m\u00e9nages, tels que la crise sanitaire, ou l\u2019invasion de l\u2019Ukraine et la crise \u00e9nerg\u00e9tique qui a suivi.\u00a0Ces chocs ont d\u00e9bouch\u00e9 sur de fortes mais in\u00e9gales hausses de prix, qui ont eu des effets diff\u00e9renci\u00e9s selon les postes de la consommation. Pour certains d\u2019entre eux, on observe une nette divergence d\u2019\u00e9volutions entre valeur et volume, r\u00e9v\u00e9lant notamment des effets de substitution au sein de la consommation des m\u00e9nages, des biens vers les services, du fait de la hausse moins forte du prix de ces derniers.<\/p>\n<\/div>\n<\/div>\n<\/div>\n<\/div>\n<section class=\"page-publication-paragraphes gabarit-document\">\n<div class=\"field field--name-field-espaces2-paragraphes field--type-entity-reference-revisions field--label-hidden field__items\">\n<div class=\"field__item\">\n<div class=\"container paragraph paragraph--type--espaces2-layouts-short paragraph--view-mode--default\">\n<div class=\"col-lg-8 m-auto layout-normal\">\n<div class=\"field field--name-field-espaces2-subparagraphs field--type-entity-reference-revisions field--label-hidden field__items\">\n<div class=\"field__item\">\n<div class=\"paragraph paragraph--type--bloc-rte paragraph--view-mode--default px-4 px-xl-0 container rich-text\">\n<div class=\"clearfix text-formatted field field--name-field-contenu-riche field--type-text-long field--label-hidden field__item\">\n<p class=\"text-align-center\" style=\"text-align: center;\"><em><strong>Graphique 1 : Consommation des m\u00e9nages en valeur et en volume, base 100 au 4e trimestre 2019<\/strong><\/em><\/p>\n<\/div>\n<\/div>\n<\/div>\n<div class=\"field__item\">\n<div class=\"paragraph paragraph--type--espaces2-principal-media paragraph--view-mode--default container px-4 px-xl-0\">\n<div class=\"field field--name-field-espaces2-bloc-media field--type-entity-reference-revisions field--label-hidden field__items slider\" data-centerpadding=\"0\" data-centermode=\"true\" data-centerpaddingsm=\"0\" data-slidestoshowsm=\"1\" data-centerpaddingmd=\"0\" data-slidestoshowmd=\"1\" data-centerpaddinglg=\"0\" data-slidestoshowlg=\"1\">\n<div class=\"field__item slider-item\">\n<div class=\"paragraph paragraph--type--espaces2-media paragraph--view-mode--default mb-0\">\n<div class=\"field field--name-field-espaces2-media field--type-entity-reference field--label-hidden field__itemposition-relative\">\n<div class=\"p-0 ratio d-flex position-relative rounded ratio_73_41_max_730_uncut w-100 text-white \">\n<div id=\"attachment_8528\" style=\"width: 910px\" class=\"wp-caption aligncenter\"><img loading=\"lazy\" decoding=\"async\" aria-describedby=\"caption-attachment-8528\" class=\"wp-image-8528\" src=\"https:\/\/variances.eu\/wp-content\/uploads\/2025\/02\/384_La-consommation-depuis-la-crise-du-Covid-1.png\" alt=\"\" width=\"900\" height=\"506\" srcset=\"https:\/\/variances.eu\/wp-content\/uploads\/2025\/02\/384_La-consommation-depuis-la-crise-du-Covid-1.png 1200w, https:\/\/variances.eu\/wp-content\/uploads\/2025\/02\/384_La-consommation-depuis-la-crise-du-Covid-1-300x169.png 300w, https:\/\/variances.eu\/wp-content\/uploads\/2025\/02\/384_La-consommation-depuis-la-crise-du-Covid-1-1024x575.png 1024w, https:\/\/variances.eu\/wp-content\/uploads\/2025\/02\/384_La-consommation-depuis-la-crise-du-Covid-1-600x337.png 600w, https:\/\/variances.eu\/wp-content\/uploads\/2025\/02\/384_La-consommation-depuis-la-crise-du-Covid-1-1080x607.png 1080w\" sizes=\"(max-width: 900px) 100vw, 900px\" \/><p id=\"caption-attachment-8528\" class=\"wp-caption-text\">Source : Insee (comptes nationaux trimestriels), calculs : Banque de France<\/p><\/div>\n<\/div>\n<\/div>\n<div class=\"field field--name-field-espaces2-texte-description field--type-string-long field--label-hidden field__item text-grey-l8 fw-normal fs-8 mt-2\"><\/div>\n<\/div>\n<\/div>\n<\/div>\n<\/div>\n<\/div>\n<div class=\"field__item\">\n<div class=\"paragraph paragraph--type--bloc-rte paragraph--view-mode--default px-4 px-xl-0 container rich-text\">\n<div class=\"clearfix text-formatted field field--name-field-contenu-riche field--type-text-long field--label-hidden field__item\">\n<p>La consommation des m\u00e9nages a \u00e9t\u00e9 fortement affect\u00e9e par la crise du Covid-19 et l\u2019invasion de l\u2019Ukraine. Ces chocs ont \u00e9t\u00e9 suivis de hausses de prix plus ou moins fortes selon les produits, induisant un changement dans la structure des prix relatifs et donc dans le comportement des consommateurs. Dans ce billet, nous analysons deux mesures de la consommation : les d\u00e9penses en valeur en euros courants, et celles en volume, corrig\u00e9es de la hausse des prix et qui retracent donc directement les quantit\u00e9s consomm\u00e9es.<\/p>\n<p>Apr\u00e8s avoir fortement diminu\u00e9 en 2020 et 2021, la consommation en volume a retrouv\u00e9 son niveau d\u2019avant crise et le d\u00e9passe m\u00eame de pr\u00e8s de 3 % en volume au 3\u00e8me trimestre 2024.<\/p>\n<p>Toutefois, son rythme de croissance reste inf\u00e9rieur de pr\u00e8s de 4 % \u00e0 sa tendance calcul\u00e9e sur la p\u00e9riode 2015-2019 (Graphique 1).<\/p>\n<p>En valeur, alors que le rythme de croissance n\u2019\u00e9tait que l\u00e9g\u00e8rement sup\u00e9rieur \u00e0 celui en volume avant la crise, il est beaucoup plus \u00e9lev\u00e9 depuis 2022. On observe ainsi une forte hausse de la consommation en valeur depuis 2019 (+21 %), refl\u00e9tant la forte hausse des prix.<\/p>\n<p>Ces chocs ont affect\u00e9 la structure de la consommation par produit. En volume, la consommation en biens a diminu\u00e9 de 4 % entre 2019 et 2024, alors que celle en services a augment\u00e9 de 11 %. En valeur, la consommation des m\u00e9nages a augment\u00e9 pour les biens (+15 %) et plus encore pour les services (+27 %). Au sein des biens et services, on peut distinguer plusieurs cat\u00e9gories de produits.<\/p>\n<h3>Pour certains produits, la hausse de la consommation en valeur s\u2019accompagne d\u2019une baisse de la consommation en volume<\/h3>\n<p>Pour certains produits, en comparaison \u00e0 la tendance 2015-2019, on observe une hausse de la consommation en valeur, alors que celle en volume a baiss\u00e9 : les produits alimentaires, les produits \u00e9nerg\u00e9tiques, les autres biens industriels, les services de commerce, et les services de transport (Graphique 2). La hausse des prix sur ces produits s\u2019est traduite par une baisse de la consommation en volume, avec une \u00e9lasticit\u00e9-prix inf\u00e9rieure \u00e0 l\u2019unit\u00e9.<\/p>\n<p>La baisse de la consommation alimentaire et en \u00e9nergie, en lien avec la forte hausse des prix de ces biens, a \u00e9t\u00e9 document\u00e9e par l\u2019Insee. Dans sa\u00a0<span style=\"text-decoration: underline; color: #0000ff;\"><a style=\"color: #0000ff; text-decoration: underline;\" href=\"https:\/\/www.insee.fr\/fr\/statistiques\/7704067\" target=\"_blank\" rel=\"noopener\">note de conjoncture d\u2019octobre 2023<\/a><\/span>, l\u2019Insee interrogeait les m\u00e9nages sur leurs changements d\u2019habitude de consommation du fait de l\u2019inflation. Pr\u00e8s de trois quarts des m\u00e9nages d\u00e9claraient avoir modifi\u00e9 leurs comportements de consommation. Les d\u00e9penses d\u2019\u00e9nergie pour le logement repr\u00e9sentaient le poste pour lequel les m\u00e9nages \u00e9taient les plus nombreux \u00e0 avoir modifi\u00e9 leurs habitudes (51 %), suivi par l\u2019alimentation (47 %). Dans le cas de l\u2019alimentation, cette diminution de la consommation en volume peut refl\u00e9ter des baisses effectives des quantit\u00e9s consomm\u00e9es, mais aussi des changements dans la qualit\u00e9 des produits achet\u00e9s (<a href=\"https:\/\/blog.insee.fr\/la-consommation-alimentaire-diminue-mais-de-combien\/\" target=\"_blank\" rel=\"noopener\"><span style=\"text-decoration: underline; color: #0000ff;\">recours plus fr\u00e9quent \u00e0 des produits d\u2019entr\u00e9e de gamme (Insee (2023)<\/span><\/a>). \u00a0Par ailleurs, les m\u00e9nages n\u2019ont pas tous \u00e9t\u00e9 expos\u00e9s de la m\u00eame fa\u00e7on \u00e0 l\u2019acc\u00e9l\u00e9ration des prix, car la structure de la consommation diff\u00e8re entre cat\u00e9gories de m\u00e9nages (<span style=\"text-decoration: underline; color: #0000ff;\"><a style=\"color: #0000ff; text-decoration: underline;\" href=\"https:\/\/www.insee.fr\/fr\/statistiques\/6967900?sommaire=6966784\" target=\"_blank\" rel=\"noopener\">Insee (2023)<\/a><\/span>). L\u2019inflation a ainsi \u00e9t\u00e9 plus \u00e9lev\u00e9e pour les m\u00e9nages les plus \u00e2g\u00e9s, pour ceux vivant dans des communes rurales ou de petite taille, ou encore pour les m\u00e9nages modestes.<\/p>\n<p class=\"text-align-center\" style=\"text-align: center;\"><em><strong>Graphique 2 : Consommation des m\u00e9nages par produit en valeur et en volume, base 100 au 4e trimestre 2019<\/strong><\/em><\/p>\n<div id=\"attachment_8529\" style=\"width: 1210px\" class=\"wp-caption aligncenter\"><img loading=\"lazy\" decoding=\"async\" aria-describedby=\"caption-attachment-8529\" class=\"wp-image-8529 size-full\" src=\"https:\/\/variances.eu\/wp-content\/uploads\/2025\/02\/384_La-consommation-depuis-la-crise-du-Covid-2.png\" alt=\"\" width=\"1200\" height=\"674\" srcset=\"https:\/\/variances.eu\/wp-content\/uploads\/2025\/02\/384_La-consommation-depuis-la-crise-du-Covid-2.png 1200w, https:\/\/variances.eu\/wp-content\/uploads\/2025\/02\/384_La-consommation-depuis-la-crise-du-Covid-2-300x169.png 300w, https:\/\/variances.eu\/wp-content\/uploads\/2025\/02\/384_La-consommation-depuis-la-crise-du-Covid-2-1024x575.png 1024w, https:\/\/variances.eu\/wp-content\/uploads\/2025\/02\/384_La-consommation-depuis-la-crise-du-Covid-2-600x337.png 600w, https:\/\/variances.eu\/wp-content\/uploads\/2025\/02\/384_La-consommation-depuis-la-crise-du-Covid-2-1080x607.png 1080w\" sizes=\"(max-width: 1200px) 100vw, 1200px\" \/><p id=\"caption-attachment-8529\" class=\"wp-caption-text\">Source : Insee (comptes nationaux trimestriels), calculs : Banque de France<\/p><\/div>\n<h3 class=\"text-align-center\">Pour d\u2019autres produits, les hausses de prix ont eu peu d\u2019effet sur les volumes<\/h3>\n<\/div>\n<\/div>\n<\/div>\n<div class=\"field__item\">\n<div class=\"paragraph paragraph--type--bloc-rte paragraph--view-mode--default px-4 px-xl-0 container rich-text\">\n<div class=\"clearfix text-formatted field field--name-field-contenu-riche field--type-text-long field--label-hidden field__item\">\n<p>Pour l\u2019h\u00e9bergement-restauration, les services financiers, les services immobiliers, les services aux entreprises, et les services aux m\u00e9nages, la consommation en volume reste proche de sa tendance pr\u00e9-crise, alors que celle en valeur a augment\u00e9 (Graphique 3).<\/p>\n<p>Le volume de la consommation des m\u00e9nages en h\u00e9bergement-restauration, qui avait chut\u00e9 pendant la crise sanitaire, a retrouv\u00e9 sa tendance pr\u00e9-crise. Le volume de la consommation de services financiers a continu\u00e9 de cro\u00eetre sur une tendance inchang\u00e9e, en d\u00e9pit de la nette hausse de leurs prix (qui dans le cas des services bancaires sont mesur\u00e9s de fa\u00e7on conventionnelle par la marge sur les d\u00e9p\u00f4ts et les cr\u00e9dits \u00e0 la consommation relativement au taux d\u2019int\u00e9r\u00eat sur le march\u00e9 mon\u00e9taire).<\/p>\n<p class=\"text-align-center\" style=\"text-align: center;\"><em><strong>Graphique 3 : Consommation des m\u00e9nages par produit, en valeur et en volume, base 100 au 4e trimestre 2019<\/strong><\/em>\n<picture><\/picture><\/p>\n<div id=\"attachment_8530\" style=\"width: 1210px\" class=\"wp-caption aligncenter\"><img loading=\"lazy\" decoding=\"async\" aria-describedby=\"caption-attachment-8530\" class=\"wp-image-8530 size-full\" src=\"https:\/\/variances.eu\/wp-content\/uploads\/2025\/02\/384_La-consommation-depuis-la-crise-du-Covid-3.png\" alt=\"\" width=\"1200\" height=\"674\" srcset=\"https:\/\/variances.eu\/wp-content\/uploads\/2025\/02\/384_La-consommation-depuis-la-crise-du-Covid-3.png 1200w, https:\/\/variances.eu\/wp-content\/uploads\/2025\/02\/384_La-consommation-depuis-la-crise-du-Covid-3-300x169.png 300w, https:\/\/variances.eu\/wp-content\/uploads\/2025\/02\/384_La-consommation-depuis-la-crise-du-Covid-3-1024x575.png 1024w, https:\/\/variances.eu\/wp-content\/uploads\/2025\/02\/384_La-consommation-depuis-la-crise-du-Covid-3-600x337.png 600w, https:\/\/variances.eu\/wp-content\/uploads\/2025\/02\/384_La-consommation-depuis-la-crise-du-Covid-3-1080x607.png 1080w\" sizes=\"(max-width: 1200px) 100vw, 1200px\" \/><p id=\"caption-attachment-8530\" class=\"wp-caption-text\">Source : Insee (comptes nationaux trimestriels), calculs : Banque de France<\/p><\/div>\n<\/div>\n<\/div>\n<\/div>\n<div class=\"field__item\">\n<div class=\"paragraph paragraph--type--espaces2-principal-media paragraph--view-mode--default container px-4 px-xl-0\">\n<div class=\"field field--name-field-espaces2-bloc-media field--type-entity-reference-revisions field--label-hidden field__items slider\" data-centerpadding=\"0\" data-centermode=\"true\" data-centerpaddingsm=\"0\" data-slidestoshowsm=\"1\" data-centerpaddingmd=\"0\" data-slidestoshowmd=\"1\" data-centerpaddinglg=\"0\" data-slidestoshowlg=\"1\">\n<div class=\"field__item slider-item\">\n<div class=\"paragraph paragraph--type--espaces2-media paragraph--view-mode--default mb-0\">\n<div class=\"field field--name-field-espaces2-texte-description field--type-string-long field--label-hidden field__item text-grey-l8 fw-normal fs-8 mt-2\"><\/div>\n<\/div>\n<\/div>\n<\/div>\n<\/div>\n<\/div>\n<div class=\"field__item\">\n<div class=\"paragraph paragraph--type--bloc-rte paragraph--view-mode--default px-4 px-xl-0 container rich-text\">\n<div class=\"clearfix text-formatted field field--name-field-contenu-riche field--type-text-long field--label-hidden field__item\">\n<h3>Pour les mat\u00e9riels de transport, la consommation en volume comme en valeur est inf\u00e9rieure \u00e0 la tendance pr\u00e9-crise<\/h3>\n<p>La consommation en mat\u00e9riels de transport est inf\u00e9rieure \u00e0 sa tendance pr\u00e9-crise, en volume comme en valeur (Graphique 4). Pour ce poste, soit l\u2019\u00e9lasticit\u00e9-prix est tr\u00e8s forte, soit il y a un choc de demande n\u00e9gatif en plus de la hausse des prix. Cette deuxi\u00e8me explication plus structurelle est probable, particuli\u00e8rement dans le cas de l\u2019automobile : les m\u00e9nages ont pu faire preuve d\u2019attentisme face aux mutations technologiques du secteur (d\u00e9veloppement de la voiture \u00e9lectrique). Cette chute ne concerne toutefois pas \u00a0les ventes de cycles et motocycles, qui ont r\u00e9ussi \u00e0 se maintenir sur les trois derni\u00e8res ann\u00e9es<\/p>\n<p class=\"text-align-center\" style=\"text-align: center;\"><em><strong>Graphique 4 : Consommation des m\u00e9nages en mat\u00e9riels de transport, en valeur et en volume, base 100 au 4e trimestre 2019<\/strong><\/em><\/p>\n<div id=\"attachment_8531\" style=\"width: 910px\" class=\"wp-caption aligncenter\"><img loading=\"lazy\" decoding=\"async\" aria-describedby=\"caption-attachment-8531\" class=\"wp-image-8531\" src=\"https:\/\/variances.eu\/wp-content\/uploads\/2025\/02\/384_La-consommation-depuis-la-crise-du-Covid-4.png\" alt=\"\" width=\"900\" height=\"506\" srcset=\"https:\/\/variances.eu\/wp-content\/uploads\/2025\/02\/384_La-consommation-depuis-la-crise-du-Covid-4.png 1200w, https:\/\/variances.eu\/wp-content\/uploads\/2025\/02\/384_La-consommation-depuis-la-crise-du-Covid-4-300x169.png 300w, https:\/\/variances.eu\/wp-content\/uploads\/2025\/02\/384_La-consommation-depuis-la-crise-du-Covid-4-1024x575.png 1024w, https:\/\/variances.eu\/wp-content\/uploads\/2025\/02\/384_La-consommation-depuis-la-crise-du-Covid-4-600x337.png 600w, https:\/\/variances.eu\/wp-content\/uploads\/2025\/02\/384_La-consommation-depuis-la-crise-du-Covid-4-1080x607.png 1080w\" sizes=\"(max-width: 900px) 100vw, 900px\" \/><p id=\"caption-attachment-8531\" class=\"wp-caption-text\">Source : Insee (comptes nationaux trimestriels), calculs : Banque de France<\/p><\/div>\n<\/div>\n<\/div>\n<\/div>\n<div class=\"field__item\">\n<div class=\"paragraph paragraph--type--espaces2-principal-media paragraph--view-mode--default container px-4 px-xl-0\">\n<div class=\"field field--name-field-espaces2-bloc-media field--type-entity-reference-revisions field--label-hidden field__items slider\" data-centerpadding=\"0\" data-centermode=\"true\" data-centerpaddingsm=\"0\" data-slidestoshowsm=\"1\" data-centerpaddingmd=\"0\" data-slidestoshowmd=\"1\" data-centerpaddinglg=\"0\" data-slidestoshowlg=\"1\">\n<div class=\"field__item slider-item\">\n<div class=\"paragraph paragraph--type--espaces2-media paragraph--view-mode--default mb-0\">\n<div class=\"field field--name-field-espaces2-texte-description field--type-string-long field--label-hidden field__item text-grey-l8 fw-normal fs-8 mt-2\"><\/div>\n<\/div>\n<\/div>\n<\/div>\n<\/div>\n<\/div>\n<div class=\"field__item\">\n<div class=\"paragraph paragraph--type--bloc-rte paragraph--view-mode--default px-4 px-xl-0 container rich-text\">\n<div class=\"clearfix text-formatted field field--name-field-contenu-riche field--type-text-long field--label-hidden field__item\">\n<h3>L\u2019\u00e9volution de la structure de la consommation depuis 2019 est ainsi l\u00e9g\u00e8rement diff\u00e9rente en valeur par rapport aux volumes<\/h3>\n<p>La part de la consommation en biens dans la consommation totale a un peu moins diminu\u00e9 en valeur (-2,3 pp, \u00e0 43,2 %) qu\u2019en volume (-3,3 pp, \u00e0 42,1 %), refl\u00e9tant le fait que les prix des biens ont augment\u00e9 plus vite que ceux des services. Les m\u00e9nages ont essay\u00e9 de maintenir la part de leur budget consacr\u00e9 \u00e0 l\u2019alimentation malgr\u00e9 la hausse des prix. Le poids de l\u2019\u00e9nergie dans la consommation en valeur a quant \u00e0 lui augment\u00e9, l\u2019inflation ayant \u00e9t\u00e9 tr\u00e8s forte sur ce poste malgr\u00e9 le fait que les volumes aient baiss\u00e9.<\/p>\n<p>En miroir, la part de la consommation en services a moins augment\u00e9 en valeur (+2,5 pp) qu\u2019en volume (+3,6 pp). Le poids des services immobiliers a diminu\u00e9 dans la consommation en valeur, mais augment\u00e9 en volume, illustrant le fait que la hausse des loyers a \u00e9t\u00e9 moins forte que l\u2019inflation sur les autres biens et services depuis la crise. Par ailleurs, le poids de l\u2019information-communication dans la consommation des m\u00e9nages a augment\u00e9 en volume, mais diminu\u00e9 en valeur, en raison de la tendance baissi\u00e8re des prix de ces services depuis la crise.<\/p>\n<p>&nbsp;<\/p>\n<\/div>\n<p><em>Mots-cl\u00e9s : Conjoncture &#8211; Covid &#8211; Consommation des m\u00e9nages &#8211; Inflation &#8211; Prix<\/em><\/p>\n<\/div>\n<\/div>\n<\/div>\n<\/div>\n<\/div>\n<\/div>\n<\/div>\n<\/section>\n","protected":false},"excerpt":{"rendered":"<p>Cet article a initialement \u00e9t\u00e9 publi\u00e9 sur le site Bloc-notes Eco de la Banque de France, le 29 janvier 2025. Sur les derni\u00e8res ann\u00e9es, l\u2019\u00e9conomie fran\u00e7aise a subi plusieurs chocs qui ont affect\u00e9 la consommation des m\u00e9nages, tels que la crise sanitaire, ou l\u2019invasion de l\u2019Ukraine et la crise \u00e9nerg\u00e9tique qui a suivi.\u00a0Ces chocs ont [&hellip;]<\/p>\n","protected":false},"author":514,"featured_media":8535,"comment_status":"open","ping_status":"open","sticky":false,"template":"","format":"standard","meta":{"_et_pb_use_builder":"","_et_pb_old_content":"","_et_gb_content_width":"","_exactmetrics_skip_tracking":false,"_exactmetrics_sitenote_active":false,"_exactmetrics_sitenote_note":"","_exactmetrics_sitenote_category":0,"footnotes":""},"categories":[9],"tags":[],"class_list":["post-8527","post","type-post","status-publish","format-standard","has-post-thumbnail","hentry","category-economie","et-has-post-format-content","et_post_format-et-post-format-standard"],"_links":{"self":[{"href":"https:\/\/variances.eu\/index.php?rest_route=\/wp\/v2\/posts\/8527","targetHints":{"allow":["GET"]}}],"collection":[{"href":"https:\/\/variances.eu\/index.php?rest_route=\/wp\/v2\/posts"}],"about":[{"href":"https:\/\/variances.eu\/index.php?rest_route=\/wp\/v2\/types\/post"}],"author":[{"embeddable":true,"href":"https:\/\/variances.eu\/index.php?rest_route=\/wp\/v2\/users\/514"}],"replies":[{"embeddable":true,"href":"https:\/\/variances.eu\/index.php?rest_route=%2Fwp%2Fv2%2Fcomments&post=8527"}],"version-history":[{"count":5,"href":"https:\/\/variances.eu\/index.php?rest_route=\/wp\/v2\/posts\/8527\/revisions"}],"predecessor-version":[{"id":8537,"href":"https:\/\/variances.eu\/index.php?rest_route=\/wp\/v2\/posts\/8527\/revisions\/8537"}],"wp:featuredmedia":[{"embeddable":true,"href":"https:\/\/variances.eu\/index.php?rest_route=\/wp\/v2\/media\/8535"}],"wp:attachment":[{"href":"https:\/\/variances.eu\/index.php?rest_route=%2Fwp%2Fv2%2Fmedia&parent=8527"}],"wp:term":[{"taxonomy":"category","embeddable":true,"href":"https:\/\/variances.eu\/index.php?rest_route=%2Fwp%2Fv2%2Fcategories&post=8527"},{"taxonomy":"post_tag","embeddable":true,"href":"https:\/\/variances.eu\/index.php?rest_route=%2Fwp%2Fv2%2Ftags&post=8527"}],"curies":[{"name":"wp","href":"https:\/\/api.w.org\/{rel}","templated":true}]}}