{"id":8388,"date":"2024-11-21T07:10:05","date_gmt":"2024-11-21T06:10:05","guid":{"rendered":"https:\/\/variances.eu\/?p=8388"},"modified":"2025-06-02T11:20:53","modified_gmt":"2025-06-02T09:20:53","slug":"portrait-de-sabrina-el-kasmi-ensae-2010-macro-economiste-chez-bpifrance","status":"publish","type":"post","link":"https:\/\/variances.eu\/?p=8388","title":{"rendered":"Portrait de Sabrina El Kasmi (ENSAE 2010) macro-\u00e9conomiste chez Bpifrance"},"content":{"rendered":"<p><em>N\u00e9e \u00e0 Bondy d<\/em><em>\u2019une m<\/em><em>\u00e8re professeur de maths et d<\/em><em>\u2019un p<\/em><em>\u00e8re comptable, Sabrina aime les chiffres depuis toujours. Apr<\/em><em>\u00e8s une fili<\/em><em>\u00e8re scientifique au lyc\u00e9e, elle s<\/em><em>\u2019oriente vers une classe pr\u00e9paratoire HEC au lyc\u00e9e Montaigne. Elle y d\u00e9couvre l\u2019\u00e9conomie et, \u00e0 la fin de la premi<\/em><em>\u00e8re ann\u00e9e, d\u00e9cide de ne pas poursuivre en deuxi<\/em><em>\u00e8me ann\u00e9e afin de rejoindre l\u2019universit\u00e9<\/em><em> en fili<\/em><em>\u00e8re sciences \u00e9conomiques, plus pr\u00e9cis\u00e9ment dans la voie banque finances. A l<\/em><em>\u2019occasion d<\/em><em>\u2019un stage aupr<\/em><em>\u00e8s d\u2019\u00e9conomistes de l\u2019\u00e9quipe de Patrick Artus chez Natixis, Sabrina d\u00e9couvre l<\/em><em>\u2019importance de ma\u00eetriser les mod<\/em><em>\u00e8les math\u00e9matiques et les logiciels statistiques pour l<\/em><em>\u2019analyse macro-\u00e9conomique. Suivant les recommandations de ses coll<\/em><em>\u00e8gues, elle postule \u00e0 l<\/em><em>\u2019ENSAE et entre sur titres en 2007.<\/em><\/p>\n<p><span style=\"color: #0000ff;\"><strong>Une fois ton master de la Sorbonne en poche, tu as choisi de poursuivre tes \u00e9tudes d\u2019\u00e9conomie en postulant \u00e0 l<\/strong><strong>\u2019<\/strong><strong>ENSAE <\/strong><strong>: qu<\/strong><strong>\u2019<\/strong><strong>attendais-tu de l\u2019\u00e9<\/strong><strong>cole<\/strong><strong>\u00a0<\/strong><strong>? <\/strong><\/span><\/p>\n<p>La formation \u00e0 l\u2019universit\u00e9 Paris 1 Panth\u00e9on Sorbonne \u00e9tait tr\u00e8s int\u00e9ressante mais orient\u00e9e vers la th\u00e9orie \u00e9conomique et peu technique, m\u00eame s\u2019il y avait des cours de s\u00e9ries temporelles ou d\u2019\u00e9conom\u00e9trie. Il y avait surtout peu d\u2019opportunit\u00e9s de mettre en pratique ses acquis th\u00e9oriques. Lors de mon stage chez Natixis, j\u2019ai rencontr\u00e9 une \u00e9quipe passionnante, qui m\u2019a recommand\u00e9 d\u2019approfondir mes comp\u00e9tences en termes de mod\u00e9lisation macro\u00e9conomique. L\u2019ENSAE est r\u00e9put\u00e9e pour la qualit\u00e9 de ses cours th\u00e9oriques mais aussi pour la place donn\u00e9e aux travaux dirig\u00e9s et aux projets d\u2019\u00e9tude. Effectivement, une fois \u00e0 l\u2019\u00e9cole, j\u2019ai pu \u00ab\u00a0mettre les mains dans le cambouis\u00a0\u00bb\u00a0: construire des mod\u00e8les, les d\u00e9velopper dans des logiciels de statistiques, les interpr\u00e9ter.<\/p>\n<p>L\u2019ENSAE enseigne \u00e0 traduire un raisonnement en \u00e9quation, \u00e0 aller de la th\u00e9orie au mod\u00e8le, et vice-versa, \u00e0 comprendre les limites des mod\u00e8les&#8230; C\u2019est passionnant et tr\u00e8s utile\u00a0! Ainsi, dans mes postes successifs, j\u2019ai pu poursuivre le travail sur les mod\u00e8les de mes pr\u00e9d\u00e9cesseurs en m\u2019appuyant sur les m\u00e9thodes rigoureuses dispens\u00e9es par l\u2019\u00e9cole.<\/p>\n<p><span style=\"color: #0000ff;\"><strong>Justement parlons de tes postes. Tu as commenc\u00e9 <\/strong><strong>ta carri\u00e8<\/strong><strong>re de macro-\u00e9conomiste au Tr\u00e9sor\u00a0: quel fut ton poste en sortie d\u2019\u00e9<\/strong><strong>cole<\/strong><strong>\u00a0? et ensuite\u00a0<\/strong><strong>?\u00a0 <\/strong><\/span><\/p>\n<p>En 2010, mon premier poste \u00e9tait au Minist\u00e8re des Finances, j\u2019\u00e9tais \u00e9conomiste dans le bureau traitant des sujets relatifs au march\u00e9 du travail et aux politiques de l\u2019emploi. A partir des donn\u00e9es de l\u2019Insee et de la Dares, j\u2019\u00e9tablissais des pr\u00e9visions d\u2019emploi, r\u00e9alisais des simulations de mesures politiques, contribuais aux pr\u00e9visions \u00e9conomiques pour la France, dans le cadre de l\u2019\u00e9laboration des budgets. Techniquement, je manipulais des mod\u00e8les de s\u00e9ries temporelles \u00e0 correction d\u2019erreur, et j\u2019alimentais Opale, le mod\u00e8le macro\u00e9conom\u00e9trique de la DG Tr\u00e9sor.<\/p>\n<p>En deuxi\u00e8me poste, j\u2019ai rejoint le bureau diagnostic et pr\u00e9visions internationales o\u00f9 j\u2019avais la charge du suivi conjoncturel, des pr\u00e9visions trimestrielles et de l\u2019analyse macro\u00e9conomique pour l\u2019Espagne et le Portugal.<\/p>\n<p>Mon troisi\u00e8me poste \u00e9tait bas\u00e9 au sein du bureau \u00ab\u00a0Union \u00e9conomique et mon\u00e9taire\u00a0\u00bb\u00a0; j\u2019\u00e9tais charg\u00e9e du suivi macro\u00e9conomique et budg\u00e9taire des pays de la zone euro.<\/p>\n<p>Pendant pr\u00e8s de six ans, comme tous les \u00e9conomistes du Tr\u00e9sor, j\u2019ai v\u00e9cu intens\u00e9ment plusieurs temps forts, tels que la pr\u00e9paration des Projets de Loi de Finances et programmes de stabilit\u00e9. J\u2019ai \u00e9galement pu suivre de pr\u00e8s les implications de la crise des dettes souveraines en zone euro. En r\u00e9alit\u00e9, le rythme est toujours soutenu au Tr\u00e9sor, et les sujets sont passionnants. Comme la grande majorit\u00e9 des jeunes \u00e9conomistes qui y commencent leur carri\u00e8re, j\u2019en ai gard\u00e9 le souvenir d\u2019un lieu o\u00f9 la stimulation intellectuelle est tr\u00e8s forte, o\u00f9 chacun est encourag\u00e9 \u00e0 se d\u00e9passer et o\u00f9 on travaille beaucoup.<\/p>\n<p><span style=\"color: #0000ff;\"><strong>Peux-tu nous dire quelques mots sur ce qui t<\/strong><strong>\u2019<\/strong><strong>a amen\u00e9e \u00e0 rejoindre BPI France\u00a0<\/strong><strong>? <\/strong><\/span><\/p>\n<p>J\u2019avais envie de d\u00e9couvrir le domaine priv\u00e9 tout en conservant un fort int\u00e9r\u00eat pour le service public et Bpifrance, Banque publique d\u2019investissement, combine ces deux approches. C\u2019est un endroit stimulant o\u00f9 se m\u00ealent les exigences de la banque et du service public. Je suis d\u00e9sormais plus proche de l\u2019\u00e9conomie \u00ab\u00a0r\u00e9elle\u00a0\u00bb en \u00e9tant au service du comit\u00e9 ex\u00e9cutif de la banque, mais aussi des charg\u00e9s d\u2019affaires, et en \u00e9tant en contact direct avec les dirigeants d\u2019entreprises. Il m\u2019a fallu adopter une autre mani\u00e8re de travailler car on n\u2019y aborde pas la macro-\u00e9conomie de la m\u00eame mani\u00e8re.<\/p>\n<p><span style=\"color: #0000ff;\"><strong>Pourrais-tu expliquer aux jeunes alumni ces diff\u00e9rentes mani<\/strong><strong>\u00e8<\/strong><strong>res de travailler\u00a0<\/strong><strong>? <\/strong><\/span><\/p>\n<p>La DG Tr\u00e9sor a pour missions d\u2019\u00e9laborer des pr\u00e9visions \u00e9conomiques et de conseiller le gouvernement sur les politiques \u00e9conomiques et publiques dans les domaines financier, social et sectoriel. Les travaux s\u2019appuient notamment sur trois mod\u00e8les &#8211; M\u00e9sange, qui \u00e9value l\u2019impact de chocs ou de mesures de politiques publiques\u00a0; Opale, qui produit les pr\u00e9visions pour l\u2019\u00e9conomie fran\u00e7aise et Saphir qui mod\u00e9lise la redistribution \u2013 et les conclusions sont orient\u00e9es vers l\u2019information et l\u2019action publique.<\/p>\n<p>Chez Bpifrance, l\u2019enjeu est d\u2019expliquer aux dirigeants et collaborateurs de la banque, ainsi qu\u2019aux clients et plus g\u00e9n\u00e9ralement aux dirigeants d\u2019entreprises, l\u2019\u00e9volution de l\u2019environnement \u00e9conomique afin d\u2019\u00e9clairer leurs d\u00e9cisions. Plus concr\u00e8tement, mon \u00e9quipe r\u00e9alise des enqu\u00eates de conjoncture aupr\u00e8s des TPE\/PME\/ETI, comprenant des questions r\u00e9currentes et des focus d\u2019actualit\u00e9. Celles-ci nous permettent d\u2019appr\u00e9hender la sant\u00e9 des entreprises et leurs pr\u00e9occupations du moment. Les r\u00e9sultats de ces enqu\u00eates sont pr\u00e9cieux pour \u00e9laborer nos analyses macro\u00e9conomiques, que nous diffusons sous forme de publications ou de pr\u00e9sentations, en interne ou en externe, essentiellement aupr\u00e8s de dirigeants ou de partenaires. Au-del\u00e0 de la situation \u00e9conomique fran\u00e7aises et de ses entreprises, nous r\u00e9alisons des \u00e9tudes sur des sujets internationaux, et des analyses risque-pays. Nos fiches pays, ainsi que la plupart de nos publications sont publiques, visant les dirigeants d\u2019entreprise, mais aussi les pouvoirs publics ou encore les \u00e9conomistes. Nous avons \u00e9galement de nombreux contacts avec la presse, via des interviews ou des conf\u00e9rences de presse.<\/p>\n<p><span style=\"color: #0000ff;\"><strong>R\u00e9trospectivement, quels ont \u00e9t\u00e9 tes points d<\/strong><strong>\u2019<\/strong><strong>appui pour t\u2019\u00e9panouir dans tes diff\u00e9rents postes\u00a0<\/strong><strong>? <\/strong><strong>en termes de comp\u00e9tences ou de relations ou de modes de fonctionnement dans les diff\u00e9rents postes que tu as occup\u00e9<\/strong><strong>s ? <\/strong><\/span><\/p>\n<p>Assur\u00e9ment, les comp\u00e9tences techniques acquises \u00e0 l\u2019ENSAE sont un point d\u2019appui tr\u00e8s fort. Avoir utilis\u00e9 des logiciels statistiques, \u00eatre \u00e0 l\u2019aise avec des mod\u00e8les \u00e9conom\u00e9triques, en avoir test\u00e9 les limites m\u2019a \u00e9t\u00e9 tr\u00e8s utile, surtout au d\u00e9but de ma carri\u00e8re mais encore aujourd\u2019hui.<\/p>\n<p>A mesure que mon p\u00e9rim\u00e8tre \u00e0 la BPI s\u2019est \u00e9largi et a d\u00e9pass\u00e9 la macro\u00e9conomie, les connaissances acquises \u00e0 l\u2019ENSAE (en micro\u00e9conomie, en r\u00e9alisation d\u2019enqu\u00eates\u2026) se sont confirm\u00e9es \u00eatre un socle solide. Mais je me suis aussi form\u00e9e \u00e0 de nouvelles comp\u00e9tences, en particulier manag\u00e9riales.<\/p>\n<p style=\"text-align: right;\"><em>Propos recueillis par Priscilla Courn\u00e8de<\/em><\/p>\n<p>&nbsp;<\/p>\n<p><em>Mots-cl\u00e9s : Macro\u00e9conomie &#8211; Pr\u00e9vision &#8211; Tr\u00e9sor &#8211; BPI France<\/em><\/p>\n","protected":false},"excerpt":{"rendered":"<p>N\u00e9e \u00e0 Bondy d\u2019une m\u00e8re professeur de maths et d\u2019un p\u00e8re comptable, Sabrina aime les chiffres depuis toujours. Apr\u00e8s une fili\u00e8re scientifique au lyc\u00e9e, elle s\u2019oriente vers une classe pr\u00e9paratoire HEC au lyc\u00e9e Montaigne. Elle y d\u00e9couvre l\u2019\u00e9conomie et, \u00e0 la fin de la premi\u00e8re ann\u00e9e, d\u00e9cide de ne pas poursuivre en deuxi\u00e8me ann\u00e9e afin [&hellip;]<\/p>\n","protected":false},"author":522,"featured_media":8390,"comment_status":"open","ping_status":"open","sticky":false,"template":"","format":"standard","meta":{"_et_pb_use_builder":"","_et_pb_old_content":"","_et_gb_content_width":"","_exactmetrics_skip_tracking":false,"_exactmetrics_sitenote_active":false,"_exactmetrics_sitenote_note":"","_exactmetrics_sitenote_category":0,"footnotes":""},"categories":[26],"tags":[],"class_list":["post-8388","post","type-post","status-publish","format-standard","has-post-thumbnail","hentry","category-portraits","et-has-post-format-content","et_post_format-et-post-format-standard"],"_links":{"self":[{"href":"https:\/\/variances.eu\/index.php?rest_route=\/wp\/v2\/posts\/8388","targetHints":{"allow":["GET"]}}],"collection":[{"href":"https:\/\/variances.eu\/index.php?rest_route=\/wp\/v2\/posts"}],"about":[{"href":"https:\/\/variances.eu\/index.php?rest_route=\/wp\/v2\/types\/post"}],"author":[{"embeddable":true,"href":"https:\/\/variances.eu\/index.php?rest_route=\/wp\/v2\/users\/522"}],"replies":[{"embeddable":true,"href":"https:\/\/variances.eu\/index.php?rest_route=%2Fwp%2Fv2%2Fcomments&post=8388"}],"version-history":[{"count":2,"href":"https:\/\/variances.eu\/index.php?rest_route=\/wp\/v2\/posts\/8388\/revisions"}],"predecessor-version":[{"id":8391,"href":"https:\/\/variances.eu\/index.php?rest_route=\/wp\/v2\/posts\/8388\/revisions\/8391"}],"wp:featuredmedia":[{"embeddable":true,"href":"https:\/\/variances.eu\/index.php?rest_route=\/wp\/v2\/media\/8390"}],"wp:attachment":[{"href":"https:\/\/variances.eu\/index.php?rest_route=%2Fwp%2Fv2%2Fmedia&parent=8388"}],"wp:term":[{"taxonomy":"category","embeddable":true,"href":"https:\/\/variances.eu\/index.php?rest_route=%2Fwp%2Fv2%2Fcategories&post=8388"},{"taxonomy":"post_tag","embeddable":true,"href":"https:\/\/variances.eu\/index.php?rest_route=%2Fwp%2Fv2%2Ftags&post=8388"}],"curies":[{"name":"wp","href":"https:\/\/api.w.org\/{rel}","templated":true}]}}