{"id":8231,"date":"2024-09-09T07:10:20","date_gmt":"2024-09-09T05:10:20","guid":{"rendered":"https:\/\/variances.eu\/?p=8231"},"modified":"2024-09-09T07:25:26","modified_gmt":"2024-09-09T05:25:26","slug":"piloter-les-emissions-de-gaz-a-effet-de-serre-le-potentiel-immense-de-compter-en-3d","status":"publish","type":"post","link":"https:\/\/variances.eu\/?p=8231","title":{"rendered":"Piloter les \u00e9missions de Gaz \u00e0 effet de serre &#8211; Le potentiel immense de compter en 3D"},"content":{"rendered":"<p>Le projet environnemental le plus ambitieux de l\u2019humanit\u00e9 est \u00ab\u00a0la transition\u00a0\u00bb vers l\u2019arr\u00eat des Emissions totales nettes de gaz \u00e0 effets de serre (GES) vers l\u2019atmosph\u00e8re\u00a0: \u00e9missions et captures<a href=\"#_ftn1\" name=\"_ftnref1\"><sup>[1]<\/sup><\/a>, \u00e0 l\u2019\u00e9chelle de la plan\u00e8te. Pour piloter la transition au moindre co\u00fbt, chaque d\u00e9cision devrait \u00eatre \u00e9clair\u00e9e \u00e0 la fois par sa contribution aux \u00e9missions et par sa contribution aux valeurs mon\u00e9taires.<\/p>\n<p>Depuis deux ans, nous d\u00e9crivons dans des articles de Variances<a href=\"#_ftn2\" name=\"_ftnref2\"><sup>[2]<\/sup><\/a> une recherche collective autour d\u2019une conviction de plus en plus forte\u00a0: les outils du pilotage de la transition peuvent \u00eatre obtenus simplement en comptabilisant les \u00e9missions de GES comme on comptabilise les valeurs mon\u00e9taires\u00a0; et en associant aux comptes traditionnels (qui croisent quantit\u00e9s et valeurs) des comptes jumeaux qui croisent quantit\u00e9s et \u00e9missions. Cette approche que nous qualifions d\u00e9sormais de <strong>3D<\/strong> associe \u00e0 chaque mesure comptable mon\u00e9taire sa mesure comptable jumelle en \u00e9missions ou MCE. Les MCE s\u2019appuient sur les mesures scientifiques\u00a0des \u00e9missions de GES et sur les r\u00e8gles comptables de l\u2019entit\u00e9 qui comptabilise. L\u2019approche comptable (tout compter une seule fois et v\u00e9rifier) assure des mesures comparables et v\u00e9rifiables.<\/p>\n<p>Ces travaux sont notamment conduits au sein du collectif Carbones sur factures<a href=\"#_ftn3\" name=\"_ftnref3\"><sup>[3]<\/sup><\/a>, en dialogue avec d\u2019autres \u00e9quipes en France et \u00e0 l\u2019\u00e9tranger. Ils avancent rapidement. Ce nouvel article en propose une synth\u00e8se en d\u00e9crivant sommairement les comptes nationaux 3D (\u00a71), les comptes d\u2019entreprises 3D (\u00a72), les comptes financiers 3D (\u00a73) et les comptes publics 3D (\u00a74).<\/p>\n<h3><strong>1. Les comptes nationaux 3D<\/strong><\/h3>\n<p>Historiquement, les premiers comptes 3D ont \u00e9t\u00e9 les comptes nationaux. Depuis 2012, les Nations Unies, \u00e0 l\u2019initiative du GIEC, ont d\u00e9ploy\u00e9 mondialement un recensement annuel des \u00e9missions nettes directes de GES des diff\u00e9rents pays. Les responsables ont eu l\u2019id\u00e9e remarquable de transposer aux \u00e9missions les m\u00e9canismes des comptes nationaux, standardis\u00e9s \u00e0 l\u2019international, qui tracent les flux en valeur mon\u00e9taire entre acteurs \u00e9conomiques\u00a0: les MCE sont les \u00e9missions nettes (jumelles de la valeur ajout\u00e9e), avec leur total (jumeau du PIB) et leur \u00e9volution ou d\u00e9carbonation (jumelle au niveau national de la croissance du PIB<a href=\"#_ftn4\" name=\"_ftnref4\"><sup>[4]<\/sup><\/a>). Des tableaux dits entr\u00e9es-sorties permettent d\u00e9j\u00e0 pour un pays ou une zone du monde de savoir chaque ann\u00e9e combien d\u2019\u00e9missions n\u00e9cessite la production d\u2019un euro de vente d\u2019une branche et d\u2019o\u00f9 viennent ces \u00e9missions<a href=\"#_ftn5\" name=\"_ftnref5\"><sup>[5]<\/sup><\/a> (en 64 branches).<\/p>\n<p>Un travail statistique reste n\u00e9cessaire pour disposer de comptes nationaux jumeaux complets qui devront aussi introduire un nouvel acteur essentiel\u00a0: le vivant sauvage. Cet enjeu est de mieux en mieux identifi\u00e9 et relay\u00e9 par la communaut\u00e9 statistique<a href=\"#_ftn6\" name=\"_ftnref6\"><sup>[6]<\/sup><\/a>.<\/p>\n<h3><strong>2. Les comptes d\u2019entreprises 3D<\/strong><\/h3>\n<p>Les comptes d\u2019entreprises 3D sont apparus au d\u00e9but des ann\u00e9es 2020. Plusieurs \u00e9quipes dans diff\u00e9rents pays ont parall\u00e8lement d\u00e9couvert l\u2019efficacit\u00e9 de l\u2019approche comptable pour obtenir l\u2019\u00e9mission des produits d\u2019une entreprise et le lien avec les comptes nationaux 3D<a href=\"#_ftn7\" name=\"_ftnref7\"><sup>[7]<\/sup><\/a>. L\u2019\u00e9mission du produit est une MCE jumelle du prix de revient comptable. Elle comptabilise le total des \u00e9missions de GES n\u00e9cessaires \u00e0 la fabrication\u00a0du produit : \u00e9missions directes du processus du producteur (g\u00e9n\u00e9ralement limit\u00e9es \u00e0 sa combustion d\u2019essence, de gaz\u2026)\u00a0; et \u00e9missions indirectes \u00e0 travers l\u2019\u00e9mission de ses achats<a href=\"#_ftn8\" name=\"_ftnref8\"><sup>[8]<\/sup><\/a>.<\/p>\n<p>L\u2019approche s\u2019appuie sur des principes reconnus et universels\u00a0:<\/p>\n<ul>\n<li>La mesure des \u00e9missions directes du producteur reprend les m\u00eames principes scientifiques que ceux des standards actuels des Analyses du Cycle de vie ou ceux du GHG Protocol ou du Bilan Carbone<a href=\"#_ftn9\" name=\"_ftnref9\"><sup>[9]<\/sup><\/a>.<\/li>\n<li>La comptabilisation des \u00e9missions indirectes et le rattachement des \u00e9missions totales au produit vendu reprennent les principes comptables\u00a0du producteur\u00a0(comptabilit\u00e9 g\u00e9n\u00e9rale et analytique) et ses r\u00e8gles d\u2019audit.<\/li>\n<\/ul>\n<p>La simplicit\u00e9 de l\u2019approche comptable d\u00e9coule du caract\u00e8re collaboratif de la comptabilit\u00e9. Chaque producteur s\u2019appuie sur l\u2019information comptable transmise par ses fournisseurs sur les factures de ses achats\u00a0: le prix ET l\u2019\u00e9mission du produit. Il fait de m\u00eame pour ses ventes sur ses factures \u00e0 ses clients.<\/p>\n<p>En attendant que chacun de ses fournisseurs lui indique l\u2019empreinte de son produit, l\u2019entreprise s\u2019appuie sur les moyennes de branche des comptes nationaux (\u00a71)\u00a0augment\u00e9es d\u2019un facteur multiplicatif de prudence comptable. Ce facteur assure progressivement un d\u00e9ploiement mondial<strong>\u00a0<\/strong>: l\u2019acheteur et le vendeur ont int\u00e9r\u00eat \u00e0 \u00e9changer l\u2019\u00e9mission comptable pour \u00e9viter le facteur multiplicatif.<\/p>\n<p>Le d\u00e9ploiement progressif des \u00e9missions, la demande de leurs \u00e9missions aux fournisseurs, leur transmission aux clients, d\u00e9clenchent les m\u00eames boucles vertueuses de concurrence que le prix\u00a0:<\/p>\n<ul>\n<li>A la vente, l\u2019\u00e9mission renforce son statut de qualit\u00e9 universelle\u00a0: partout et pour tous les produits\u00a0on pr\u00e9f\u00e8re l\u2019\u00e9mission la plus faible, toutes choses \u00e9gales par ailleurs. Elle devient un signal, \u00e0 c\u00f4t\u00e9 du prix, qui gagne en puissance avec la mont\u00e9e des d\u00e9s\u00e9quilibres.<\/li>\n<li>A la production, r\u00e9duire les \u00e9missions de ses produits devient un levier de rentabilit\u00e9 durable, donc de comp\u00e9titivit\u00e9.<\/li>\n<\/ul>\n<p>La simplicit\u00e9 de production de l\u2019\u00e9mission comptable d\u2019un produit est attest\u00e9e par la mise \u00e0 disposition des PME volontaires de calculateurs gratuits (sur carbones-factures.org). Elle permet d\u2019envisager rapidement l\u2019obligation pour les grandes entreprises de la communiquer \u00e0 leurs clients, dans le cadre de la r\u00e9glementation europ\u00e9enne (CSRD).<\/p>\n<h3><strong>3. Les comptes financiers 3D<\/strong><\/h3>\n<p>Les financiers ont besoin d\u2019une mesure comptable de la performance en d\u00e9carbonation des acteurs financ\u00e9s\u00a0: une MCE jumelle du r\u00e9sultat financier de l\u2019acteur qui puisse, comme lui, \u00eatre retrait\u00e9e en d\u00e9carbonation financi\u00e8re<a href=\"#_ftn10\" name=\"_ftnref10\"><sup>[10]<\/sup><\/a> (selon des r\u00e8gles d\u00e9riv\u00e9es de sa consolidation des r\u00e9sultats financiers) et accompagner un financement tout le long de la chaine de financement. Comptabilis\u00e9e ex post ou estim\u00e9e ex ante \u00e0 partir d\u2019un plan d\u2019affaires, la d\u00e9carbonation financi\u00e8re \u00e9claire en 3D toutes les d\u00e9cisions financi\u00e8res, jusqu\u2019\u00e0 l\u2019\u00e9pargnant final. Elle aura les m\u00eames effets vertueux que ceux d\u00e9crits au \u00a72, en d\u00e9clenchant pour les financements la m\u00eame concurrence et recherche de comp\u00e9titivit\u00e9 3D que pour les produits.<\/p>\n<p>La condition est que l\u2019acteur financ\u00e9 sache comptabiliser sa d\u00e9carbonation sans doubles comptes<a href=\"#_ftn11\" name=\"_ftnref11\"><sup>[11]<\/sup><\/a>. Nous avons d\u00e9crit dans un article pr\u00e9c\u00e9dent<a href=\"#_ftn12\" name=\"_ftnref12\"><sup>[12]<\/sup><\/a> comment la comptabilit\u00e9 d\u2019entreprise 3D (\u00a72) le permet. L\u2019entreprise \u00e9limine les doubles comptes en d\u00e9composant math\u00e9matiquement l\u2019\u00e9volution du total des \u00e9missions annuelles de ses produits et en appliquant des conventions comptables de partage avec l\u2019amont et avec l\u2019aval. Nous revenons dans cet article sur ces conventions comptables pour les \u00e9tendre aux principaux partenaires commerciaux de l\u2019entreprise\u00a0: particuliers, administrations et autres entreprises<a href=\"#_ftn13\" name=\"_ftnref13\"><sup>[13]<\/sup><\/a>.<\/p>\n<ul>\n<li><strong>Les \u00e9changes en bout de chaine de facturation<\/strong><\/li>\n<\/ul>\n<p>Un client final, particulier ou administration, a des achats dont les \u00e9missions peuvent s\u2019exprimer comme la multiplication d\u2019une quantit\u00e9 par une \u00e9mission unitaire moyenne\u00a0: par exemple un nombre de kilom\u00e8tres parcourus par une \u00e9mission moyenne par kilom\u00e8tre. Une contribution \u00e0 sa d\u00e9carbonation va se traduire sur l\u2019un ou l\u2019autre param\u00e8tre\u00a0: on parle d\u2019effet Rebond pour une \u00e9volution quantitative (la variation des kilom\u00e8tres parcourus) et d\u2019effet Substitution pour une \u00e9volution qualitative (un changement de moyen de transport, par exemple).<\/p>\n<p>La responsabilit\u00e9 de ces effets est partag\u00e9e entre le client final et le fournisseur du produit vendu\u00a0: l\u2019un est contraint par la demande, l\u2019autre par l\u2019offre. Savoir dans quelle proportion est accessoire si l\u2019objectif est de les responsabiliser tous les deux. La convention comptable que nous proposons est un partage des effets Rebond et Substitution sur la d\u00e9carbonation par moiti\u00e9 entre le client final et le fournisseur<a href=\"#_ftn14\" name=\"_ftnref14\"><sup>[14]<\/sup><\/a>.<\/p>\n<ul>\n<li><strong>Les \u00e9changes en milieu de chaine<\/strong><\/li>\n<\/ul>\n<p>Aux \u00e9tapes pr\u00e9c\u00e9dentes de la chaine de production, la convention comptable propos\u00e9e est qu\u2019une entreprise est responsable des quantit\u00e9s achet\u00e9es \u00e0 ses fournisseurs mais pas des quantit\u00e9s achet\u00e9es par ses clients. Les effets li\u00e9s aux variations des quantit\u00e9s vendues (effets Substitution et Rebond) ne sont donc pas imput\u00e9s comptablement \u00e0 sa d\u00e9carbonation (par exemple le fait pour une soci\u00e9t\u00e9 chimique que ses clients lui ach\u00e8tent plus ou moins). Les effets li\u00e9s aux variations des \u00e9missions unitaires de ses achats ne lui sont pas imput\u00e9s non plus (par exemple les gains d\u2019\u00e9missions \u00e0 la tonne de produit carbon\u00e9 de son fournisseur). En revanche, l\u2019entreprise est pleinement responsable de l\u2019effet Productivit\u00e9 sur sa d\u00e9carbonation\u00a0: les modifications de ses processus r\u00e9duisant l\u2019\u00e9mission unitaire de ses ventes, \u00e0 \u00e9missions unitaires constantes de ses achats (en r\u00e9duisant par exemple la quantit\u00e9 de produits carbon\u00e9s n\u00e9cessaires par unit\u00e9 de produit vendu).<\/p>\n<p>Ces conventions comptables donnent facilement \u00e0 un acteur un indicateur de performance motivant sans doubles comptes. Les formules sont donn\u00e9es dans l\u2019article et le calculateur cit\u00e9s. Elles sont aliment\u00e9es, pour les effets Substitution et Rebond, par les r\u00e9f\u00e9rences aux comptes nationaux en \u00e9missions. Un particulier ne pourra pas directement calculer sa d\u00e9carbonation comptable (faute de comptabilit\u00e9 propre)\u00a0mais la performance collective des particuliers peut \u00eatre suivie \u00e0 travers les comptes nationaux en \u00e9missions.<\/p>\n<h3><strong>4. Les comptes publics 3D<\/strong><\/h3>\n<p>Aux trois comptes 3D d\u00e9crits, on devra rajouter les comptes publics 3D, qui transposent la comptabilit\u00e9 publique aux \u00e9missions et d\u00e9carbonations des acteurs publics\u00a0: deux MCE qui d\u00e9clenchent deux dynamiques vertueuses\u00a0:<\/p>\n<ul>\n<li>Le pilotage du co\u00fbt (gigantesque) de la transition pour les finances publiques\u00a0\u00e0 travers la recherche de l\u2019\u00e9quilibre budg\u00e9taire 3D.<\/li>\n<li>Le pilotage de l\u2019\u00e9quit\u00e9 des efforts respectifs \u00e0 travers un pilotage 3D des politiques publiques.<\/li>\n<\/ul>\n<p>La d\u00e9carbonation (celle de l\u2019entreprise ou la d\u00e9carbonation financi\u00e8re des placements) assure aux pouvoirs publics des bases pour assoir subventions ou taxes plus efficaces \u00e9conomiquement et plus \u00e9quitables politiquement.<\/p>\n<p>La d\u00e9carbonation associ\u00e9e \u00e0 un financement ou \u00e0 un don pourra rassurer les pays riches sur le ciblage des financements et dons aux pays pauvres qui seront t\u00f4t ou tard indispensables \u00e0 la transition, compte tenu de la r\u00e9partition tr\u00e8s in\u00e9gale des moyens d\u2019action.<\/p>\n<p>Les quatre types de comptes et leurs MCE font syst\u00e8me en s\u2019alimentant et en se renfor\u00e7ant mutuellement\u00a0: les d\u00e9carbonations des branches alimentent les \u00e9missions des produits qui alimentent les d\u00e9carbonations des entreprises qui alimentent les d\u00e9carbonations des financements\u2026<\/p>\n<p><img loading=\"lazy\" decoding=\"async\" class=\"aligncenter size-full wp-image-8232\" src=\"https:\/\/variances.eu\/wp-content\/uploads\/2024\/09\/Image2.jpg\" alt=\"\" width=\"604\" height=\"340\" srcset=\"https:\/\/variances.eu\/wp-content\/uploads\/2024\/09\/Image2.jpg 604w, https:\/\/variances.eu\/wp-content\/uploads\/2024\/09\/Image2-300x169.jpg 300w, https:\/\/variances.eu\/wp-content\/uploads\/2024\/09\/Image2-600x338.jpg 600w\" sizes=\"(max-width: 604px) 100vw, 604px\" \/><\/p>\n<p>Ce syst\u00e8me n\u2019en est qu\u2019\u00e0 ses d\u00e9buts mais son potentiel est immense\u00a0: tous nos outils de pilotage doivent passer en 3D.<\/p>\n<ul>\n<li>Nous travaillons sur des briques de formation en comptabilit\u00e9, gestion, finances, RSE, \u00e9conomie\u2026 en partenariat avec des \u00e9quipes acad\u00e9miques, pour aider la g\u00e9n\u00e9ration qui sera en charge demain \u00e0 r\u00e9fl\u00e9chir en 3D.<\/li>\n<li>Nous travaillons aussi sur ce qui semble une lacune majeure : des outils \u00e9conomiques 3D qui \u00e9valuent en 3D la valeur du temps (un prochain article d\u00e9crira de premiers r\u00e9sultats autour de taux d\u2019actualisation 3D).<\/li>\n<\/ul>\n<p>Les contributions sont bienvenues sur l\u2019un et l\u2019autre exercice.<\/p>\n<p>&nbsp;<\/p>\n<p><em>Mots-cl\u00e9s : CO2 &#8211; Gaz \u00e0 effet de serre &#8211; Comptabilit\u00e9 &#8211; Comptabilit\u00e9 nationale<\/em><\/p>\n<hr \/>\n<h3><strong>El<\/strong><strong>\u00e9ments de bibliographie<\/strong><\/h3>\n<ol>\n<li>\n<h5>Pr\u00e9c\u00e9dents articles des signataires sur ce sujet dans Variances<\/h5>\n<\/li>\n<\/ol>\n<p><a href=\"https:\/\/variances.eu\/?p=6951\"><span style=\"text-decoration: underline;\"><span style=\"color: #0000ff; text-decoration: underline;\">Une initiative pour mesurer pr\u00e9cis\u00e9ment la transition climatique<\/span><\/span><\/a>\u00a0Jean-Marc B\u00e9guin, J\u00e9r\u00f4me Cazes, Jos\u00e9-Luc Leban, Fran\u00e7ois Meunier, Alain Minczeles &amp; Antoine Paille | 17\/10\/2022<\/p>\n<p><a href=\"https:\/\/variances.eu\/?p=7055\"><span style=\"text-decoration: underline;\"><span style=\"color: #0000ff; text-decoration: underline;\">Les carbones sur les factures pour faciliter le financement de la transition climatique<\/span><\/span><\/a>. J\u00e9r\u00f4me Cazes, Jos\u00e9-Luc Leban, Alain Minczeles (28\/11\/2022)<\/p>\n<p><a href=\"https:\/\/variances.eu\/?p=7470\"><span style=\"text-decoration: underline;\"><span style=\"color: #0000ff; text-decoration: underline;\">Un cadre et des outils comptables pour la d\u00e9carbonation<\/span><\/span><\/a> Jean-Marc B\u00e9guin, J\u00e9r\u00f4me Cazes, Jos\u00e9-Luc Leban, Fran\u00e7ois Meunier, Alain Minczeles &amp; Antoine Paille (30\/05\/2023)<\/p>\n<p><span style=\"text-decoration: underline;\"><span style=\"color: #0000ff;\"><a style=\"color: #0000ff; text-decoration: underline;\" href=\"https:\/\/variances.eu\/?p=7722\">Mesurer les performances de d\u00e9carbonation des producteurs<\/a><\/span><\/span> Jean-Marc Beguin, Claire Cazes, J\u00e9r\u00f4me Cazes, Jos\u00e9-Luc Leban, Alain Minczeles &amp; Antoine Paille (13\/11\/2023)<\/p>\n<p><span style=\"text-decoration: underline;\"><span style=\"color: #0000ff; text-decoration: underline;\"><a style=\"color: #0000ff; text-decoration: underline;\" href=\"https:\/\/variances.eu\/?p=8168\">Vers des comptes nationaux de d\u00e9carbonation<\/a> <\/span><\/span>J\u00e9r\u00f4me Cazes (20\/06\/2024)<\/p>\n<ol start=\"2\">\n<li>\n<h5>Deux articles universitaires \u00e0 l\u2019origine de beaucoup d\u2019autres<\/h5>\n<\/li>\n<\/ol>\n<p>Karthik Ramanna et Robert Kaplan ont publi\u00e9 le premier article international sur cette approche qu\u2019ils ont baptis\u00e9e E-liability\u00a0: Kaplan, Robert S., and Karthik Ramanna, 2021, Accounting for Climate Change, Harvard Business Review, December.<\/p>\n<p>Ulf Von Kalckreuth, a d\u00e9crit quelques mois plus tard le lien entre les comptes nationaux 3D et les comptes d\u2019entreprises 3D : Kalckreuth (von), Ulf, 2022, <em>Pulling ourselves up by our bootstraps: the greenhouse gas value of products, enterprises and industries<\/em>, Discussion Paper, Deutsche Bundesbank No 23<\/p>\n<ol start=\"3\">\n<li>\n<h5>Deux publications r\u00e9centes<\/h5>\n<\/li>\n<\/ol>\n<p>Fran\u00e7ois Meunier d\u00e9veloppe dans une interview la logique collaborative de la comptabilit\u00e9 3D : Meunier, Francois, Comptabiliser le carbone. Une m\u00e9thode auditable de mesure, Feuillet Rapide Comptable, Juillet 2024, PwC &#8211; Editions Francis Lefebvre<\/p>\n<p>Ulf Von Kalckreuth et d\u2019autres d\u00e9crivent dans un document non publi\u00e9 (version provisoire) ce qu\u2019ils retiennent d\u2019une r\u00e9union internationale en f\u00e9vrier 2024 \u00e0 Hambourg des diff\u00e9rents acteurs concern\u00e9s\u00a0: Alessandra Alfieri, International Monetary Fund, Lauren Holloway, E-Liability Institute and Reserve Bank of New Zealand, Ulf von Kalckreuth, Deutsche Bundesbank, Stephan Moll, Eurostat, Christian Schmieder, BIS, Empowering Carbon Accounting: From Data to Action. Insights from an international workshop on carbon content measurement.<\/p>\n<hr \/>\n<p><a href=\"#_ftnref1\" name=\"_ftn1\"><sup>[1]<\/sup><\/a> Y compris la contribution d\u2019organismes vivants, du phytoplancton aux arbres en passant par les lombrics, substantielle puisqu\u2019estim\u00e9e \u00e0 deux tonnes de GES captur\u00e9s par an et par Fran\u00e7ais.<\/p>\n<p><a href=\"#_ftnref2\" name=\"_ftn2\"><sup>[2]<\/sup><\/a> Ils sont tous indiqu\u00e9s en fin de document.<\/p>\n<p><a href=\"#_ftnref3\" name=\"_ftn3\"><sup>[3]<\/sup><\/a> <span style=\"text-decoration: underline;\"><span style=\"color: #0000ff;\"><a style=\"color: #0000ff; text-decoration: underline;\" href=\"https:\/\/carbones-factures.org\/\">carbones-factures.org<\/a><\/span><\/span><\/p>\n<p><a href=\"#_ftnref4\" name=\"_ftn4\"><sup>[4]<\/sup><\/a> Il s\u2019agit des Air Emission Accounts (AEC) suivis dans le cadre du System of Environmental Economic Accounting (SEEA).<\/p>\n<p><a href=\"#_ftnref5\" name=\"_ftn5\"><sup>[5]<\/sup><\/a> Par exemple, un euro de vente de produit chimique n\u00e9cessite en moyenne en France 720 grammes d\u2019\u00e9missions en 2023 et chaque euro d\u2019achats de produits interm\u00e9diaires achet\u00e9s par cette branche hors combustibles et d\u00e9riv\u00e9s du p\u00e9trole n\u00e9cessite 250 grammes en moyenne (source Eurostat, traitements La Soci\u00e9t\u00e9 Nouvelle, une entreprise pionni\u00e8re de l\u2019approche comptable des \u00e9missions, \u00e0 la fois au niveau pays et au niveau entreprise). Les matrices de Leontief en euros sont transpos\u00e9es en matrices en carbones, selon les m\u00eames principes comptables.<\/p>\n<p><a href=\"#_ftnref6\" name=\"_ftn6\"><sup>[6]<\/sup><\/a> Voir Variances, juin 2024\u00a0; c\u2019est aussi un des th\u00e8mes du colloque statistique de Paris les 15 et 16 octobre 2024\u00a0: \u00ab\u00a0Beyond GDP\u00a0\u00bb.<\/p>\n<p><a href=\"#_ftnref7\" name=\"_ftn7\"><sup>[7]<\/sup><\/a> Voir en fin de document les r\u00e9f\u00e9rence de l\u2019article de Karthik Ramanna et Robert Kaplan sur le premier point, et de l\u2019article d\u2019Ulf von Kalckreuth sur le second.<\/p>\n<p><a href=\"#_ftnref8\" name=\"_ftn8\"><sup>[8]<\/sup><\/a> Par souci d\u2019alignement sur d\u2019autres travaux, notamment ceux de l\u2019E-liability Institute de Karthik Ramana, nous parlons d\u00e9sormais dans nos textes d\u2019\u00e9missions de GES du produit l\u00e0 o\u00f9 nous parlions pr\u00e9c\u00e9demment de poids en carbone du produit. Le concept est le m\u00eame.<\/p>\n<p><a href=\"#_ftnref9\" name=\"_ftn9\"><sup>[9]<\/sup><\/a> Jusqu\u2019\u00e0 l\u2019entreprise, ou \u00ab\u00a0to the gate\u00a0\u00bb\u00a0: scopes 1, 2 et 3 amont.<\/p>\n<p><a href=\"#_ftnref10\" name=\"_ftn10\"><sup>[10]<\/sup><\/a> Elle est qualifi\u00e9e de financi\u00e8re pour la distinguer de la d\u00e9carbonation \u00ab\u00a0r\u00e9elle\u00a0\u00bb des acteurs qu\u2019elle compte une seconde fois. Il est impossible d\u2019additionner des d\u00e9carbonations et des d\u00e9carbonations financi\u00e8res.<\/p>\n<p><a href=\"#_ftnref11\" name=\"_ftn11\"><sup>[11]<\/sup><\/a> On ne parle ici que des \u00e9missions comptables. Les \u00e9missions en aval ou celles li\u00e9es aux trajets non rembours\u00e9s des clients et des collaborateurs restent une mesure extracomptable (car elles cr\u00e9ent des doubles comptes)\u00a0; l\u2019entreprise peut avoir l\u2019int\u00e9r\u00eat ou l\u2019obligation de la transmettre \u00e0 ses partenaires.<\/p>\n<p><a href=\"#_ftnref12\" name=\"_ftn12\"><sup>[12]<\/sup><\/a> Variances, novembre 2023\u00a0; nous invitons les lecteurs \u00e0 nous signaler des recherches parall\u00e8les sur cette question.<\/p>\n<p><a href=\"#_ftnref13\" name=\"_ftn13\"><sup>[13]<\/sup><\/a> La d\u00e9carbonation comptable est utile pour n\u00e9gocier des accords de partage d\u2019une d\u00e9carbonation anticip\u00e9e, sold\u00e9s lors de leur mat\u00e9rialisation comptable (pour ce qu\u2019on appelle les \u00ab\u00a0carbones \u00e9vit\u00e9s\u00a0\u00bb ou scope 4).<\/p>\n<p><a href=\"#_ftnref14\" name=\"_ftn14\"><sup>[14]<\/sup><\/a> Par fournisseur, on entend le producteur responsable de la mise en march\u00e9 et pas le commer\u00e7ant. La convention que nous sugg\u00e9rons est que le commer\u00e7ant comptabilise sa marge commerciale en \u00e9missions mais ne r\u00e9percute l\u2019\u00e9mission du produit que si le fournisseur l\u2019a fait.<\/p>\n","protected":false},"excerpt":{"rendered":"<p>Le projet environnemental le plus ambitieux de l\u2019humanit\u00e9 est \u00ab\u00a0la transition\u00a0\u00bb vers l\u2019arr\u00eat des Emissions totales nettes de gaz \u00e0 effets de serre (GES) vers l\u2019atmosph\u00e8re\u00a0: \u00e9missions et captures[1], \u00e0 l\u2019\u00e9chelle de la plan\u00e8te. Pour piloter la transition au moindre co\u00fbt, chaque d\u00e9cision devrait \u00eatre \u00e9clair\u00e9e \u00e0 la fois par sa contribution aux \u00e9missions et [&hellip;]<\/p>\n","protected":false},"author":497,"featured_media":8234,"comment_status":"open","ping_status":"open","sticky":false,"template":"","format":"standard","meta":{"_et_pb_use_builder":"","_et_pb_old_content":"","_et_gb_content_width":"","_exactmetrics_skip_tracking":false,"_exactmetrics_sitenote_active":false,"_exactmetrics_sitenote_note":"","_exactmetrics_sitenote_category":0,"footnotes":""},"categories":[221],"tags":[],"class_list":["post-8231","post","type-post","status-publish","format-standard","has-post-thumbnail","hentry","category-changement-climatique","et-has-post-format-content","et_post_format-et-post-format-standard"],"_links":{"self":[{"href":"https:\/\/variances.eu\/index.php?rest_route=\/wp\/v2\/posts\/8231","targetHints":{"allow":["GET"]}}],"collection":[{"href":"https:\/\/variances.eu\/index.php?rest_route=\/wp\/v2\/posts"}],"about":[{"href":"https:\/\/variances.eu\/index.php?rest_route=\/wp\/v2\/types\/post"}],"author":[{"embeddable":true,"href":"https:\/\/variances.eu\/index.php?rest_route=\/wp\/v2\/users\/497"}],"replies":[{"embeddable":true,"href":"https:\/\/variances.eu\/index.php?rest_route=%2Fwp%2Fv2%2Fcomments&post=8231"}],"version-history":[{"count":2,"href":"https:\/\/variances.eu\/index.php?rest_route=\/wp\/v2\/posts\/8231\/revisions"}],"predecessor-version":[{"id":8235,"href":"https:\/\/variances.eu\/index.php?rest_route=\/wp\/v2\/posts\/8231\/revisions\/8235"}],"wp:featuredmedia":[{"embeddable":true,"href":"https:\/\/variances.eu\/index.php?rest_route=\/wp\/v2\/media\/8234"}],"wp:attachment":[{"href":"https:\/\/variances.eu\/index.php?rest_route=%2Fwp%2Fv2%2Fmedia&parent=8231"}],"wp:term":[{"taxonomy":"category","embeddable":true,"href":"https:\/\/variances.eu\/index.php?rest_route=%2Fwp%2Fv2%2Fcategories&post=8231"},{"taxonomy":"post_tag","embeddable":true,"href":"https:\/\/variances.eu\/index.php?rest_route=%2Fwp%2Fv2%2Ftags&post=8231"}],"curies":[{"name":"wp","href":"https:\/\/api.w.org\/{rel}","templated":true}]}}