{"id":8172,"date":"2025-01-02T07:10:04","date_gmt":"2025-01-02T06:10:04","guid":{"rendered":"https:\/\/variances.eu\/?p=8172"},"modified":"2025-01-02T09:12:10","modified_gmt":"2025-01-02T08:12:10","slug":"financement-local-de-la-transition-le-debat-escamote","status":"publish","type":"post","link":"https:\/\/variances.eu\/?p=8172","title":{"rendered":"Financement local de la transition : le d\u00e9bat escamot\u00e9"},"content":{"rendered":"<p><em>Cet article a \u00e9t\u00e9 initialement publi\u00e9 sur <a href=\"https:\/\/www.i4ce.org\/financement-local-transition-debat-escamote-climat\/\"><span style=\"text-decoration: underline;\"><span style=\"color: #0000ff; text-decoration: underline;\">le site de l&rsquo;I4CE (Institute for Climate Economics), le 23 mai 2024<\/span><\/span><\/a>.<\/em><\/p>\n<hr \/>\n<p><strong>Il en va du financement de l\u2019action climatique \u00e0 l\u2019\u00e9chelle locale comme des travaux \u00e0 entreprendre dans une copropri\u00e9t\u00e9 compos\u00e9e de plus de 35\u202f000 d\u00e9cideurs diff\u00e9rents\u202f: le devis est de plus en plus pr\u00e9cis mais, s\u2019agissant d\u2019une responsabilit\u00e9 partag\u00e9e, personne ne veut prendre seul la facture \u00e0 sa charge. Le contexte budg\u00e9taire national de ce d\u00e9but d\u2019ann\u00e9e, domin\u00e9 par la r\u00e9duction des d\u00e9ficits publics, est propice \u00e0 remettre une nouvelle fois \u00e0 plus tard l\u2019indispensable r\u00e9union de syndic sans laquelle jamais les travaux ne s\u2019engageront \u00e0 la hauteur des besoins. Or, plus le temps passe, et plus les co\u00fbts risquent de grimper\u202f: quelques pistes pour faire progresser le sujet en 2024 malgr\u00e9 tout.<\/strong><\/p>\n<h3>Le devis des travaux se pr\u00e9cise pour les collectivit\u00e9s locales<\/h3>\n<p>Les travaux \u00e9conomiques sur les incidences de l\u2019action climatique progressent, et un sujet semble faire aujourd\u2019hui consensus :\u00a0<strong>pour pouvoir, \u00e0 terme, se passer des \u00e9nergies fossiles et atteindre la neutralit\u00e9 carbone il va falloir investir, le plus vite possible, beaucoup d\u2019argent dans les domaines du b\u00e2timent, de l\u2019\u00e9nergie et des transports.<\/strong>\u00a0Dans\u00a0<span style=\"text-decoration: underline;\"><span style=\"color: #0000ff;\"><a style=\"color: #0000ff; text-decoration: underline;\" href=\"https:\/\/www.i4ce.org\/publication\/edition-2023-panorama-financements-climat\/\" target=\"_blank\" rel=\"noopener\">la continuit\u00e9 des travaux de l\u2019institut de l\u2019\u00e9conomie pour le climat<\/a><\/span><\/span>\u00a0(<strong>I4CE<\/strong>) et\u00a0<span style=\"text-decoration: underline;\"><span style=\"color: #0000ff;\"><a style=\"color: #0000ff; text-decoration: underline;\" href=\"https:\/\/www.strategie.gouv.fr\/publications\/incidences-economiques-de-laction-climat\" target=\"_blank\" rel=\"noopener\">de la mission de France Strat\u00e9gie pilot\u00e9e par Jean Pisani-Ferry et Selma Mahfouz<\/a><\/span><\/span>,\u00a0<span style=\"text-decoration: underline;\"><span style=\"color: #0000ff;\"><a style=\"color: #0000ff; text-decoration: underline;\" href=\"https:\/\/www.tresor.economie.gouv.fr\/Articles\/9e631895-bbef-4e9e-8cb6-9c1090986cd9\/files\/ef404b22-96ed-4ba2-ab97-f609aa3ed3e9\" target=\"_blank\" rel=\"noopener\">la direction g\u00e9n\u00e9rale du Tr\u00e9sor<\/a><\/span><\/span>\u00a0a chiffr\u00e9 \u00e0 + 130 Md\u20ac suppl\u00e9mentaires, tous acteurs confondus (administrations, m\u00e9nages, entreprises), les besoins d\u2019investissements suppl\u00e9mentaires annuels bruts en 2030 par rapport \u00e0 l\u2019ann\u00e9e 2021. En net des \u00e9conomies qui peuvent \u00eatre r\u00e9alis\u00e9es sur les investissements fossiles, cette estimation est ramen\u00e9e \u00e0 + 63 Md\u20ac\/an soit plus de 2\u202f% du produit int\u00e9rieur brut (PIB).<\/p>\n<p><strong>La part locale de ces investissements est de mieux en mieux connue.<\/strong>\u00a0<span style=\"text-decoration: underline;\"><span style=\"color: #0000ff;\"><a style=\"color: #0000ff; text-decoration: underline;\" href=\"https:\/\/www.igf.finances.gouv.fr\/igf\/accueil\/nos-activites\/rapports-de-missions\/liste-de-tous-les-rapports-de-mi\/linvestissement-des-collectivite.html\" target=\"_blank\" rel=\"noopener\">L\u2019inspection g\u00e9n\u00e9rale des finances (IGF) a r\u00e9cemment \u00e9valu\u00e9 les besoins d\u2019investissement des collectivit\u00e9s pour la transition \u00e9cologique \u00e0 21 Md\u20ac par an d\u2019ici 2030<\/a><\/span><\/span>, dont pr\u00e8s de 15 Md\u20ac pour les actions de r\u00e9duction de gaz \u00e0 effet de serre, 5 Md\u20ac pour la protection des \u00e9cosyst\u00e8mes et 1,5 Md\u20ac pour l\u2019adaptation au changement climatique. Concernant les actions de r\u00e9duction des gaz \u00e0 effet de serre,\u00a0<span style=\"text-decoration: underline;\"><span style=\"color: #0000ff;\"><a style=\"color: #0000ff; text-decoration: underline;\" href=\"https:\/\/www.i4ce.org\/publication\/collectivites-investissements-ingenierie-neutralite-carbone-climat\/\" target=\"_blank\" rel=\"noopener\">ces estimations sont coh\u00e9rentes avec celles r\u00e9alis\u00e9es par\u00a0<strong>I4CE<\/strong>\u00a0qui avait estim\u00e9 \u00e0 12 Md\u20ac le volume des investissements annuels \u00e0 engager chaque ann\u00e9e d\u2019ici 2030<\/a><\/span><\/span>. L\u2019\u00e9cart entre les deux estimations s\u2019explique principalement par des choix m\u00e9thodologiques diff\u00e9renci\u00e9s\u202fconcernant les investissements dans la r\u00e9novation des b\u00e2timents publics\u202f: ils sont comptabilis\u00e9s en totalit\u00e9 par l\u2019IGF, quand\u00a0<strong>I4CE<\/strong>\u00a0estime uniquement la part d\u00e9di\u00e9e aux travaux \u00e9nerg\u00e9tiques. Notons qu\u2019<strong>I4CE<\/strong>\u00a0travaille actuellement\u00a0<span style=\"text-decoration: underline;\"><span style=\"color: #0000ff;\"><a style=\"color: #0000ff; text-decoration: underline;\" href=\"https:\/\/www.i4ce.org\/projet\/panorama-financements-climat-collectivites-locales\/\" target=\"_blank\" rel=\"noopener\">sur une mise \u00e0 jour<\/a><\/span><\/span>\u00a0de ces besoins pour prendre en compte les \u00e9volutions politiques et \u00e9conomiques les plus r\u00e9centes.<\/p>\n<p>Concernant l\u2019adaptation au changement climatique, l\u2019estimation de l\u2019IGF donne un rep\u00e8re mais ne saurait \u00eatre exhaustive dans un contexte o\u00f9 l\u2019adaptation cherche encore sa place dans les politiques nationales et territoriales.\u00a0<strong>Une chose est pourtant s\u00fbre\u202f: l\u2019adoption attendue du Programme national d\u2019adaptation au changement climatique (PNACC 3)\u00a0<span style=\"text-decoration: underline;\"><span style=\"color: #0000ff;\"><a style=\"color: #0000ff; text-decoration: underline;\" href=\"https:\/\/www.i4ce.org\/publication\/anticiper-effets-rechauffement-4-degres-adaptation-climat\/\" target=\"_blank\" rel=\"noopener\">aura des incidences budg\u00e9taires pour les collectivit\u00e9s<\/a><\/span><\/span>.<\/strong>\u00a0D\u2019une part penser les projets en fonction de sc\u00e9narios climatiques futurs (par exemple\u202f: une France \u00e0 + 4 degr\u00e9s en 2100 par rapport \u00e0 l\u2019\u00e8re pr\u00e9-industrielle) implique de conduire diff\u00e9remment un certain nombre de politiques publiques\u00a0(on peut \u00e9valuer \u00e0 +10% en moyenne le surco\u00fbt d\u2019op\u00e9rations de r\u00e9novations \u00e9nerg\u00e9tiques globales qui prendraient bien en compte la question du confort d\u2019\u00e9t\u00e9, par exemple pour un b\u00e2timent public). D\u2019autre part s\u2019adapter implique de mettre en \u0153uvre sans attendre des investissements additionnels, d\u00e9di\u00e9s par exemple \u00e0 la v\u00e9g\u00e9talisation des espaces publics ou au renforcement de la robustesse de certaines infrastructures face \u00e0 un risque inondation qui augmente.<\/p>\n<h3>Une facture \u00e0 partager<\/h3>\n<p>Si le devis est donc connu, en revanche il n\u2019existe pas de vision \u00e9conomique partag\u00e9e concernant le partage de la facture.<\/p>\n<p><strong>Toutes choses \u00e9gales par ailleurs, ce sont pr\u00e8s de 20 % des d\u00e9penses d\u2019\u00e9quipement totales des collectivit\u00e9s locales qui devraient \u00eatre \u00e0 terme tourn\u00e9s vers le climat, contre pr\u00e8s de 10\u202f% seulement aujourd\u2019hui,\u00a0<a href=\"https:\/\/www.i4ce.org\/publication\/collectivites-locales-evolution-investissements-climat-2017\/\" target=\"_blank\" rel=\"noopener\"><span style=\"text-decoration: underline;\"><span style=\"color: #0000ff; text-decoration: underline;\">part qui a l\u00e9g\u00e8rement progress\u00e9 ces derni\u00e8res ann\u00e9e<\/span><\/span>s<\/a><\/strong>\u202f: mais \u00e0 quel rythme doivent-elles progresser, avec quels financements et\/ou au d\u00e9triment de quoi\u202f? Nul ne se risque aujourd\u2019hui, ni du c\u00f4t\u00e9 gouvernemental, ni parmi les repr\u00e9sentants des \u00e9lus locaux, \u00e0 le dire franchement.<\/p>\n<p>C\u2019est pour documenter ce chemin de financement et ouvrir ce d\u00e9bat jusque-l\u00e0 escamot\u00e9, qu\u2019<span style=\"text-decoration: underline;\"><span style=\"color: #0000ff;\"><a style=\"color: #0000ff; text-decoration: underline;\" href=\"https:\/\/www.i4ce.org\/publication\/collectivites-locales-comment-financer-lacceleration-des-investissements-climat\/\" target=\"_blank\" rel=\"noopener\"><strong>I4CE<\/strong>\u00a0en partenariat avec la direction des \u00e9tudes et de la recherche de La Banque Postale, a publi\u00e9 en 2023 plusieurs sc\u00e9narios prospectifs des finances locales<\/a><\/span><\/span>\u00a0int\u00e9grant comme donn\u00e9e d\u2019entr\u00e9e le doublement des investissements locaux pour le climat, et cherchant \u00e0 recenser les voies pour le financer. La conclusion principale de cette \u00e9tude est qu\u2019aucun des leviers identifi\u00e9s (arbitrages en d\u00e9penses, mobilisation additionnelle de la fiscalit\u00e9 et\/ou des tarifs, emprunts et transferts de l\u2019\u00c9tat) ne peut \u00e0 lui seul permettre de franchir le mur d\u2019investissement dress\u00e9 devant les collectivit\u00e9s\u202f:\u00a0<strong>c\u2019est la mobilisation cumulative de chacun, en fonction des choix et des caract\u00e9ristiques de chaque collectivit\u00e9 mais aussi des impulsions donn\u00e9es par l\u2019\u00c9tat, qui permettra d\u2019avancer.<\/strong><\/p>\n<p>Une des clefs pour faire progresser la r\u00e9flexion est probablement de continuer \u00e0 explorer les deux dimensions centrales du sujet :<\/p>\n<ul>\n<li><strong>le d\u00e9bat qualitatif, d\u2019abord, car le premier enjeu est de favoriser la connaissance et l\u2019appropriation des enjeux de la d\u00e9carbonation des principaux secteurs \u00e9conomiques concern\u00e9s (\u00e9nergie, mobilit\u00e9s, transports) et de l\u2019adaptation aux impacts du changement climatique en fonction des \u00e9l\u00e9ments connus du climat futur et des incertitudes qui demeurent.<\/strong>\u00a0La priorisation de ces sujets dans les politiques locales rel\u00e8ve d\u2019un enjeu d\u00e9mocratique avant d\u2019\u00eatre budg\u00e9taire. Elle appelle des signaux clairs de la part de l\u2019\u00c9tat \u00ab\u202fplanificateur\u202f\u00bb, charg\u00e9 de donner l\u2019impulsion via ses strat\u00e9gies nationales en voie de territorialisation, et demain, peut-\u00eatre, leurs leviers de financement associ\u00e9s ;<\/li>\n<li><strong>le d\u00e9bat quantitatif, ensuite, car il est illusoire de penser qu\u2019une telle augmentation des investissements climat locaux se fera dans des d\u00e9lais aussi brefs par substitution pure et simple \u00e0 d\u2019autres objectifs de politique publique.<\/strong>\u00a0Il est donc fondamental, m\u00eame dans un contexte budg\u00e9taire contraint, de cr\u00e9er les conditions d\u2019un investissement local dynamique dans la dur\u00e9e tout en s\u2019assurant que ce dynamisme vient bien au service d\u2019une acc\u00e9l\u00e9ration de l\u2019action climatique (<span style=\"text-decoration: underline;\"><span style=\"color: #0000ff;\"><a style=\"color: #0000ff; text-decoration: underline;\" href=\"https:\/\/www.legifrance.gouv.fr\/loda\/article_lc\/LEGIARTI000048769127\" target=\"_blank\" rel=\"noopener\">ce qui devrait \u00eatre facilit\u00e9 par l\u2019annexe \u00ab\u202fverte\u202f\u00bb rendue obligatoire pour les comptes administratifs de toutes les collectivit\u00e9s de plus de 3\u202f500\u202fhabitants<\/a><\/span><\/span>).<\/li>\n<\/ul>\n<h3>Quatre pistes pour avancer et acc\u00e9l\u00e9rer en 2024\u202f:<\/h3>\n<h5>1. Utiliser la strat\u00e9gie pluriannuelle de financement de la transition \u00e9cologique pour rendre explicite la place des collectivit\u00e9s dans l\u2019effort budg\u00e9taire collectif<\/h5>\n<p>Plusieurs documents prospectifs ont \u00e9t\u00e9 publi\u00e9s par l\u2019\u00c9tat ces derniers mois pour documenter la trajectoire des finances publiques, que ce soit via les lois de programmation des finances publiques (LPFP), qui int\u00e8grent les comptes locaux, ou\u00a0<span style=\"text-decoration: underline;\"><span style=\"color: #0000ff;\"><a style=\"color: #0000ff; text-decoration: underline;\" href=\"https:\/\/www.budget.gouv.fr\/files\/uploads\/extract\/2022\/programme_stabilite\/PSTAB%202022.pdf\" target=\"_blank\" rel=\"noopener\">les programmes de stabilit\u00e9<\/a><\/span><\/span>\u00a0successifs.\u00a0<strong>N\u00e9anmoins aucun d\u2019entre eux n\u2019int\u00e8gre explicitement de dynamique des investissements locaux pour le climat.<\/strong>\u00a0Pis, l\u2019analyse des sous-jacents de ces documents laisse \u00e0 penser que le sujet a \u00e9t\u00e9 simplement mis de c\u00f4t\u00e9 au b\u00e9n\u00e9fice d\u2019une lecture des finances locales exclusivement centr\u00e9e sur la recherche d\u2019un solde budg\u00e9taire positif et d\u2019une trajectoire de d\u00e9sendettement local, dont la cr\u00e9dibilit\u00e9 est d\u2019ailleurs limit\u00e9e.<\/p>\n<p>2024 offre une occasion int\u00e9ressante de faire progresser la qualit\u00e9 de ces trajectoires prospectives concernant les finances publiques.\u00a0<strong>Pour la premi\u00e8re fois, le gouvernement va devoir pr\u00e9senter au Parlement une strat\u00e9gie pluriannuelle de financement de la transition \u00e9cologique\u202fcompatible avec les grandes orientations de la strat\u00e9gie nationale bas carbone, mais appuy\u00e9e \u00e9galement sur la vision prospective des finances publiques.<\/strong>\u00a0<span style=\"text-decoration: underline;\"><span style=\"color: #0000ff;\"><a style=\"color: #0000ff; text-decoration: underline;\" href=\"https:\/\/www.i4ce.org\/nouvelle-strategie-financement-transition-devra-clore-debat-inacheve-2023-climat\/\" target=\"_blank\" rel=\"noopener\">La priorit\u00e9 selon\u00a0<strong>I4CE<\/strong><\/a><\/span><\/span>\u00a0doit \u00eatre d\u2019inscrire dans ce document une premi\u00e8re \u00e9valuation de la part des d\u00e9penses climatiques par secteur et par cat\u00e9gorie d\u2019acteur, y compris bien s\u00fbr les collectivit\u00e9s locales, id\u00e9alement distingu\u00e9es par \u00e9chelon de collectivit\u00e9s (bloc communal, d\u00e9partements, r\u00e9gions).<\/p>\n<h5>2. Intensifier le processus de territorialisation de la planification \u00e9cologique<\/h5>\n<p>\u00c9nergie, logements, transports, pr\u00e9vention des risques climatiques\u2026 dans aucun de ces secteurs les collectivit\u00e9s n\u2019agissent seules. C\u2019est toujours leur action coordonn\u00e9e, entre elles d\u2019abord, et avec d\u2019autres acteurs priv\u00e9s et publics qui permet d\u2019avancer sur les grands domaines de la neutralit\u00e9 carbone ou de l\u2019adaptation. Cette position d\u2019interd\u00e9pendance, cumul\u00e9e au fait que nombre de communes ne disposent pas de la taille critique pour disposer de strat\u00e9gies autonomes, n\u00e9cessite le d\u00e9ploiement d\u2019instruments de coordination territoriale sur les questions climatiques beaucoup plus pouss\u00e9s que ce qui existe aujourd\u2019hui.<\/p>\n<p><strong>Avant m\u00eame de parler des financements, faire \u00ab\u202fatterrir\u202f\u00bb aux \u00e9chelles territoriales pertinentes les strat\u00e9gies nationales \u00e9nergie-climat (SNBC\u202f\/ PNACC) est donc une condition\u00a0<em>sine qua non<\/em>\u00a0de leur mise en \u0153uvre.<\/strong>\u00a0\u00c0 l\u2019\u00e9chelle locale les plans climat-air-\u00e9nergie territoriaux (PCAET), rendus obligatoires pour chaque intercommunalit\u00e9 de plus de 20\u202f000\u202fhabitants depuis\u202f2019, s\u2019emploient \u00e0 doter les collectivit\u00e9s concern\u00e9es de plans d\u2019action. Toutefois, le dialogue \u00c9tat-collectivit\u00e9s sur ces sujets reste tr\u00e8s imparfait, et il n\u2019existe pas, loin de l\u00e0, de vision consolid\u00e9e de la fa\u00e7on dont les initiatives locales bouclent avec les plans nationaux. Le processus de territorialisation de la planification \u00e9cologique entam\u00e9 en 2023 avec les \u00ab\u202fCOP r\u00e9gionales\u202f\u00bb, qui n\u2019en est qu\u2019\u00e0 ses balbutiements, m\u00e9rite donc d\u2019\u00eatre approfondi, descendu \u00e0 l\u2019\u00e9chelle des bassins de vie (le p\u00e9rim\u00e8tre des contrats de r\u00e9ussite de la transition \u00e9cologique \u2013 CRTE \u2013 semble int\u00e9ressant), et dot\u00e9 d\u2019indicateurs pertinents pour un suivi dans le temps.<\/p>\n<h5>3. Donner un maximum de visibilit\u00e9 aux \u00e9lus locaux pour ne pas freiner l\u2019investissement local<\/h5>\n<p>La structure d\u2019un budget local, souvent m\u00e9connue, repose sur un principe simple\u202f: ce sont les exc\u00e9dents d\u00e9gag\u00e9s par la diff\u00e9rence entre les ressources p\u00e9rennes d\u2019une collectivit\u00e9 et leurs d\u00e9penses de fonctionnement courant qui permettent de fixer le niveau de d\u00e9penses d\u2019investissement souhait\u00e9 par les \u00e9lus. M\u00eame s\u2019il est possible d\u2019aller chercher des ressources compl\u00e9mentaires (subventions vers\u00e9es par d\u2019autres acteurs et emprunts), c\u2019est bien cette capacit\u00e9 qu\u2019a la collectivit\u00e9 \u00e0 autofinancer sa politique d\u2019investissement qui constitue l\u2019\u00e9l\u00e9ment clef de toute d\u00e9cision d\u2019investissement local.<\/p>\n<p><strong>Dit autrement, toute politique qui chercherait \u00e0 soutenir un investissement local dynamique doit avoir comme objectif de rassurer les \u00e9lus locaux et leurs \u00e9quipes sur le niveau d\u2019\u00e9pargne qu\u2019elles peuvent attendre, et les anticipations qu\u2019elles peuvent nourrir \u00e0 son sujet.<\/strong>\u00a0De ce point de vue, la concentration des efforts de l\u2019\u00c9tat sur des subventions vers\u00e9es sur une base annuelle et en investissement via le \u00ab\u202fFonds Vert\u202f\u00bb ne r\u00e9pond que tr\u00e8s imparfaitement \u00e0 cette logique \u00e9conomique g\u00e9n\u00e9rale. De m\u00eame, les menaces qui semblent planer \u00e0 nouveau sur les dotations vers\u00e9es par l\u2019\u00c9tat aux collectivit\u00e9s font peser le risque d\u2019une prudence accrue des investisseurs locaux pour les ann\u00e9es \u00e0 venir qui ne pourrait \u00eatre que n\u00e9gative pour la dynamique de l\u2019action climatique.<\/p>\n<p>Dans ce contexte, et dans la continuit\u00e9 de r\u00e9flexions d\u00e9j\u00e0 entam\u00e9es, 2024 pourrait \u00eatre l\u2019occasion\u202f:<\/p>\n<ul>\n<li>d\u2019une part de\u00a0<strong>r\u00e9orienter une partie des subventions d\u2019investissement favorables au climat vers les ressources de fonctionnement des collectivit\u00e9s<\/strong>, et de leur donner une assiette pr\u00e9visible (\u00e0 l\u2019image de ce qui avait \u00e9t\u00e9 envisag\u00e9 pour le \u00ab\u202fFonds Climat Territorial\u202f\u00bb fin 2023)\u202f;<\/li>\n<li>d\u2019autre part de\u00a0<strong>faire progresser l\u2019id\u00e9e d\u2019une pluri annualisation de l\u2019ensemble des engagements budg\u00e9taires de l\u2019\u00c9tat en direction des collectivit\u00e9s<\/strong>\u00a0afin de leur conf\u00e9rer un caract\u00e8re plus pr\u00e9visible qu\u2019aujourd\u2019hui.<\/li>\n<\/ul>\n<h5>4. Construire des strat\u00e9gies de financement locales pour le climat<\/h5>\n<p>Plusieurs dizaines de collectivit\u00e9s, de toutes tailles et de tous \u00e9chelons, se sont aujourd\u2019hui \u00e9quip\u00e9es pour utiliser diff\u00e9rents outils de budg\u00e9tisation verte. Si les m\u00e9thodes varient de l\u2019une \u00e0 l\u2019autre,\u00a0<span style=\"text-decoration: underline;\"><span style=\"color: #0000ff;\"><a style=\"color: #0000ff; text-decoration: underline;\" href=\"https:\/\/www.i4ce.org\/wp-content\/uploads\/2023\/10\/I4CE-Budgetisation-verte-retours-dexperience-des-collectivites_V2.pdf\" target=\"_blank\" rel=\"noopener\">la plupart d\u2019entre elles soulignent que le principal apport des d\u00e9marches de ce type est d\u2019institutionnaliser et de syst\u00e9matiser les moments d\u2019\u00e9changes sur les enjeux environnementaux lors des discussions budg\u00e9taires<\/a><\/span><\/span>. En revanche, l\u2019impact de ces outils sur les arbitrages politiques et techniques et une \u00e9ventuelle r\u00e9orientation des d\u00e9penses au b\u00e9n\u00e9fice de l\u2019environnement ou du climat reste, de l\u2019avis g\u00e9n\u00e9ral, limit\u00e9 pour l\u2019instant.<\/p>\n<p><strong>L\u2019enjeu est aujourd\u2019hui de passer des objectifs climatiques de la collectivit\u00e9, tels qu\u2019ils sont par exemple retranscrits dans les PCAET pour l\u2019\u00e9chelle intercommunale, \u00e0 l\u2019action op\u00e9rationnelle et budg\u00e9t\u00e9e, collectivit\u00e9 par collectivit\u00e9, selon les comp\u00e9tences de chacune.<\/strong>\u00a0Alors que se profilent les \u00e9lections municipales de 2026, il serait important de commencer \u00e0 pr\u00e9parer des programmations pluriannuelles des investissements (PPI) financ\u00e9es et align\u00e9es avec les strat\u00e9gies climat. L\u2019enjeu est de construire une passerelle syst\u00e9matique entre objectifs climatiques nationaux et locaux, identification des projets n\u00e9cessaires \u00e0 lancer avec leurs co\u00fbts, et mobilisation des financements associ\u00e9s.\u00a0<span style=\"text-decoration: underline;\"><span style=\"color: #0000ff;\"><a style=\"color: #0000ff; text-decoration: underline;\" href=\"https:\/\/www.i4ce.org\/projet\/co-construction-demarche-plans-financement-climat-niveau-local\/\" target=\"_blank\" rel=\"noopener\"><strong>I4CE<\/strong>\u00a0travaille avec un collectif d\u2019une dizaine de collectivit\u00e9s volontaires appuy\u00e9 par plusieurs associations d\u2019\u00e9lus locaux<\/a><\/span><\/span>\u00a0pour construire de la m\u00e9thodologie utile aux d\u00e9cideurs locaux \u00e0 cette fin.<\/p>\n<p>&nbsp;<\/p>\n<p><em>Cet article a \u00e9t\u00e9 initialement publi\u00e9 le 24 juin 2024.<\/em><\/p>\n","protected":false},"excerpt":{"rendered":"<p>Cet article a \u00e9t\u00e9 initialement publi\u00e9 sur le site de l&rsquo;I4CE (Institute for Climate Economics), le 23 mai 2024. Il en va du financement de l\u2019action climatique \u00e0 l\u2019\u00e9chelle locale comme des travaux \u00e0 entreprendre dans une copropri\u00e9t\u00e9 compos\u00e9e de plus de 35\u202f000 d\u00e9cideurs diff\u00e9rents\u202f: le devis est de plus en plus pr\u00e9cis mais, s\u2019agissant [&hellip;]<\/p>\n","protected":false},"author":495,"featured_media":8174,"comment_status":"open","ping_status":"open","sticky":false,"template":"","format":"standard","meta":{"_et_pb_use_builder":"","_et_pb_old_content":"","_et_gb_content_width":"","_exactmetrics_skip_tracking":false,"_exactmetrics_sitenote_active":false,"_exactmetrics_sitenote_note":"","_exactmetrics_sitenote_category":0,"footnotes":""},"categories":[122],"tags":[],"class_list":["post-8172","post","type-post","status-publish","format-standard","has-post-thumbnail","hentry","category-climat","et-has-post-format-content","et_post_format-et-post-format-standard"],"_links":{"self":[{"href":"https:\/\/variances.eu\/index.php?rest_route=\/wp\/v2\/posts\/8172","targetHints":{"allow":["GET"]}}],"collection":[{"href":"https:\/\/variances.eu\/index.php?rest_route=\/wp\/v2\/posts"}],"about":[{"href":"https:\/\/variances.eu\/index.php?rest_route=\/wp\/v2\/types\/post"}],"author":[{"embeddable":true,"href":"https:\/\/variances.eu\/index.php?rest_route=\/wp\/v2\/users\/495"}],"replies":[{"embeddable":true,"href":"https:\/\/variances.eu\/index.php?rest_route=%2Fwp%2Fv2%2Fcomments&post=8172"}],"version-history":[{"count":2,"href":"https:\/\/variances.eu\/index.php?rest_route=\/wp\/v2\/posts\/8172\/revisions"}],"predecessor-version":[{"id":8480,"href":"https:\/\/variances.eu\/index.php?rest_route=\/wp\/v2\/posts\/8172\/revisions\/8480"}],"wp:featuredmedia":[{"embeddable":true,"href":"https:\/\/variances.eu\/index.php?rest_route=\/wp\/v2\/media\/8174"}],"wp:attachment":[{"href":"https:\/\/variances.eu\/index.php?rest_route=%2Fwp%2Fv2%2Fmedia&parent=8172"}],"wp:term":[{"taxonomy":"category","embeddable":true,"href":"https:\/\/variances.eu\/index.php?rest_route=%2Fwp%2Fv2%2Fcategories&post=8172"},{"taxonomy":"post_tag","embeddable":true,"href":"https:\/\/variances.eu\/index.php?rest_route=%2Fwp%2Fv2%2Ftags&post=8172"}],"curies":[{"name":"wp","href":"https:\/\/api.w.org\/{rel}","templated":true}]}}