{"id":7722,"date":"2023-11-13T07:20:09","date_gmt":"2023-11-13T06:20:09","guid":{"rendered":"https:\/\/variances.eu\/?p=7722"},"modified":"2023-11-13T07:31:30","modified_gmt":"2023-11-13T06:31:30","slug":"mesurer-les-performances-de-decarbonation-des-producteurs","status":"publish","type":"post","link":"https:\/\/variances.eu\/?p=7722","title":{"rendered":"Mesurer les performances de d\u00e9carbonation des producteurs"},"content":{"rendered":"<p>Cet article fait le point des travaux de mesure des performances de d\u00e9carbonation conduits par la communaut\u00e9 Carbones sur factures<a href=\"#_ftn1\" name=\"_ftnref1\"><sup>[1]<\/sup><\/a>. Il d\u00e9crit les deux mesures auxquelles ils aboutissent\u00a0: le poids en carbones d\u2019un produit, et la d\u00e9carbonation d\u2019un producteur ou d\u2019un financement \u00e0 ce producteur.<\/p>\n<h5><strong>Rappel du probl\u00e8me<\/strong><\/h5>\n<p>L\u2019humanit\u00e9 est confront\u00e9e \u00e0 un gigantesque d\u00e9fi\u00a0: ramener \u00e0 z\u00e9ro le flux net vers l\u2019atmosph\u00e8re des gaz \u00e0 effet de serre (ou \u00ab\u00a0carbones\u00a0\u00bb dans cet article). Ce flux augmente le stock de carbones dans l\u2019atmosph\u00e8re depuis 200 ans, avec des cons\u00e9quences largement irr\u00e9versibles sur l\u2019environnement. On les ram\u00e8ne souvent \u00e0 une hausse des temp\u00e9ratures moyennes, parce que le probl\u00e8me a \u00e9t\u00e9 d\u2019abord rep\u00e9r\u00e9 et mesur\u00e9 par les m\u00e9t\u00e9orologues du GIEC et notamment un Fran\u00e7ais, Jean Jouzel. Les cons\u00e9quences vont bien au-del\u00e0 du d\u00e9r\u00e8glement du climat\u00a0avec le d\u00e9r\u00e8glement du cycle de l\u2019eau et, surtout, la souffrance du vivant dont la disparition des esp\u00e8ces n\u2019est que l\u2019indicateur ultime (travaux de l\u2019IPBES, organisation s\u0153ur du GIEC, et notamment de Sandra Lavorel, derni\u00e8re m\u00e9daille d\u2019or du CNRS).<\/p>\n<p>Les sch\u00e9mas ci-dessous r\u00e9sument le caract\u00e8re central de l\u2019\u00e9quilibre des carbones.<\/p>\n<p style=\"text-align: center;\"><strong>L\u2019IMPORTANCE DU PILOTAGE DES CARBONES<\/strong><\/p>\n<p><img loading=\"lazy\" decoding=\"async\" class=\"wp-image-7723 aligncenter\" src=\"https:\/\/variances.eu\/wp-content\/uploads\/2023\/11\/Image1.png\" alt=\"\" width=\"800\" height=\"340\" srcset=\"https:\/\/variances.eu\/wp-content\/uploads\/2023\/11\/Image1.png 1532w, https:\/\/variances.eu\/wp-content\/uploads\/2023\/11\/Image1-300x127.png 300w, https:\/\/variances.eu\/wp-content\/uploads\/2023\/11\/Image1-1024x435.png 1024w, https:\/\/variances.eu\/wp-content\/uploads\/2023\/11\/Image1-600x255.png 600w, https:\/\/variances.eu\/wp-content\/uploads\/2023\/11\/Image1-1080x459.png 1080w\" sizes=\"(max-width: 800px) 100vw, 800px\" \/><\/p>\n<p style=\"text-align: center;\"><em>Images libres Carbones sur factures<\/em><\/p>\n<h5><strong>Mesurer la d\u00e9carbonation au niveau mondial ou national est insuffisant<\/strong><\/h5>\n<p>Pour agir sur la d\u00e9carbonation, l\u2019humanit\u00e9 doit la mesurer, donc mesurer la baisse annuelle du flux de carbones nets (par convention, une d\u00e9carbonation positive correspond \u00e0 une baisse). Nous suivons de mieux en mieux la d\u00e9carbonation <u>collective<\/u> des producteurs\u00a0: des organismes dans chaque pays, coordonn\u00e9s par les Nations Unies, mesurent par recensements leurs \u00e9missions directes de gaz \u00e0 effet de serre (ce que les sp\u00e9cialistes appellent le scope 1 de leur empreinte carbone, une mesure additive). La somme des \u00e9missions donne l\u2019\u00e9mission du pays, la variation des \u00e9missions annuelles donne la d\u00e9carbonation nationale puis, par addition, la d\u00e9carbonation de l\u2019atmosph\u00e8re terrestre. On trace ensuite des trajectoires expliquant comment on va ramener le flux \u00e0 z\u00e9ro avant que le stock de carbones dans l\u2019atmosph\u00e8re ait trop d\u00e9grad\u00e9 les \u00e9quilibres de la plan\u00e8te.<\/p>\n<p>Cette mesure globale \u00ab\u00a0tous producteurs confondus\u00a0\u00bb ne suffit pas\u00a0: les trajectoires\u00a0au niveau national ou plan\u00e9taire n\u2019auront un v\u00e9ritable contenu que quand chaque producteur saura mesurer sa contribution annuelle \u00e0 la d\u00e9carbonation et piloter sa propre trajectoire.<\/p>\n<h5><strong>La performance carbone des produits<\/strong><\/h5>\n<p><span style=\"text-decoration: underline;\"><span style=\"color: #0000ff;\"><a style=\"color: #0000ff; text-decoration: underline;\" href=\"https:\/\/carbones-factures.org\/produit\/\">La premi\u00e8re partie du travail de Carbones sur factures<\/a><\/span><\/span> a port\u00e9 sur la performance carbone du produit d\u2019un producteur. Son standard international de mesure est le poids en carbones du produit \u00ab\u00a0de la mine\u00a0au client du producteur\u00a0\u00bb. Il compte tous les carbones qui ont \u00e9t\u00e9 n\u00e9cessaires en amont, le long des chaines de production des fournisseurs du producteur, des fournisseurs de ces fournisseurs\u2026 et ainsi de suite en remontant \u00ab\u00a0jusqu\u2019\u00e0 la mine\u00a0\u00bb. C\u2019est ce standard de mesure que nous retenons.<\/p>\n<p>Aujourd\u2019hui, un producteur l\u2019obtient en estimant le contenu en carbones de son produit \u00e0 partir de donn\u00e9es statistiques externes sur ses diff\u00e9rents intrants (achats et carbones captur\u00e9s ou \u00e9mis pendant la production). C\u2019est lourd pour lui, d\u00e9pendant de sa m\u00e9thode (donc peu comparable) et peu fiable. Nous avons d\u00e9fini (avec d\u2019autres<a href=\"#_ftn2\" name=\"_ftnref2\"><sup>[2]<\/sup><\/a>) une m\u00e9thode de mesure collaborative qui \u00e9vite ces probl\u00e8mes. Le producteur se concentre sur les carbones qu\u2019il ajoute (ou non) aux carbones de ses fournisseurs et calcule chaque ann\u00e9e les poids unitaires en carbones du ou des produits qu\u2019il vend, poids qu\u2019il r\u00e9percute \u00e0 client, qui r\u00e9percutera ensuite \u00e0 son propre client. Chaque producteur s\u2019appuie sur les poids unitaires et les quantit\u00e9s de ses intrants, sur sa comptabilit\u00e9 analytique, et sur les donn\u00e9es statistiques externes actuelles, utilis\u00e9es aussi longtemps qu\u2019un fournisseur ne donne pas l\u2019information ou qu\u2019elle n\u2019est pas fiable<a href=\"#_ftn3\" name=\"_ftnref3\"><sup>[3]<\/sup><\/a>.<\/p>\n<p>Le poids unitaire du produit est la somme des intrants n\u00e9cessaires pour une unit\u00e9 vendue<a href=\"#_ftn4\" name=\"_ftnref4\"><sup>[4]<\/sup><\/a>. (Toutes les formules math\u00e9matiques sont report\u00e9es en annexe.)<\/p>\n<h5><strong>La mesure de la performance carbone d\u2019un producteur doit \u00eatre corrig\u00e9e<\/strong><\/h5>\n<p>La seconde partie des travaux de Carbones sur factures a port\u00e9 sur la mesure de ce que nous appelons la <strong>d\u00e9carbonation<\/strong> d\u2019un producteur\u00a0: sa contribution (en carbones) \u00e0 la d\u00e9carbonation de l\u2019atmosph\u00e8re terrestre. Cette mesure doit pr\u00e9senter deux qualit\u00e9s :<\/p>\n<ul>\n<li>elle doit \u00eatre additive\u00a0pour que la somme des d\u00e9carbonations des producteurs soit celle que mesurent les scientifiques pour toute l\u2019atmosph\u00e8re terrestre;<\/li>\n<li>elle doit donner les bons signaux au producteur\u00a0: en maximisant sa d\u00e9carbonation, il maximise sa contribution \u00e0 la d\u00e9carbonation de l\u2019atmosph\u00e8re.<\/li>\n<\/ul>\n<p>Le standard international actuel de mesure de la d\u00e9carbonation est la variation de l\u2019empreinte du producteur d\u2019une ann\u00e9e sur l\u2019autre, l\u2019empreinte \u00e9tant la totalit\u00e9 des poids de carbones des produits vendus<a href=\"#_ftn5\" name=\"_ftnref5\"><sup>[5]<\/sup><\/a>. Cette mesure ne remplit pas les deux conditions requises.<\/p>\n<ul>\n<li>Elle n\u2019est pas additive. Le poids unitaire du producteur int\u00e8gre tous les poids des cha\u00eenes de production amont\u00a0: donc toute variation d\u2019un poids en amont impacte chaque variation d\u2019empreinte de la chaine jusqu\u2019au producteur. Ces doubles comptes emp\u00eachent les variations d\u2019empreinte d\u2019\u00eatre additives<a href=\"#_ftn6\" name=\"_ftnref6\">[6]<\/a>.<\/li>\n<li>Elle transmet un mauvais signal en sugg\u00e9rant \u00e0 chaque producteur de baisser sa propre empreinte, donc ses ventes. Pourtant, un producteur vendant un produit comp\u00e9titif en carbones (par exemple une pompe \u00e0 chaleur)\u00a0d\u00e9carbone en <u>augmentant<\/u> ses ventes en d\u00e9clenchant un effet de substitution avec des chaudi\u00e8res moins performantes, tant qu\u2019il ne d\u00e9clenche pas un effet rebond (qui augmenterait le parc install\u00e9 total).<\/li>\n<\/ul>\n<p>Pour construire une formule de la d\u00e9carbonation corrig\u00e9e de ces biais, nous partons de la formule de la variation d\u2019empreinte<a href=\"#_ftn7\" name=\"_ftnref7\"><sup>[7]<\/sup><\/a>. Elle peut se d\u00e9composer en deux parties\u00a0: un effet Poids unitaire en carbones des ventes (la variation du poids unitaire du produit \u00e0 ventes constantes) et un effet Quantit\u00e9s vendues (la variation des quantit\u00e9s vendues \u00e0 poids unitaire constant).<\/p>\n<h5 style=\"padding-left: 40px;\"><strong><em>L\u2019effet Poids unitaire<\/em><\/strong><em> <strong>des ventes<\/strong><\/em><\/h5>\n<p>L\u2019effet poids unitaire des ventes peut se d\u00e9composer \u00e0 son tour au niveau des intrants\u00a0: l\u2019addition d\u2019un effet Poids unitaires des intrants\u00a0(la variation des poids unitaires \u00e0 quantit\u00e9s constantes) et d\u2019un effet Quantit\u00e9 des intrants pour une unit\u00e9 vendue (la variation des quantit\u00e9s unitaires d\u2019intrants \u00e0 poids unitaires constants).<\/p>\n<p>Or, on peut consid\u00e9rer que la variation des Poids unitaires des intrants r\u00e9sulte des actions de l\u2019ensemble des cha\u00eenes de production de ces intrants, tandis que la variation des Quantit\u00e9s d\u2019intrants pour 1 unit\u00e9 vendue ne r\u00e9sulte que de l\u2019action de l\u2019entreprise consid\u00e9r\u00e9e<\/p>\n<p>En \u00e9liminant \u00e0 chaque \u00e9tape de production l\u2019effet Poids unitaire des intrants utilis\u00e9s, on ne garde que la d\u00e9carbonation ajout\u00e9e par le producteur \u00e0 cette \u00e9tape. La mesure additive, et la d\u00e9carbonation provoqu\u00e9e par l\u2019effet Poids unitaire des ventes, se r\u00e9duit \u00e0 l\u2019effet Quantit\u00e9 d\u2019intrants pour 1 unit\u00e9 vendue.<\/p>\n<h5 style=\"padding-left: 40px;\"><strong><em>L\u2019effet Quantit\u00e9s vendues<\/em><\/strong><\/h5>\n<p>Pour mesurer la d\u00e9carbonation due au second effet (Quantit\u00e9s vendues) il faut \u00e9galement la d\u00e9composer en deux\u00a0:<\/p>\n<ul>\n<li>celle \u00e0 march\u00e9 global (par exemple national) stable du produit\u00a0: nous la baptisons effet Substitution, car, en pratique, 1 unit\u00e9 produit \u00ab\u00a0d\u00e9carbon\u00e9\u00a0\u00bb suppl\u00e9mentaire vient remplacer 1 unit\u00e9 produit \u00ab\u00a0carbon\u00e9\u00a0\u00bb;<\/li>\n<li>celle qui traduit l\u2019\u00e9volution du march\u00e9\u00a0: nous la baptisons effet Rebond (m\u00eame si elle est plus large que l\u2019effet rebond qui vise en g\u00e9n\u00e9ral le seul cas o\u00f9 l\u2019effet Substitution est contrari\u00e9 par une hausse globale du march\u00e9).<\/li>\n<\/ul>\n<p>\u00c0 march\u00e9 stable, un produit vendu en plus par un producteur se substitue \u00e0 une vente perdue par un autre producteur. Ensemble, ils provoquent une d\u00e9carbonation \u00e9gale \u00e0 l\u2019\u00e9cart de leurs poids unitaires, qu\u2019on peut partager entre eux sur la base de l\u2019\u00e9cart du poids unitaire du produit du chacun au poids unitaire moyen du march\u00e9 global. La mesure de l\u2019effet Substitution est donc la multiplication de la variation de quantit\u00e9 vendue du producteur par l\u2019\u00e9cart de son poids au poids moyen du march\u00e9.<\/p>\n<p>Si le march\u00e9 global varie (effet Rebond), on partage conventionnellement cette variation entre les producteurs du march\u00e9 au prorata de leur empreinte.<\/p>\n<h5><strong>La formule de la d\u00e9carbonation obtenue r\u00e9pond aux deux conditions pos\u00e9es <\/strong><\/h5>\n<p>Au total, la mesure de la d\u00e9carbonation additionne l\u2019effet Quantit\u00e9 unitaire des intrants, l\u2019effet Substitution des ventes et l\u2019effet Rebond.<\/p>\n<p>La mesure est additive\u00a0et l\u2019annexe permet de le v\u00e9rifier.<\/p>\n<p>Avec l\u2019autre mesure de performance (les poids unitaires du ou des produits vendus), la d\u00e9carbonation transmet au producteur des messages de productivit\u00e9 carbone coh\u00e9rents<a href=\"#_ftn8\" name=\"_ftnref8\"><sup>[8]<\/sup><\/a>\u00a0qui alignent son int\u00e9r\u00eat et l\u2019int\u00e9r\u00eat collectif :<\/p>\n<ul>\n<li>baisser les poids unitaires de ses produits, en surveillant les poids unitaires de ses achats et en r\u00e9duisant ses quantit\u00e9s d\u2019intrants;<\/li>\n<li>augmenter ses parts de march\u00e9 l\u00e0 o\u00f9 ses poids unitaires sont comp\u00e9titifs, les r\u00e9duire l\u00e0 o\u00f9 ils ne le sont pas;<\/li>\n<li>veiller \u00e0 l\u2019effet rebond au niveau de sa profession.<\/li>\n<\/ul>\n<p>La formule de la d\u00e9carbonation s\u2019appuie uniquement sur les donn\u00e9es n\u00e9cessaires au producteur pour mesurer les poids en carbones de ses produits, hors deux r\u00e9f\u00e9rences statistiques relatives \u00e0 l\u2019\u00e9volution du march\u00e9, le Poids unitaire moyen et la taille globale du march\u00e9. Pour ces deux derniers points, il revient \u00e0 une autorit\u00e9 statistique de les \u00e9valuer pour chaque produit dont on veut suivre la d\u00e9carbonation.<\/p>\n<h5><strong>Conclusion<\/strong><\/h5>\n<p>Les deux mesures de performance carbone d\u00e9crites modifient les instruments d\u2019une politique \u00e9conomique environnementale, en permettant de d\u00e9clencher une concurrence carbone vertueuse entre les produits et aussi entre les placements (la d\u00e9carbonation d\u2019un placement est celle des acteurs financ\u00e9s).<\/p>\n<p>Ces mesures d\u00e9crites sont un socle pour de nombreux d\u00e9veloppements sur lesquelles les travaux\u00a0sont \u00e0 poursuivre :<\/p>\n<ul>\n<li>pour les entreprises, construire les outils pour capitaliser et \u00e9changer la d\u00e9carbonation et permettre aux producteurs de solutions d\u00e9carbonantes de partager les carbones \u00e9vit\u00e9s avec leurs clients;<\/li>\n<li>pour les statisticiens \u00e9conomistes, construire des statistiques de poids des produits et une comptabilit\u00e9 nationale \u00e9largie aux carbones;<\/li>\n<li>pour les \u00e9conomistes, passer du concept de prix du carbone \u00e0 celui de prix de la d\u00e9carbonation, et construire des subventions\/taxes \u00e0 la d\u00e9carbonation\/carbonation.<\/li>\n<\/ul>\n<p>&nbsp;<\/p>\n<p><em>Mots-cl\u00e9s : Mesure &#8211; D<span class=\"il\">\u00e9carbonation &#8211; P<\/span>roducteur &#8211; Empreinte &#8211; Carbone<\/em><\/p>\n<hr \/>\n<h5><strong>ANNEXE<\/strong><\/h5>\n<p><strong>Formules math\u00e9matiques <\/strong>(<span style=\"text-decoration: underline;\"><span style=\"color: #0000ff; text-decoration: underline;\"><a style=\"color: #0000ff; text-decoration: underline;\" href=\"https:\/\/variances.eu\/wp-content\/uploads\/2023\/11\/ANNEXES-Formules.pdf\">version pdf<\/a><\/span><\/span>)<\/p>\n<p><strong>Le poids unitaire du produit<\/strong><\/p>\n<p><img loading=\"lazy\" decoding=\"async\" src=\"https:\/\/variances.eu\/wp-content\/ql-cache\/quicklatex.com-4e306f67f54abf7efc7250c8d1e71ffd_l3.png\" class=\"ql-img-inline-formula quicklatex-auto-format\" alt=\"&#112;&#95;&#49;\" title=\"Rendered by QuickLaTeX.com\" height=\"12\" width=\"17\" style=\"vertical-align: -4px;\"\/> <em>, poids unitaire en carbones du produit vendu, est la somme des intrants n\u00e9cessaires divis\u00e9e par le nom d\u2019unit\u00e9s vendues. Si <img loading=\"lazy\" decoding=\"async\" src=\"https:\/\/variances.eu\/wp-content\/ql-cache\/quicklatex.com-f3110d9ad8cf295e7c6a8aa4c5134b2f_l3.png\" class=\"ql-img-inline-formula quicklatex-auto-format\" alt=\"&#107;&#95;&#123;&#105;&#49;&#125;\" title=\"Rendered by QuickLaTeX.com\" height=\"16\" width=\"21\" style=\"vertical-align: -3px;\"\/><\/em><em> et <img loading=\"lazy\" decoding=\"async\" src=\"https:\/\/variances.eu\/wp-content\/ql-cache\/quicklatex.com-9cc9928b6549c79619edb7a651a73dea_l3.png\" class=\"ql-img-inline-formula quicklatex-auto-format\" alt=\"&#112;&#95;&#123;&#105;&#49;&#125;\" title=\"Rendered by QuickLaTeX.com\" height=\"12\" width=\"22\" style=\"vertical-align: -4px;\"\/><\/em><em>\u00a0sont les quantit\u00e9s et les poids des intrants i n\u00e9cessaires \u00e0 la production d\u2019une unit\u00e9 vendue l\u2019ann\u00e9e 1 :<\/em><\/p>\n<p><img loading=\"lazy\" decoding=\"async\" src=\"https:\/\/variances.eu\/wp-content\/ql-cache\/quicklatex.com-fceb1ff8e9dad84b3078304ce2257798_l3.png\" class=\"ql-img-inline-formula quicklatex-auto-format\" alt=\"&#112;&#95;&#49;&#32;&#61;&#32;&#92;&#83;&#105;&#103;&#109;&#97;&#95;&#123;&#105;&#125;&#32;&#112;&#95;&#123;&#105;&#49;&#125;&#92;&#44;&#32;&#107;&#95;&#123;&#105;&#49;&#125;\" title=\"Rendered by QuickLaTeX.com\" height=\"17\" width=\"111\" style=\"vertical-align: -4px;\"\/><\/p>\n<p>&nbsp;<\/p>\n<p><strong>La variation d\u2019empreinte<\/strong><\/p>\n<p><em>Avec les notations pr\u00e9c\u00e9dentes, et <\/em><em>Q<sub>1<\/sub><\/em><em> et <\/em><em>Q<sub>2<\/sub><\/em><em> pour les quantit\u00e9s vendues les ann\u00e9es 1 et 2,\u00a0 la variation d\u2019empreinte peut se pr\u00e9senter comme un effet Poids unitaire des ventes et un effet Quantit\u00e9s vendues :<\/em><\/p>\n<p><img loading=\"lazy\" decoding=\"async\" src=\"https:\/\/variances.eu\/wp-content\/ql-cache\/quicklatex.com-07c1492ed9c8010295213d70f75034d3_l3.png\" class=\"ql-img-inline-formula quicklatex-auto-format\" alt=\"&#112;&#95;&#49;&#32;&#81;&#95;&#49;&#32;&#45;&#32;&#112;&#95;&#50;&#32;&#81;&#95;&#50;&#32;&#61;&#32;&#81;&#95;&#49;&#32;&#40;&#112;&#95;&#49;&#32;&#45;&#32;&#112;&#95;&#50;&#41;&#32;&#43;&#32;&#112;&#95;&#50;&#32;&#40;&#81;&#95;&#49;&#32;&#45;&#32;&#81;&#95;&#50;&#41;\" title=\"Rendered by QuickLaTeX.com\" height=\"19\" width=\"349\" style=\"vertical-align: -5px;\"\/><\/p>\n<p>&nbsp;<\/p>\n<p><strong>La d\u00e9carbonation li\u00e9e au poids unitaire des ventes<\/strong><a href=\"#_ftn9\" name=\"_ftnref1\"><sup>[9]<\/sup><\/a>\u00a0<em><strong><img loading=\"lazy\" decoding=\"async\" src=\"https:\/\/variances.eu\/wp-content\/ql-cache\/quicklatex.com-ae3023920a3d6b16a7f734a62af3f119_l3.png\" class=\"ql-img-inline-formula quicklatex-auto-format\" alt=\"&#81;&#95;&#49;&#32;&#40;&#112;&#95;&#49;&#32;&#45;&#32;&#112;&#95;&#50;&#41;\" title=\"Rendered by QuickLaTeX.com\" height=\"19\" width=\"94\" style=\"vertical-align: -5px;\"\/><\/strong><\/em><\/p>\n<p><em>Si <img loading=\"lazy\" decoding=\"async\" src=\"https:\/\/variances.eu\/wp-content\/ql-cache\/quicklatex.com-33363f45324a8ece47956e6369fd44cd_l3.png\" class=\"ql-img-inline-formula quicklatex-auto-format\" alt=\"&#107;&#95;&#123;&#105;&#50;&#125;\" title=\"Rendered by QuickLaTeX.com\" height=\"16\" width=\"21\" style=\"vertical-align: -3px;\"\/><\/em><em> et <img loading=\"lazy\" decoding=\"async\" src=\"https:\/\/variances.eu\/wp-content\/ql-cache\/quicklatex.com-8d689a297aebd26d78c96171d450bd96_l3.png\" class=\"ql-img-inline-formula quicklatex-auto-format\" alt=\"&#112;&#95;&#123;&#105;&#50;&#125;\" title=\"Rendered by QuickLaTeX.com\" height=\"12\" width=\"22\" style=\"vertical-align: -4px;\"\/><\/em><em>\u00a0sont les quantit\u00e9s et les poids des intrants i n\u00e9cessaires \u00e0 la production d\u2019une unit\u00e9 l\u2019ann\u00e9e 2, on a\u00a0:<\/em><\/p>\n<p><img loading=\"lazy\" decoding=\"async\" src=\"https:\/\/variances.eu\/wp-content\/ql-cache\/quicklatex.com-ccbd5225ebf63cd16751dc867286e02c_l3.png\" class=\"ql-img-inline-formula quicklatex-auto-format\" alt=\"&#81;&#95;&#49;&#32;&#40;&#112;&#95;&#49;&#32;&#45;&#32;&#112;&#95;&#50;&#41;&#32;&#61;&#32;&#81;&#95;&#49;&#32;&#92;&#115;&#117;&#109;&#95;&#123;&#105;&#125;&#32;&#40;&#112;&#95;&#123;&#105;&#49;&#125;&#32;&#107;&#95;&#123;&#105;&#49;&#125;&#32;&#45;&#32;&#112;&#95;&#123;&#105;&#50;&#125;&#32;&#107;&#95;&#123;&#105;&#50;&#125;&#41;&#32;&#61;&#32;&#81;&#95;&#49;&#32;&#92;&#115;&#117;&#109;&#95;&#105;&#32;&#91;&#112;&#95;&#123;&#105;&#49;&#125;&#32;&#40;&#107;&#95;&#123;&#105;&#49;&#125;&#32;&#45;&#32;&#107;&#95;&#123;&#105;&#50;&#125;&#41;&#32;&#43;&#32;&#107;&#95;&#123;&#105;&#50;&#125;&#32;&#40;&#112;&#95;&#123;&#105;&#49;&#125;&#32;&#45;&#32;&#112;&#95;&#123;&#105;&#50;&#125;&#41;&#93;\" title=\"Rendered by QuickLaTeX.com\" height=\"20\" width=\"620\" style=\"vertical-align: -6px;\"\/><\/p>\n<p><em>apr\u00e8s \u00e9limination de la composante due \u00e0 l\u2019action des chaines de Fournisseurs en amont, c\u2019est-\u00e0-dire le terme <img loading=\"lazy\" decoding=\"async\" src=\"https:\/\/variances.eu\/wp-content\/ql-cache\/quicklatex.com-4012161641426a26ca416a040e42fd28_l3.png\" class=\"ql-img-inline-formula quicklatex-auto-format\" alt=\"&#81;&#95;&#49;&#32;&#92;&#115;&#117;&#109;&#95;&#123;&#105;&#125;&#32;&#91;&#107;&#95;&#123;&#105;&#50;&#125;&#32;&#40;&#112;&#95;&#123;&#105;&#49;&#125;&#32;&#45;&#32;&#112;&#95;&#123;&#105;&#50;&#125;&#41;&#93;\" title=\"Rendered by QuickLaTeX.com\" height=\"20\" width=\"165\" style=\"vertical-align: -6px;\"\/><\/em><em>\u00a0il vient\u00a0:<\/em><\/p>\n<p><em>Premier terme de d\u00e9carbonation\u00a0: <\/em><em>\u00a0<\/em><em> <img loading=\"lazy\" decoding=\"async\" src=\"https:\/\/variances.eu\/wp-content\/ql-cache\/quicklatex.com-029ddeb79a20791de2c68e973f0d3515_l3.png\" class=\"ql-img-inline-formula quicklatex-auto-format\" alt=\"&#81;&#95;&#49;&#32;&#92;&#115;&#117;&#109;&#95;&#123;&#105;&#125;&#32;&#112;&#95;&#123;&#105;&#49;&#125;&#32;&#40;&#107;&#95;&#123;&#105;&#49;&#125;&#32;&#45;&#32;&#107;&#95;&#123;&#105;&#50;&#125;&#41;&#32;&#61;&#32;&#81;&#95;&#49;&#32;&#112;&#95;&#49;&#32;&#45;&#32;&#81;&#95;&#49;&#32;&#92;&#115;&#117;&#109;&#95;&#123;&#105;&#125;&#32;&#112;&#95;&#123;&#105;&#49;&#125;&#32;&#107;&#95;&#123;&#105;&#50;&#125;\" title=\"Rendered by QuickLaTeX.com\" height=\"20\" width=\"349\" style=\"vertical-align: -6px;\"\/><\/em><\/p>\n<p>&nbsp;<\/p>\n<p><strong>La d\u00e9carbonation li\u00e9e aux quantit\u00e9s vendues <\/strong><strong><em><img loading=\"lazy\" decoding=\"async\" src=\"https:\/\/variances.eu\/wp-content\/ql-cache\/quicklatex.com-eb90053be1579881570a02c3d72c63d2_l3.png\" class=\"ql-img-inline-formula quicklatex-auto-format\" alt=\"&#80;&#95;&#50;&#32;&#40;&#81;&#95;&#49;&#32;&#45;&#32;&#81;&#95;&#50;&#41;\" title=\"Rendered by QuickLaTeX.com\" height=\"19\" width=\"102\" style=\"vertical-align: -5px;\"\/><\/em><\/strong><\/p>\n<p><strong>\u00a0\u00a0\u00a0\u00a0\u00a0\u00a0\u00a0\u00a0\u00a0\u00a0\u00a0 L\u2019effet Substitution<\/strong><\/p>\n<p><em>Si <\/em><img loading=\"lazy\" decoding=\"async\" src=\"https:\/\/variances.eu\/wp-content\/ql-cache\/quicklatex.com-251ee2fe70ba39beb83ace714e507c84_l3.png\" class=\"ql-img-inline-formula quicklatex-auto-format\" alt=\"&#92;&#111;&#118;&#101;&#114;&#108;&#105;&#110;&#101;&#123;&#112;&#95;&#50;&#125;\" title=\"Rendered by QuickLaTeX.com\" height=\"15\" width=\"19\" style=\"vertical-align: -4px;\"\/><em>\u00a0est le poids moyen unitaire de ce produit durant l\u2019ann\u00e9e 2, il vient\u00a0:<\/em><\/p>\n<p><em>Deuxi\u00e8me terme de d\u00e9carbonation : <\/em><img loading=\"lazy\" decoding=\"async\" src=\"https:\/\/variances.eu\/wp-content\/ql-cache\/quicklatex.com-41ac753e3aa427db9b9c0fb220732b29_l3.png\" class=\"ql-img-inline-formula quicklatex-auto-format\" alt=\"&#40;&#112;&#95;&#50;&#32;&#45;&#32;&#92;&#111;&#118;&#101;&#114;&#108;&#105;&#110;&#101;&#123;&#112;&#95;&#50;&#125;&#41;&#32;&#92;&#99;&#100;&#111;&#116;&#32;&#40;&#81;&#95;&#49;&#32;&#45;&#32;&#81;&#95;&#50;&#41;\" title=\"Rendered by QuickLaTeX.com\" height=\"19\" width=\"168\" style=\"vertical-align: -5px;\"\/><em><br \/>\n<\/em><\/p>\n<p><strong>\u00a0\u00a0\u00a0\u00a0\u00a0\u00a0\u00a0\u00a0\u00a0\u00a0\u00a0 L\u2019effet Rebond<\/strong><\/p>\n<p><em>Si <\/em><img loading=\"lazy\" decoding=\"async\" src=\"https:\/\/variances.eu\/wp-content\/ql-cache\/quicklatex.com-ed44a743da2426dfc97c2c9ae3207cc1_l3.png\" class=\"ql-img-inline-formula quicklatex-auto-format\" alt=\"&#120;\" title=\"Rendered by QuickLaTeX.com\" height=\"8\" width=\"10\" style=\"vertical-align: 0px;\"\/> <em>est la variation anticip\u00e9e du march\u00e9 (en pourcentage, positive ou n\u00e9gative) et <\/em><img loading=\"lazy\" decoding=\"async\" src=\"https:\/\/variances.eu\/wp-content\/ql-cache\/quicklatex.com-1394fc2ebbe2bf805e3219e41fdfe449_l3.png\" class=\"ql-img-inline-formula quicklatex-auto-format\" alt=\"&#92;&#109;&#97;&#116;&#104;&#98;&#102;&#123;&#83;&#125;&#95;&#49;\" title=\"Rendered by QuickLaTeX.com\" height=\"16\" width=\"18\" style=\"vertical-align: -3px;\"\/> et <img loading=\"lazy\" decoding=\"async\" src=\"https:\/\/variances.eu\/wp-content\/ql-cache\/quicklatex.com-5524aebf5edfe53a4507e97f4afb855b_l3.png\" class=\"ql-img-inline-formula quicklatex-auto-format\" alt=\"&#92;&#109;&#97;&#116;&#104;&#98;&#102;&#123;&#83;&#125;&#95;&#50;\" title=\"Rendered by QuickLaTeX.com\" height=\"16\" width=\"18\" style=\"vertical-align: -3px;\"\/><em>\u00a0les quantit\u00e9s totales vendues respectivement l\u2019ann\u00e9e 1 et l\u2019ann\u00e9e 2, il vient\u00a0:<\/em><\/p>\n<p><em>Troisi\u00e8me terme de la d\u00e9carbonation\u00a0: <\/em><em><img loading=\"lazy\" decoding=\"async\" src=\"https:\/\/variances.eu\/wp-content\/ql-cache\/quicklatex.com-b83411000e5ebfc3e5669a947e3a908d_l3.png\" class=\"ql-img-inline-formula quicklatex-auto-format\" alt=\"&#120;&#112;&#95;&#50;&#32;&#81;&#95;&#50;&#32;&#61;&#32;&#92;&#102;&#114;&#97;&#99;&#123;&#40;&#83;&#95;&#49;&#32;&#45;&#32;&#83;&#95;&#50;&#41;&#125;&#123;&#83;&#95;&#50;&#125;&#32;&#112;&#95;&#50;&#32;&#81;&#95;&#50;\" title=\"Rendered by QuickLaTeX.com\" height=\"28\" width=\"175\" style=\"vertical-align: -8px;\"\/>\u00a0\u00a0<\/em><\/p>\n<p>&nbsp;<\/p>\n<p><strong>On retrouve le caract\u00e8re additif de la formule.<\/strong><\/p>\n<p>La somme des d\u00e9carbonations de toutes les entreprises <img loading=\"lazy\" decoding=\"async\" src=\"https:\/\/variances.eu\/wp-content\/ql-cache\/quicklatex.com-09e93235d767594ce73c1d55a53838d7_l3.png\" class=\"ql-img-inline-formula quicklatex-auto-format\" alt=\"&#69;\" title=\"Rendered by QuickLaTeX.com\" height=\"13\" width=\"15\" style=\"vertical-align: 0px;\"\/> fabriquant un m\u00eame produit est \u00e9gale \u00e0 la diff\u00e9rence de leurs empreintes totales corrig\u00e9e d\u2019un terme correspondant \u00e0 l\u2019effet Poids unitaire des intrants, refl\u00e9tant la d\u00e9carbonation des chaines de fournisseurs et omis dans la mesure de l\u2019effet Poids unitaires des ventes. En revanche, les effets Substitution et Rebond s\u2019annulent.<\/p>\n<p>Soit <img loading=\"lazy\" decoding=\"async\" src=\"https:\/\/variances.eu\/wp-content\/ql-cache\/quicklatex.com-758a14674b4ab994ded3d428199bc178_l3.png\" class=\"ql-img-inline-formula quicklatex-auto-format\" alt=\"&#70;&#95;&#49;\" title=\"Rendered by QuickLaTeX.com\" height=\"16\" width=\"19\" style=\"vertical-align: -3px;\"\/> l\u2019empreinte totale de toutes les entreprises fabriquant le produit consid\u00e9r\u00e9 l\u2019ann\u00e9e 1 et <img loading=\"lazy\" decoding=\"async\" src=\"https:\/\/variances.eu\/wp-content\/ql-cache\/quicklatex.com-f1254435f1525b99d52826bc0b44e664_l3.png\" class=\"ql-img-inline-formula quicklatex-auto-format\" alt=\"&#70;&#95;&#50;\" title=\"Rendered by QuickLaTeX.com\" height=\"16\" width=\"19\" style=\"vertical-align: -3px;\"\/> cette empreinte l\u2019ann\u00e9e 2.<\/p>\n<p>Remarquons tout d\u2019abord que\u00a0:<\/p>\n<p><img loading=\"lazy\" decoding=\"async\" src=\"https:\/\/variances.eu\/wp-content\/ql-cache\/quicklatex.com-8792b1678e24f4af722b7b876ac4f2e2_l3.png\" class=\"ql-img-inline-formula quicklatex-auto-format\" alt=\"&#83;&#95;&#49;&#32;&#61;&#32;&#92;&#115;&#117;&#109;&#95;&#123;&#69;&#125;&#32;&#81;&#95;&#49;\" title=\"Rendered by QuickLaTeX.com\" height=\"20\" width=\"102\" style=\"vertical-align: -6px;\"\/>, de m\u00eame, <img loading=\"lazy\" decoding=\"async\" src=\"https:\/\/variances.eu\/wp-content\/ql-cache\/quicklatex.com-ec7a70b9ce1676757ab62d7c171de258_l3.png\" class=\"ql-img-inline-formula quicklatex-auto-format\" alt=\"&#83;&#95;&#50;&#32;&#61;&#32;&#92;&#115;&#117;&#109;&#95;&#123;&#69;&#125;&#32;&#81;&#95;&#50;\" title=\"Rendered by QuickLaTeX.com\" height=\"20\" width=\"102\" style=\"vertical-align: -6px;\"\/><\/p>\n<p><img loading=\"lazy\" decoding=\"async\" src=\"https:\/\/variances.eu\/wp-content\/ql-cache\/quicklatex.com-04053d67679a469ac402b5aa8d61752d_l3.png\" class=\"ql-img-inline-formula quicklatex-auto-format\" alt=\"&#70;&#95;&#49;&#32;&#61;&#32;&#92;&#115;&#117;&#109;&#95;&#123;&#69;&#125;&#32;&#81;&#95;&#49;&#32;&#92;&#99;&#100;&#111;&#116;&#32;&#112;&#95;&#49;&#32;&#61;&#32;&#83;&#95;&#49;&#32;&#92;&#111;&#118;&#101;&#114;&#108;&#105;&#110;&#101;&#123;&#112;&#95;&#49;&#125;\" title=\"Rendered by QuickLaTeX.com\" height=\"20\" width=\"197\" style=\"vertical-align: -6px;\"\/>, de m\u00eame <img loading=\"lazy\" decoding=\"async\" src=\"https:\/\/variances.eu\/wp-content\/ql-cache\/quicklatex.com-760685fffa2ffa0267721cfc8c0783ab_l3.png\" class=\"ql-img-inline-formula quicklatex-auto-format\" alt=\"&#70;&#95;&#50;&#32;&#61;&#32;&#92;&#115;&#117;&#109;&#95;&#123;&#69;&#125;&#32;&#81;&#95;&#50;&#32;&#92;&#99;&#100;&#111;&#116;&#32;&#112;&#95;&#50;&#32;&#61;&#32;&#83;&#95;&#50;&#32;&#92;&#111;&#118;&#101;&#114;&#108;&#105;&#110;&#101;&#123;&#112;&#95;&#50;&#125;\" title=\"Rendered by QuickLaTeX.com\" height=\"20\" width=\"197\" style=\"vertical-align: -6px;\"\/><\/p>\n<p>Nous avons vu que la d\u00e9carbonation d\u2019une entreprise est la somme de trois termes\u00a0:<\/p>\n<p>La somme de tous les premiers termes est\u00a0:<\/p>\n<p style=\"padding-left: 40px;\">1. <img loading=\"lazy\" decoding=\"async\" src=\"https:\/\/variances.eu\/wp-content\/ql-cache\/quicklatex.com-bb7fe1749850138ef094e6c5557cacd0_l3.png\" class=\"ql-img-inline-formula quicklatex-auto-format\" alt=\"&#92;&#115;&#117;&#109;&#95;&#123;&#69;&#125;&#32;&#81;&#95;&#49;&#32;&#92;&#115;&#117;&#109;&#95;&#123;&#105;&#125;&#32;&#112;&#95;&#123;&#105;&#49;&#125;&#32;&#40;&#107;&#95;&#123;&#105;&#49;&#125;&#32;&#45;&#32;&#107;&#95;&#123;&#105;&#50;&#125;&#41;&#32;&#61;&#32;&#92;&#115;&#117;&#109;&#95;&#123;&#69;&#125;&#32;&#81;&#95;&#49;&#32;&#112;&#95;&#49;&#32;&#45;&#32;&#92;&#115;&#117;&#109;&#95;&#123;&#69;&#125;&#32;&#81;&#95;&#49;&#32;&#92;&#108;&#101;&#102;&#116;&#40;&#92;&#115;&#117;&#109;&#95;&#123;&#105;&#125;&#32;&#112;&#95;&#123;&#105;&#49;&#125;&#32;&#107;&#95;&#123;&#105;&#50;&#125;&#92;&#114;&#105;&#103;&#104;&#116;&#41;&#32;&#61;&#32;&#70;&#95;&#49;&#32;&#45;&#32;&#92;&#115;&#117;&#109;&#95;&#123;&#69;&#125;&#32;&#81;&#95;&#49;&#32;&#92;&#108;&#101;&#102;&#116;&#40;&#92;&#115;&#117;&#109;&#95;&#123;&#105;&#125;&#32;&#112;&#95;&#123;&#105;&#49;&#125;&#32;&#107;&#95;&#123;&#105;&#50;&#125;&#92;&#114;&#105;&#103;&#104;&#116;&#41;\" title=\"Rendered by QuickLaTeX.com\" height=\"43\" width=\"615\" style=\"vertical-align: -6px;\"\/><\/p>\n<p>La somme de tous les deuxi\u00e8mes termes est\u00a0:<\/p>\n<p style=\"padding-left: 40px;\">2. <img loading=\"lazy\" decoding=\"async\" src=\"https:\/\/variances.eu\/wp-content\/ql-cache\/quicklatex.com-86701a1a91b6227ced2e440ec4bdb26f_l3.png\" class=\"ql-img-inline-formula quicklatex-auto-format\" alt=\"&#92;&#115;&#117;&#109;&#95;&#123;&#69;&#125;&#32;&#40;&#112;&#95;&#50;&#32;&#45;&#32;&#92;&#111;&#118;&#101;&#114;&#108;&#105;&#110;&#101;&#123;&#112;&#95;&#50;&#125;&#41;&#32;&#92;&#99;&#100;&#111;&#116;&#32;&#40;&#81;&#95;&#49;&#32;&#45;&#32;&#81;&#95;&#50;&#41;&#32;&#61;&#32;&#92;&#115;&#117;&#109;&#95;&#123;&#69;&#125;&#32;&#112;&#95;&#50;&#32;&#81;&#95;&#49;&#32;&#45;&#32;&#83;&#95;&#50;&#32;&#92;&#111;&#118;&#101;&#114;&#108;&#105;&#110;&#101;&#123;&#112;&#95;&#50;&#125;&#32;&#45;&#32;&#92;&#111;&#118;&#101;&#114;&#108;&#105;&#110;&#101;&#123;&#112;&#95;&#50;&#125;&#32;&#83;&#95;&#49;&#32;&#43;&#32;&#92;&#111;&#118;&#101;&#114;&#108;&#105;&#110;&#101;&#123;&#112;&#95;&#50;&#125;&#32;&#83;&#95;&#50;&#32;&#61;&#32;&#92;&#115;&#117;&#109;&#95;&#123;&#69;&#125;&#32;&#112;&#95;&#50;&#32;&#81;&#95;&#49;&#32;&#45;&#32;&#40;&#92;&#111;&#118;&#101;&#114;&#108;&#105;&#110;&#101;&#123;&#112;&#95;&#50;&#125;&#32;&#83;&#95;&#49;&#41;\" title=\"Rendered by QuickLaTeX.com\" height=\"20\" width=\"657\" style=\"vertical-align: -6px;\"\/><\/p>\n<p>La somme de tous les troisi\u00e8mes termes est\u00a0:<\/p>\n<p style=\"padding-left: 40px;\">3. <img loading=\"lazy\" decoding=\"async\" src=\"https:\/\/variances.eu\/wp-content\/ql-cache\/quicklatex.com-e3846b691a0159aaab78137015bceed5_l3.png\" class=\"ql-img-inline-formula quicklatex-auto-format\" alt=\"&#92;&#115;&#117;&#109;&#95;&#123;&#69;&#125;&#32;&#92;&#102;&#114;&#97;&#99;&#123;&#40;&#83;&#95;&#49;&#32;&#45;&#32;&#83;&#95;&#50;&#41;&#125;&#123;&#83;&#95;&#50;&#125;&#32;&#112;&#95;&#50;&#32;&#81;&#95;&#50;&#32;&#61;&#32;&#40;&#83;&#95;&#49;&#32;&#45;&#32;&#83;&#95;&#50;&#41;&#32;&#92;&#111;&#118;&#101;&#114;&#108;&#105;&#110;&#101;&#123;&#112;&#95;&#50;&#125;\" title=\"Rendered by QuickLaTeX.com\" height=\"28\" width=\"253\" style=\"vertical-align: -8px;\"\/><\/p>\n<p>Finalement la somme totale <img loading=\"lazy\" decoding=\"async\" src=\"https:\/\/variances.eu\/wp-content\/ql-cache\/quicklatex.com-2d79603590023219b96c776c070d869a_l3.png\" class=\"ql-img-inline-formula quicklatex-auto-format\" alt=\"&#68;&#61;&#92;&#44;&#40;&#49;&#41;&#32;&#92;&#44;&#43;&#92;&#44;&#40;&#50;&#41;&#32;&#92;&#44;&#43;&#92;&#44;&#40;&#51;&#41;\" title=\"Rendered by QuickLaTeX.com\" height=\"19\" width=\"173\" style=\"vertical-align: -5px;\"\/> est :<\/p>\n<p><img loading=\"lazy\" decoding=\"async\" src=\"https:\/\/variances.eu\/wp-content\/ql-cache\/quicklatex.com-f52e7ef3b5e19c9d4fde19abe25a7c36_l3.png\" class=\"ql-img-inline-formula quicklatex-auto-format\" alt=\"&#68;&#32;&#61;&#32;&#70;&#95;&#49;&#32;&#45;&#32;&#92;&#115;&#117;&#109;&#95;&#123;&#69;&#125;&#32;&#81;&#95;&#49;&#32;&#92;&#108;&#101;&#102;&#116;&#40;&#92;&#115;&#117;&#109;&#95;&#123;&#105;&#125;&#32;&#112;&#95;&#123;&#105;&#49;&#125;&#32;&#107;&#95;&#123;&#105;&#50;&#125;&#92;&#114;&#105;&#103;&#104;&#116;&#41;&#32;&#43;&#32;&#92;&#115;&#117;&#109;&#95;&#123;&#69;&#125;&#32;&#112;&#95;&#50;&#32;&#81;&#95;&#49;&#32;&#45;&#32;&#92;&#111;&#118;&#101;&#114;&#108;&#105;&#110;&#101;&#123;&#112;&#95;&#50;&#125;&#32;&#83;&#95;&#49;&#32;&#43;&#32;&#40;&#83;&#95;&#49;&#32;&#45;&#32;&#83;&#95;&#50;&#41;&#32;&#92;&#111;&#118;&#101;&#114;&#108;&#105;&#110;&#101;&#123;&#112;&#95;&#50;&#125;\" title=\"Rendered by QuickLaTeX.com\" height=\"20\" width=\"511\" style=\"vertical-align: -6px;\"\/><\/p>\n<p><img loading=\"lazy\" decoding=\"async\" src=\"https:\/\/variances.eu\/wp-content\/ql-cache\/quicklatex.com-470450043f9144d2d914bfdca050a7c1_l3.png\" class=\"ql-img-inline-formula quicklatex-auto-format\" alt=\"&#68;&#32;&#61;&#32;&#70;&#95;&#49;&#32;&#45;&#32;&#70;&#95;&#50;&#32;&#43;&#32;&#92;&#115;&#117;&#109;&#95;&#123;&#69;&#125;&#32;&#81;&#95;&#49;&#32;&#92;&#108;&#101;&#102;&#116;&#91;&#112;&#95;&#50;&#32;&#45;&#32;&#92;&#108;&#101;&#102;&#116;&#40;&#92;&#115;&#117;&#109;&#95;&#123;&#105;&#125;&#32;&#112;&#95;&#123;&#105;&#49;&#125;&#32;&#107;&#95;&#123;&#105;&#50;&#125;&#92;&#114;&#105;&#103;&#104;&#116;&#41;&#92;&#114;&#105;&#103;&#104;&#116;&#93;\" title=\"Rendered by QuickLaTeX.com\" height=\"20\" width=\"327\" style=\"vertical-align: -6px;\"\/><\/p>\n<hr \/>\n<p><a href=\"#_ftnref1\" name=\"_ftn1\"><sup>[1]<\/sup><\/a> Pour les points pr\u00e9c\u00e9dents, voir les num\u00e9ros de Variances <span style=\"text-decoration: underline;\"><span style=\"color: #0000ff;\"><a style=\"color: #0000ff; text-decoration: underline;\" href=\"https:\/\/variances.eu\/?p=7470\">Un cadre et des outils comptables pour la d\u00e9carbonation<\/a><\/span><\/span> et <span style=\"text-decoration: underline;\"><span style=\"color: #0000ff;\"><a style=\"color: #0000ff; text-decoration: underline;\" href=\"https:\/\/variances.eu\/?p=7055\">Les carbones sur les factures pour faciliter le financement de la transition climatique<\/a><\/span><\/span>.<\/p>\n<p><a href=\"#_ftnref2\" name=\"_ftn2\"><sup>[2]<\/sup><\/a> On trouve <span style=\"text-decoration: underline; color: #0000ff;\"><a style=\"color: #0000ff; text-decoration: underline;\" href=\"https:\/\/carbones-factures.org\/comment-la-comptabilite-elargie-renforce-les-comptages-carbones-actuels\/\">des approches \u00e9quivalentes<\/a><\/span> \u00e0 cette m\u00e9thode en France et dans d\u2019autre pays.<\/p>\n<p><a href=\"#_ftnref3\" name=\"_ftn3\"><sup>[3]<\/sup><\/a> La m\u00e9thode limite la t\u00e2che des producteurs en utilisant \u00e0 chaque niveau la notion de significativit\u00e9 des intrants en carbones\u00a0: utiliser des estimations n\u2019emp\u00eache pas le syst\u00e8me le syst\u00e8me de converger rapidement vers les poids justes.<\/p>\n<p><a href=\"#_ftnref4\" name=\"_ftn4\"><sup>[4]<\/sup><\/a> Voir <span style=\"text-decoration: underline;\"><span style=\"color: #0000ff;\"><a style=\"color: #0000ff; text-decoration: underline;\" href=\"https:\/\/carbones-factures.org\/telecharger-le-projet-de-mode-demploi-de-c-f\/\">le site<\/a><\/span><\/span> pour la fa\u00e7on de pr\u00e9senter dans tous les cas une production comme le produit d\u2019une quantit\u00e9 par un poids unitaire en carbones.<\/p>\n<p><a href=\"#_ftnref5\" name=\"_ftn5\"><sup>[5]<\/sup><\/a> On retient ici la convention d\u00e9j\u00e0 indiqu\u00e9e (une variation d\u2019empreinte positive correspond \u00e0 une baisse des carbones) et le m\u00eame p\u00e9rim\u00e8tre de l\u2019empreinte que pour les produits\u00a0: \u00e0 des empreintes des produits \u00ab\u00a0de la mine au client\u00a0\u00bb correspond une empreinte des ventes \u00ab\u00a0scopes 1, 2 et 3 amont\u00a0\u00bb.<\/p>\n<p><a href=\"#_ftnref6\" name=\"_ftn6\"><sup>[6]<\/sup><\/a> Une fa\u00e7on de l\u2019exprimer est de dire qu\u2019on ne cherche pas la d\u00e9carbonation mesurable au niveau du producteur, mais la d\u00e9carbonation ajout\u00e9e par le producteur.<\/p>\n<p><a href=\"#_ftnref7\" name=\"_ftn7\"><sup>[7]<\/sup><\/a> Pour simplifier, on se limite au cas d\u2019un producteur monoproduit. La d\u00e9carbonation cherch\u00e9e \u00e9tant additive, on passe ais\u00e9ment au cas d\u2019un producteur multiproduits.<\/p>\n<p><a href=\"#_ftnref8\" name=\"_ftn8\"><sup>[8]<\/sup><\/a> Ils sont parfaitement sym\u00e9triques des messages de la comp\u00e9titivit\u00e9 prix, en changeant \u00ab\u00a0poids unitaire en carbones\u00a0\u00bb en \u00ab\u00a0co\u00fbt unitaire\u00a0\u00bb.<\/p>\n<p><a href=\"#_ftnref9\" name=\"_ftn1\"><sup>[9]<\/sup><\/a> Les notations sont celles utilis\u00e9es pour les poids en carbones, mais la nomenclature des produits utilis\u00e9e pour suivre la d\u00e9carbonation du producteur peut \u00eatre plus agr\u00e9g\u00e9e que celle utilis\u00e9e pour suivre les poids de ses produits (par exemple pour un constructeur automobile\u00a0: le total des voitures vendues pour la premi\u00e8re, le total par mod\u00e8le de voitures pour la seconde).<\/p>\n","protected":false},"excerpt":{"rendered":"<p>Cet article fait le point des travaux de mesure des performances de d\u00e9carbonation conduits par la communaut\u00e9 Carbones sur factures[1]. Il d\u00e9crit les deux mesures auxquelles ils aboutissent\u00a0: le poids en carbones d\u2019un produit, et la d\u00e9carbonation d\u2019un producteur ou d\u2019un financement \u00e0 ce producteur. Rappel du probl\u00e8me L\u2019humanit\u00e9 est confront\u00e9e \u00e0 un gigantesque d\u00e9fi\u00a0: [&hellip;]<\/p>\n","protected":false},"author":472,"featured_media":7737,"comment_status":"open","ping_status":"open","sticky":false,"template":"","format":"standard","meta":{"_et_pb_use_builder":"","_et_pb_old_content":"","_et_gb_content_width":"","_exactmetrics_skip_tracking":false,"_exactmetrics_sitenote_active":false,"_exactmetrics_sitenote_note":"","_exactmetrics_sitenote_category":0,"footnotes":""},"categories":[226],"tags":[],"class_list":["post-7722","post","type-post","status-publish","format-standard","has-post-thumbnail","hentry","category-environnement","et-has-post-format-content","et_post_format-et-post-format-standard"],"_links":{"self":[{"href":"https:\/\/variances.eu\/index.php?rest_route=\/wp\/v2\/posts\/7722","targetHints":{"allow":["GET"]}}],"collection":[{"href":"https:\/\/variances.eu\/index.php?rest_route=\/wp\/v2\/posts"}],"about":[{"href":"https:\/\/variances.eu\/index.php?rest_route=\/wp\/v2\/types\/post"}],"author":[{"embeddable":true,"href":"https:\/\/variances.eu\/index.php?rest_route=\/wp\/v2\/users\/472"}],"replies":[{"embeddable":true,"href":"https:\/\/variances.eu\/index.php?rest_route=%2Fwp%2Fv2%2Fcomments&post=7722"}],"version-history":[{"count":0,"href":"https:\/\/variances.eu\/index.php?rest_route=\/wp\/v2\/posts\/7722\/revisions"}],"wp:featuredmedia":[{"embeddable":true,"href":"https:\/\/variances.eu\/index.php?rest_route=\/wp\/v2\/media\/7737"}],"wp:attachment":[{"href":"https:\/\/variances.eu\/index.php?rest_route=%2Fwp%2Fv2%2Fmedia&parent=7722"}],"wp:term":[{"taxonomy":"category","embeddable":true,"href":"https:\/\/variances.eu\/index.php?rest_route=%2Fwp%2Fv2%2Fcategories&post=7722"},{"taxonomy":"post_tag","embeddable":true,"href":"https:\/\/variances.eu\/index.php?rest_route=%2Fwp%2Fv2%2Ftags&post=7722"}],"curies":[{"name":"wp","href":"https:\/\/api.w.org\/{rel}","templated":true}]}}