{"id":7698,"date":"2023-11-02T07:20:32","date_gmt":"2023-11-02T06:20:32","guid":{"rendered":"https:\/\/variances.eu\/?p=7698"},"modified":"2023-11-02T07:53:34","modified_gmt":"2023-11-02T06:53:34","slug":"eric-taze-bernard-portrait-dun-homme-engage","status":"publish","type":"post","link":"https:\/\/variances.eu\/?p=7698","title":{"rendered":"\u00c9ric Taz\u00e9-Bernard, portrait d\u2019un homme engag\u00e9"},"content":{"rendered":"<p>Depuis presque quinze ans, \u00c9ric Taz\u00e9-Bernard pr\u00e9side aux destin\u00e9es du magazine Variances, tout d\u2019abord comme r\u00e9dacteur en chef de la version papier tri-annuelle puis, depuis 2016 comme directeur de la publication num\u00e9rique variances.eu aux deux ou trois articles \u00e9dit\u00e9s chaque semaine. Au cours de cette d\u00e9cennie, \u00c9ric, entour\u00e9 d\u2019une \u00e9quipe restreinte d\u2019alumni qu\u2019il a su animer avec talent, a transform\u00e9 variances, revue d\u2019ancien.ne.s \u00e9l\u00e8ves, en une publication reconnue et appr\u00e9ci\u00e9e par un lectorat d\u00e9passant largement la communaut\u00e9 des alumni de l\u2019Ensae.<\/p>\n<p>Au moment o\u00f9 \u00c9ric d\u00e9cide de passer la main et de s\u2019investir dans de nouveaux projets, il r\u00e9pond aux questions de variances.eu, lui qui tout au long de ces ann\u00e9es a toujours pr\u00e9f\u00e9r\u00e9 rester dans l\u2019ombre, au service exclusif du magazine, occup\u00e9 \u00e0 imaginer de nouveaux sujets, inspirer le comit\u00e9 \u00e9ditorial, rep\u00e9rer et solliciter des auteurs et des autrices, relire et \u00e9diter leurs articles.<\/p>\n<p><strong><span style=\"color: #0000ff;\">V\u00a0: En quelques mots \u00c9ric, quel jeune homme fus-tu\u00a0?<\/span><\/strong><\/p>\n<p><em><strong>ETB\u00a0<\/strong>: J\u2019ai 6 ans, d\u00e9but 1963, lorsque je quitte l\u2019Alg\u00e9rie avec mes parents et m\u2019installe \u00e0 Fontainebleau dont je trouve le climat \u00ab\u00a0glac\u00e9\u00a0\u00bb, au sens propre du terme. Mes parents et mes deux fr\u00e8res r\u00e9agissent chacun \u00e0 leur mani\u00e8re au traumatisme du d\u00e9racinement. Pour moi ce sera de me plonger avec curiosit\u00e9 dans les \u00e9tudes, toujours heureux d\u2019<\/em><em>aller <\/em><em>\u00e0 l\u2019\u00e9cole. Je r\u00e9ponds ainsi avec beaucoup plus de plaisir que d\u2019efforts aux attentes parentales de r\u00e9ussite scolaire, et deviens un enfant sage, bon \u00e9l\u00e8ve, qui adore lire mais aussi \u00e9crire &#8211; d\u00e9j\u00e0 -.<\/em><\/p>\n<p><em>Tr\u00e8s jeune, j\u2019obtiens mon bac S avec mention bien et des notes tr\u00e8s \u00e9lev\u00e9es en math\u00e9matiques tout autant qu\u2019<\/em><em>en fran<\/em><em>\u00e7<\/em><em>ais. C<\/em><em>\u2019est d\u00e9<\/em><em>cid<\/em><em>\u00e9, mon orientation est \u00e9vidente et me convient\u00a0: ce sera Sciences po\u00a0! Mais c\u2019\u00e9tait compter sans la pression de l\u2019\u00e9poque (et d\u2019aujourd\u2019<\/em><em>hui<\/em><em>\u00a0?), et les nombreuses remarques telles \u00ab\u00a0avec des notes pareilles en math\u00e9matiques, ne pas faire de classe pr\u00e9pa serait une erreur que tu regretteras \u2026\u00a0\u00bb entendues pendant l\u2019\u00e9t\u00e9, qui eurent raison de ma d\u00e9termination\u00a0: en septembre je m\u2019inscris in extremis en pr\u00e9pa \u00e0 Saint-Germain-en-Laye, puis au lyc\u00e9<\/em><em>e Hoche <\/em><em>\u00e0 <\/em><em>Versailles. M<\/em><em>\u00eame si j\u2019<\/em><em>en ai gard<\/em><em>\u00e9 de tr\u00e8s solides amiti\u00e9s, la classe de Math Sp\u00e9 m\u2019est tr\u00e8s p\u00e9nible et je conserve un mauvais souvenir de certains professeurs qui, obs\u00e9d\u00e9s par la r\u00e9ussite aux concours, s\u2019autorisent des propos et des comportements violents vis-\u00e0-vis de leurs \u00e9l\u00e8ves, souvent fragiles psychologiquement dans ce contexte de forte pression. Aussi est-ce avec soulagement qu\u2019en 3 \u00bd je suis bien plac\u00e9 au concours des Mines, ce qui me permet de pr\u00e9tendre \u00e0<\/em><em> Telecom, l<\/em><em>\u2019Ensta, et \u00e0 celui de l\u2019Ensae. Ce sera l\u2019Ensae qui, d\u2019apr\u00e8s le peu que j\u2019en sais \u00e0 l\u2019\u00e9poque, me semble mieux r\u00e9pondre \u00e0 mes envies litt\u00e9raires et \u00e0 mon aversion pour la physique\u00a0<\/em><em>!<\/em><\/p>\n<p>Eric poursuit le r\u00e9cit de ces trois ann\u00e9es pass\u00e9es \u00e0 Malakoff au sein d\u2019une promotion dont il est le benjamin. Il se sent tr\u00e8s jeune et immature mais adopte la posture qu\u2019il affectionne\u00a0: \u00e9couter, comprendre, apprendre pour se forger sa propre opinion.<\/p>\n<p>En deuxi\u00e8me ann\u00e9e d\u2019Ensae, \u00c9ric d\u00e9cide de traverser le boulevard et s\u2019inscrit en droit \u00e0 la fac de Malakoff. Si \u00e0 l\u2019\u00e9cole il d\u00e9couvre avec une vive curiosit\u00e9 l\u2019\u00e9conomie, \u00e0 la confluence des math\u00e9matiques, de l\u2019analyse soci\u00e9tale et de l\u2019expression litt\u00e9raire, en droit son int\u00e9r\u00eat pour la chose publique le pousse vers le droit constitutionnel et administratif.<\/p>\n<p>Est-ce que ce sont ces enseignements qui l\u2019incitent \u00e0 s\u2019engager en politique et \u00e0 militer avec les \u00e9cologistes pour les l\u00e9gislatives de 78\u00a0? Probablement aussi le d\u00e9sir d\u2019\u00eatre utile, de mettre des actions concr\u00e8tes au service de ses convictions comme il cherchera toujours \u00e0 le faire.<\/p>\n<p>Mais le portrait d\u2019\u00c9ric \u00e0 la fin des ann\u00e9es 70 ne serait pas complet si, aux c\u00f4t\u00e9s des mati\u00e8res acad\u00e9miques, n\u2019\u00e9tait pas mentionn\u00e9 le tennis qu\u2019il pratique assid\u00fbment jusqu\u2019\u00e0 repr\u00e9senter l\u2019Ensae dans les comp\u00e9titions inter-\u00e9coles. \u00c9ric aime la comp\u00e9tition, l\u2019\u00e9quipe, se d\u00e9passer et \u2026 gagner\u00a0!<\/p>\n<p>Enfin, comme il l\u2019avait esp\u00e9r\u00e9, ses \u00e9tudes \u00e0 l\u2019Ensae et sa fr\u00e9quentation assidue du d\u00e9partement d\u2019anglais lui permettent d\u2019approfondir sa connaissance d\u2019auteurs et d\u2019autrices tels Henry James, James Joyce, ou encore Virginia Woolf\u00a0: \u00ab\u00a0<em>la beaut\u00e9 de son langage et l\u2019introspection exigeante qui nourrit ses \u00e9crits, r\u00e9sonnent profond\u00e9ment en moi en cette p\u00e9riode de fort questionnement sur ma propre identit\u00e9<\/em>\u00a0\u00bb.<\/p>\n<p>Depuis toujours et, il ne le sait pas encore, pour toujours, lecture et \u00e9criture seront indissociables de la vie d\u2019\u00c9ric\u00a0: \u00e0 l\u2019Ensae, des nouvelles publi\u00e9es dans la revue Le Corr\u00e9lateur seront les premiers \u00e9crits litt\u00e9raires sign\u00e9s par le futur auteur et directeur de variances.<\/p>\n<p><strong><span style=\"color: #0000ff;\">V\u00a0: \u00c0 l\u2019\u00e9t\u00e9 79, dipl\u00f4me de l\u2019Ensae, DEA d\u2019\u00e9conomie publique et licence en droit en poche, tu choisis de partir outre-Atlantique, \u00e0 Berkeley.<\/span><\/strong><\/p>\n<p><em><strong>ETB<\/strong>\u00a0: J\u2019allais sur mes 23 ans, ma vie s\u2019\u00e9tait d\u00e9roul\u00e9e jusqu\u2019alors sans obstacle majeur, mes dipl\u00f4mes et mes performances sportives ne pouvaient que me satisfaire. Mes parents m\u2019avaient r\u00eav\u00e9 bon \u00e9l\u00e8ve, je l\u2019\u00e9<\/em><em>tais. N<\/em><em>\u00e9anmoins, au fond de moi, je savais que je devais prendre du champ, m\u2019\u00e9loigner pour me trouver et me d\u00e9finir loin de toute influence ou jugement, en m\u2019autorisant d\u2019<\/em><em>emprunter d<\/em><em>\u2019autres voies. <\/em><\/p>\n<p><em>Je choisis de partir faire un PhD d\u2019\u00e9conomie aux \u00c9tats-Unis, et j\u2019eus la chance d\u2019\u00eatre accept\u00e9 \u00e0 Berkeley et de b\u00e9n\u00e9ficier d\u2019une bourse de l\u2019\u00c9tat fran\u00e7ais. Quelques ann\u00e9es auparavant, la baie de San Francisco et son universit\u00e9 prestigieuse avaient \u00e9t\u00e9 le lieu de nombreuses manifestations politiques contre la guerre du Vietnam, pour les droits civiques et les droits des homosexuels. \u00c0 <\/em><em>mon arriv<\/em><em>\u00e9e en 1979, j\u2019y trouvai une incroyable effervescence politico-sociale, et une population \u00e9tudiante venue du monde entier revendiquer ses id\u00e9aux aux c\u00f4t\u00e9s des jeunes Californiens. L\u2019\u00e9poque est riche et j\u2019observe avec curiosit\u00e9 les manifestations contre le soutien des \u00c9tats-Unis \u00e0 la dictature de Somoza au Salvador, la campagne pr\u00e9sidentielle puis l\u2019\u00e9lection de Ronald Reagan, la crise des otages am\u00e9ricains retenus en Iran\u2026 Les engagements collectifs cohabitent avec une aspiration forte de chacun \u00e0 son \u00e9panouissement personnel, sa revendication identitaire. Sous un soleil qui r\u00e9veillait sans doute en moi des souvenirs enfouis, j\u2019ajoutais \u00e0 mon agenda un engagement plus personnel en m\u2019occupant chaque week-end de handicap\u00e9s, notamment des anciens du Vietnam, que j\u2019aidais dans leurs soins quotidiens. Sur le plan des \u00e9tudes, l\u2019enseignement du d\u00e9partement d\u2019\u00c9conomie me parut trop scolaire, mais je fus enthousiasm\u00e9 par les cours que je suivis \u00e0 la Law School, dans le cadre de la sp\u00e9cialisation en \u00ab\u00a0Law et Economics\u00a0\u00bb que je choisis en compl\u00e9ment de l\u2019\u00c9<\/em><em>conom<\/em><em>\u00e9trie.<\/em><\/p>\n<p>En \u00e9coutant \u00c9ric parler de cette p\u00e9riode californienne, j\u2019entends l\u2019ouverture et l\u2019\u00e9lan extraordinaires qu\u2019il y a trouv\u00e9s, les rencontres \u00e0 vie qu\u2019il y a faites, ainsi que l\u2019enthousiasme collectif qui a nourri sa sensibilit\u00e9 socio-politique. J\u2019entends aussi le\u00a0lien profond avec l\u2019intime, celui traumatis\u00e9 des grands bless\u00e9s qui lui offraient en exemple leur courage \u00e0 s\u2019accepter et \u00e0 vivre leur vie, mais aussi le lien avec lui-m\u00eame, avec ses propres questionnements, l\u2019acceptation de son identit\u00e9 qui, l\u00e0-bas, a probablement trouv\u00e9 quelques racines fondatrices.<\/p>\n<p>Press\u00e9 par le service national, \u00c9ric limitera \u00e0 deux ann\u00e9es son s\u00e9jour am\u00e9ricain\u00a0: il partira voyager quelques mois en Am\u00e9rique latine, puis ce sera le retour en France suivi tr\u00e8s rapidement du d\u00e9part en coop\u00e9ration en Ha\u00efti. L\u2019attendent seize mois de comptabilit\u00e9 nationale \u00e0 l\u2019Institut ha\u00eftien de statistiques, ainsi que des cours d\u2019\u00e9conomie qu\u2019il aimera dispenser \u00e0 la facult\u00e9 d\u2019\u00e9conomie de Port-au-Prince, et la naissance d\u2019un attachement persistant \u00e0 ce pays meurtri.<\/p>\n<p><strong><span style=\"color: #0000ff;\">V\u00a0: \u00c0 ton retour en France, tu as 26 ans, tu te projettes dans une fonction d\u2019\u00e9conomiste qui te permettra d\u2019allier r\u00e9flexion \u00e9conomique et \u00e9criture au service de la r\u00e9daction de rapports.<\/span><\/strong><\/p>\n<p><em><strong>ETB<\/strong>\u00a0: Oui, ce sera la SEDES (Soci\u00e9t\u00e9 d\u2019Etudes pour le D\u00e9veloppement \u00c9conomique et Social) o\u00f9 je passerai quatre ans \u00e0 r\u00e9aliser des \u00e9tudes sur le terrain en France et dans les DOM-TOM. <\/em><\/p>\n<p><em>Puis la direction des \u00e9tudes \u00e9conomiques d\u2019Indosuez me proposera d\u2019y devenir conjoncturiste pour les \u00e9conomies fran\u00e7aise et europ\u00e9enne. J\u2019y vivrai des ann\u00e9es passionnantes et rencontrerai nombre de personnalit\u00e9s brillantes dont certaines deviendront quelques ann\u00e9es plus tard des auteurs d\u2019articles publi\u00e9s dans variances (Mich\u00e8le Debonneuil, Thierry Apoteker, Reza Lahidji, Jean-Louis Martin\u2026). Je prendrai naturellement la charge des publications d\u2019analyse conjoncturelle, autrement dit la responsabilit\u00e9 de la r\u00e9daction, des relectures et des pr\u00e9sentations aux clients. Je ne savais pas que je me formais d\u00e9j\u00e0 \u00e0 mes responsabilit\u00e9s futures de directeur de la publication de variances\u00a0<\/em><em>! <\/em><\/p>\n<p><em>Nous sommes en 1993, la gestion de portefeuilles se professionnalise et je rejoins Indosuez Asset Management pour d\u00e9velopper cette activit\u00e9 en formalisant les processus d\u2019allocations d\u2019actifs, tout en encadrant la recherche quantitative.<\/em><\/p>\n<p><em>En 1997, Indosuez est absorb\u00e9e par le Cr\u00e9dit Agricole, et c\u2019est dans la nouvelle entit\u00e9, Indocam, que j\u2019affronte la crise russe puis asiatique d\u2019octobre 98.<\/em><\/p>\n<p>\u00c9ric d\u00e9roule la suite de son parcours, tr\u00e8s r\u00e9guli\u00e8rement bouscul\u00e9 par crises et fusions.<\/p>\n<p>Ce sera Paribas qu\u2019il rejoint en janvier 99 avec une triple responsabilit\u00e9\u00a0: la direction des investissements de la banque priv\u00e9e, celle de Parvest, une sicav \u00e0 compartiments, enfin le d\u00e9veloppement des activit\u00e9s de multigestion.<\/p>\n<p>Lorsque quelques mois plus tard la BNP rach\u00e8tera Paribas, \u00c9ric choisira de se concentrer sur les activit\u00e9s de multigestion. Il constituera une \u00e9quipe d\u00e9di\u00e9e et acquerra une expertise tr\u00e8s vite reconnue sur le march\u00e9.<\/p>\n<p>Le 10 septembre 2001 pr\u00e9cis\u00e9ment, il signe son contrat pour rejoindre Invesco Ltd dont il doit prendre la direction des activit\u00e9s de gestion en France. Le lendemain, le monde bascule dans un bouleversement qui durera des ann\u00e9es. Jusqu\u2019en 2008, \u00c9ric affrontera d\u00e9cisions de crise et restructurations de l\u2019entreprise. Il en paiera personnellement le prix fort si l\u2019on veut bien croire que le corps somatise les difficult\u00e9s de la vie, notamment professionnelle.<\/p>\n<p>Et, comme parfois, l\u2019histoire se r\u00e9p\u00e8te. En juin 2008, \u00c9ric rejoint le Cr\u00e9dit Agricole Asset Management pour en devenir responsable de la multigestion, sa sp\u00e9cialit\u00e9. En septembre, la crise financi\u00e8re et la faillite de Lehman replongent le monde financier dans les errements. Un an plus tard, Cr\u00e9dit Agricole Asset management (CAAM) fusionne avec Soci\u00e9t\u00e9 G\u00e9n\u00e9rale Asset Management (SGAM) pour donner naissance \u00e0 Amundi.<\/p>\n<p><em><strong>ETB<\/strong>\u00a0: Ce fut une p\u00e9riode tr\u00e8s difficile pour moi. La cr\u00e9ation d\u2019Amundi fut encore une fois accompagn\u00e9e de nombreuses restructurations. Pendant ces moments-l\u00e0, il est important de savoir ne pas donner trop de prises aux turbulences, mettre ses \u00e9motions de c\u00f4t\u00e9, relativiser et, peut-\u00eatre surtout, diversifier ses engagements. Facile \u00e0 dire\u2026 Pourtant, j\u2019\u00e9tais convaincu que chercher des points d\u2019ancrage personnels m\u2019apporterait une forme d\u2019apaisement face aux d\u00e9sordres qui m\u2019entouraient. <\/em><\/p>\n<p><em>Pour moi, ce fut tout d\u2019abord un rapprochement avec mon Alma mater. Suite \u00e0 un d\u00eener de promotion, je d\u00e9cidai de rejoindre l\u2019association des alumni. J\u2019y trouvai une revue papier, Variances, r\u00e9cemment orpheline de r\u00e9dacteur en chef. Je n\u2019eus pas besoin de r\u00e9fl\u00e9chir et m\u2019engageai r\u00e9solument pour consolider le travail r\u00e9alis\u00e9 par l\u2019\u00e9quipe partante et d\u00e9velopper la revue en \u00e9largissant les th\u00e8mes trait\u00e9s ainsi que le lectorat.<\/em><\/p>\n<p><em>L\u2019\u00e9criture toujours. Pendant cette p\u00e9riode agit\u00e9e, je me lan\u00e7ai aussi dans la r\u00e9daction d\u2019un livre sur la multigestion. Cet ouvrage, \u00e9dit\u00e9 chez Economica me permit de me recentrer sur mon c\u0153ur de m\u00e9tier et de mener une r\u00e9flexion approfondie sur cette activit\u00e9 <\/em><em>que j<\/em><em>\u2019<\/em><em>exer<\/em><em>\u00e7ais maintenant depuis plusieurs ann\u00e9<\/em><em>es. L<\/em><em>\u2019\u00e9criture, rien de tel pour mettre une salutaire distance entre les chaos de l\u2019ext\u00e9rieur et ses propres fondamentaux\u00a0<\/em><em>! <\/em><\/p>\n<p>Et comme si toute agitation aboutissait forc\u00e9ment \u00e0 la cr\u00e9ation d\u2019un nouvel \u00e9quilibre, en 2012 l\u2019activit\u00e9 de conseil en allocations d\u2019actifs pour les investisseurs institutionnels au sein d\u2019Amundi est confi\u00e9e \u00e0 \u00c9ric Taz\u00e9-Bernard. Il y d\u00e9veloppe un r\u00f4le de \u00ab\u00a0<em>senior banker<\/em> \u00bb, \u00e9tablissant le dialogue avec des investisseurs en vue de les aider dans la construction de leur allocation strat\u00e9gique. \u00c9ric dit son plaisir \u00e0 expertiser et conseiller, sorte d\u2019aboutissement des diff\u00e9rentes fonctions qu\u2019il a occup\u00e9es au long de son parcours\u00a0: analyse, expertise, \u00e9criture.<\/p>\n<p>En 2015, \u00e0 presque 60 ans, \u00c9ric a envie de s\u2019engager d\u2019une autre mani\u00e8re au sein de son entreprise, \u00ab\u00a0<em>de donner davantage\u00a0\u00bb<\/em>. Il en connait les diff\u00e9rents m\u00e9tiers, il travaille quotidiennement avec de nombreux d\u00e9partements, enfin il \u00ab\u00a0<em>se sent libre de penser et de dire\u00a0\u00bb<\/em>. Il lui semble qu\u2019il est temps pour lui de participer \u00e0 la r\u00e9flexion et de s\u2019impliquer dans la gouvernance de l\u2019entreprise. \u00c9ric se pr\u00e9sente \u00e0 la premi\u00e8re \u00e9lection du repr\u00e9sentant des salari\u00e9s au Conseil d\u2019Administration d\u2019Amundi, il est \u00e9lu \u00e0 une large majorit\u00e9. Dans la foul\u00e9e, cherchant toujours \u00e0 satisfaire son envie de d\u00e9couvrir et d\u2019apprendre, il passe le certificat d\u2019Administrateur de soci\u00e9t\u00e9s IFA &#8211; Sciences Po.<\/p>\n<p>\u00c0 l\u2019aube d\u2019une transition que toutes et tous affrontons (ou affronterons) les 60 ans venus, \u00c9ric d\u00e9crit les diff\u00e9rents engagements dans lesquels s\u2019est ancr\u00e9e sa vie au cours de la derni\u00e8re d\u00e9cennie\u00a0: un m\u00e9tier qui lui permettait de faire converger efficacement les comp\u00e9tences qu\u2019il avait acquises durant ses trente ann\u00e9es d\u2019activit\u00e9, une prise de hauteur au sein du Conseil d\u2019Administration d\u2019Amundi, enfin, un engagement dans variances.eu dont il d\u00e9veloppe la richesse des contenus et la qualit\u00e9 r\u00e9dactionnelle, avec exigence et curiosit\u00e9. Sans oublier, ajoute-t-il, la lecture, l\u2019\u00e9criture, la musique et les voyages qui font partie de son oxyg\u00e8ne quotidien.<\/p>\n<p>Enfin, ce portrait serait incomplet sans mentionner, comme le fait \u00c9ric, sa vie de couple heureuse, fi\u00e8re, incarnant son courage \u00e0 \u00eatre lui-m\u00eame que, toute sa vie \u00c9ric a choisi d\u2019exprimer dans ses attitudes et ses actes.<\/p>\n<p><strong><span style=\"color: #0000ff;\">V\u00a0: Aujourd\u2019hui, s\u2019ouvre une nouvelle \u00e9tape de ta vie, tout finalement peut se dessiner diff\u00e9remment \u2026<\/span><\/strong><\/p>\n<p><em><strong>ETB<\/strong>\u00a0: J\u2019<\/em><em>arrive <\/em><em>\u00e0 pr\u00e9sent au terme de ma carri<\/em><em>\u00e8<\/em><em>re professionnelle. J\u2019y mettrai fin dans quelques mois et je commence \u00e0 pr\u00e9parer la suite. Je compte me lancer, \u00e0 ma modeste mesure, dans la philanthropie. Je viens de perdre mon \u00e9poux apr\u00e8s presque quarante ans de vie commune et il m\u2019a demand\u00e9 avant son d\u00e9c\u00e8s de donner du sens au capital qu\u2019il allait me transmettre. Je souhaite ainsi cr\u00e9er une fondation dont les th\u00e9matiques principales d\u2019intervention, en soutien \u00e0 des associations existantes, seraient li\u00e9es notamment \u00e0 l\u2019insertion des jeunes en difficult\u00e9 et \u00e0 l\u2019humanisation des soins hospitaliers. Le monde associatif est foisonnant, beaucoup d\u2019initiatives m\u00e9ritent d\u2019\u00eatre encourag\u00e9es, mais font souvent face \u00e0 des probl\u00e8mes de gouvernance et peut-\u00eatre pourrai-je aider certaines \u00e0 fonctionner plus efficacement.<\/em><\/p>\n<p><em>J\u2019ai \u00e9galement commenc\u00e9 ces derni\u00e8res ann\u00e9es un travail d\u2019\u00e9criture, que j\u2019ai laiss\u00e9 en d\u00e9sh\u00e9rence depuis l\u2019an dernier pour me consacrer \u00e0 l\u2019accompagnement de la fin de vie de mon conjoint. J\u2019esp\u00e8re retrouver assez d\u2019\u00e9nergie pour le reprendre. Il s\u2019agit de textes inspir\u00e9s par des personnes qui ont marqu\u00e9 mon existence. <\/em><\/p>\n<p><em>J\u2019imagine que tout cela correspond \u00e0 une envie, un besoin, de laisser une trace. Un de mes patrons m\u2019a dit un jour que pour lui j\u2019\u00e9tais le type m\u00eame de l\u2019\u00ab\u00a0honn\u00eate homme\u00a0\u00bb au sens classique du terme. Sur le moment, encore jeune ambitieux, je n\u2019avais pas tellement appr\u00e9ci\u00e9 le compliment, mais aujourd\u2019hui il me convient bien. <\/em><\/p>\n<p><em>J\u2019ai \u00e9galement rejoint une chorale\u00a0: chanter est un bon moyen d\u2019exprimer ses \u00e9motions, de tenter d\u2019apaiser les tensions qui nous traversent. Et puis le fait de se fondre dans un collectif, d\u2019\u00eatre une voix parmi des dizaines d\u2019autres qui s\u2019agr\u00e8gent pour former un ensemble si puissant, correspond sans doute \u00e0 ma mani\u00e8re de voir la vie, avec une conscience aigu\u00eb de la petitesse de l\u2019individu que je suis, mais aussi de sa capacit\u00e9 \u00e0 contribuer malgr\u00e9 tout \u00e0 quelque chose qui le d\u00e9passe. <\/em><\/p>\n<p style=\"text-align: right;\">Interview r\u00e9alis\u00e9e par Catherine Grandcoing<\/p>\n","protected":false},"excerpt":{"rendered":"<p>Depuis presque quinze ans, \u00c9ric Taz\u00e9-Bernard pr\u00e9side aux destin\u00e9es du magazine Variances, tout d\u2019abord comme r\u00e9dacteur en chef de la version papier tri-annuelle puis, depuis 2016 comme directeur de la publication num\u00e9rique variances.eu aux deux ou trois articles \u00e9dit\u00e9s chaque semaine. Au cours de cette d\u00e9cennie, \u00c9ric, entour\u00e9 d\u2019une \u00e9quipe restreinte d\u2019alumni qu\u2019il a su [&hellip;]<\/p>\n","protected":false},"author":56,"featured_media":7701,"comment_status":"open","ping_status":"open","sticky":false,"template":"","format":"standard","meta":{"_et_pb_use_builder":"","_et_pb_old_content":"","_et_gb_content_width":"","_exactmetrics_skip_tracking":false,"_exactmetrics_sitenote_active":false,"_exactmetrics_sitenote_note":"","_exactmetrics_sitenote_category":0,"footnotes":""},"categories":[26],"tags":[],"class_list":["post-7698","post","type-post","status-publish","format-standard","has-post-thumbnail","hentry","category-portraits","et-has-post-format-content","et_post_format-et-post-format-standard"],"_links":{"self":[{"href":"https:\/\/variances.eu\/index.php?rest_route=\/wp\/v2\/posts\/7698","targetHints":{"allow":["GET"]}}],"collection":[{"href":"https:\/\/variances.eu\/index.php?rest_route=\/wp\/v2\/posts"}],"about":[{"href":"https:\/\/variances.eu\/index.php?rest_route=\/wp\/v2\/types\/post"}],"author":[{"embeddable":true,"href":"https:\/\/variances.eu\/index.php?rest_route=\/wp\/v2\/users\/56"}],"replies":[{"embeddable":true,"href":"https:\/\/variances.eu\/index.php?rest_route=%2Fwp%2Fv2%2Fcomments&post=7698"}],"version-history":[{"count":0,"href":"https:\/\/variances.eu\/index.php?rest_route=\/wp\/v2\/posts\/7698\/revisions"}],"wp:featuredmedia":[{"embeddable":true,"href":"https:\/\/variances.eu\/index.php?rest_route=\/wp\/v2\/media\/7701"}],"wp:attachment":[{"href":"https:\/\/variances.eu\/index.php?rest_route=%2Fwp%2Fv2%2Fmedia&parent=7698"}],"wp:term":[{"taxonomy":"category","embeddable":true,"href":"https:\/\/variances.eu\/index.php?rest_route=%2Fwp%2Fv2%2Fcategories&post=7698"},{"taxonomy":"post_tag","embeddable":true,"href":"https:\/\/variances.eu\/index.php?rest_route=%2Fwp%2Fv2%2Ftags&post=7698"}],"curies":[{"name":"wp","href":"https:\/\/api.w.org\/{rel}","templated":true}]}}