{"id":7580,"date":"2023-09-13T20:43:11","date_gmt":"2023-09-13T18:43:11","guid":{"rendered":"https:\/\/variances.eu\/?p=7580"},"modified":"2023-09-14T07:19:43","modified_gmt":"2023-09-14T05:19:43","slug":"la-part-du-revenu-du-capital-dans-le-revenu-national-a-diminue-au-royaume-uni-et-en-france-depuis-les-annees-1990-une-actualisation-de-graphiques-du-capital-au-xxie-siecle-de-t-pikett","status":"publish","type":"post","link":"https:\/\/variances.eu\/?p=7580","title":{"rendered":"La part du revenu du capital dans le revenu national a diminu\u00e9 au Royaume-Uni et en France depuis les ann\u00e9es 1990 : une actualisation de graphiques du \u00ab Capital au XXIe si\u00e8cle \u00bb de T. Piketty"},"content":{"rendered":"<p>La r\u00e9partition du revenu national entre revenu du capital et revenu du travail a suscit\u00e9 une litt\u00e9rature abondante depuis au moins Adam Smith. Sans la passer en revue<a href=\"#_ftn1\" name=\"_ftnref1\">[1]<\/a>, nous nous limitons ici \u00e0 souligner la fragilit\u00e9 de son estimation dans un cas particulier, celui du \u00ab Capital au XXIe si\u00e8cle \u00bb<a href=\"#_ftn2\" name=\"_ftnref2\">[2]<\/a> de T. Piketty.<\/p>\n<p>Nous nous sommes born\u00e9s, tout en conservant la m\u00eame m\u00e9thodologie, \u00e0 actualiser deux graphiques de cet ouvrage, les graphiques 6.1. et 6.8, qui repr\u00e9sentent la part du capital dans le revenu national, au Royaume-Uni et en France.<\/p>\n<h3><strong>Au Royaume-Uni<\/strong><\/h3>\n<p>Au Royaume-Uni<a href=\"#_ftn3\" name=\"_ftnref3\">[3]<\/a>, le graphique 1 repr\u00e9sente la part du capital dans le revenu national telle que figurant dans le Capital au XXIe si\u00e8cle, son actualisation selon la m\u00eame m\u00e9thodologie, et sa valeur, calcul\u00e9e selon une m\u00e9thode l\u00e9g\u00e8rement diff\u00e9rente, figurant dans la base World Inequality Database (<span style=\"text-decoration: underline;\"><span style=\"color: #0000ff;\"><a style=\"color: #0000ff; text-decoration: underline;\" href=\"https:\/\/wid.world\/\">https:\/\/wid.world\/<\/a><\/span><\/span>) anim\u00e9e entre autres par T. Piketty.<\/p>\n<p>Avant 2008, alors que dans le Capital au XXIe si\u00e8cle la part du capital augmentait, apr\u00e8s actualisation elle diminue.\u00a0 Elle diminue ensuite l\u00e9g\u00e8rement.<\/p>\n<p>La principale raison du changement de signe de la pente avant 2008 est une r\u00e9vision massive \u00e0 la baisse de la croissance des loyers imput\u00e9s effectu\u00e9e en 2016 par le service statistique britannique. En effet, le revenu du capital comprend pour un quart \u00e0 un tiers les loyers qui, en comptabilit\u00e9 nationale, se d\u00e9composent en loyers \u00ab\u00a0effectifs\u00a0\u00bb (que paient les m\u00e9nages locataires) et loyers \u00ab\u00a0imput\u00e9s\u00a0\u00bb (qu\u2019auraient pay\u00e9s les m\u00e9nages propri\u00e9taires s\u2019ils avaient \u00e9t\u00e9 locataires de leur logement). Ces derniers sont estim\u00e9s par mod\u00e9lisation \u00e9conom\u00e9trique des loyers du parc priv\u00e9 \u00e0 partir des caract\u00e9ristiques des logements (localisation, taille, confort, etc.) puis application de ce mod\u00e8le aux logements des propri\u00e9taires. Cette t\u00e2che est d\u2019autant plus d\u00e9licate que la proportion de locataires du parc priv\u00e9 est faible (moins d\u2019un cinqui\u00e8me au Royaume-Uni, un quart en France) et que celle des propri\u00e9taires est \u00e9lev\u00e9e (un peu plus de 60% au Royaume-Uni, un peu moins de 60% en France). La difficult\u00e9 de l\u2019exercice entra\u00eene, lors des changements de base des comptes nationaux, des r\u00e9visions qui peuvent \u00eatre substantielles et qui, dans le cas du Royaume-Uni, l\u2019ont \u00e9t\u00e9 au point d\u2019inverser la pente du ratio repr\u00e9sent\u00e9 sur le graphique 1.<\/p>\n<p style=\"text-align: center;\"><em>Graphique 1<\/em><\/p>\n<p><img loading=\"lazy\" decoding=\"async\" class=\"aligncenter size-full wp-image-7582\" src=\"https:\/\/variances.eu\/wp-content\/uploads\/2023\/09\/Image1.jpg\" alt=\"\" width=\"742\" height=\"486\" srcset=\"https:\/\/variances.eu\/wp-content\/uploads\/2023\/09\/Image1.jpg 742w, https:\/\/variances.eu\/wp-content\/uploads\/2023\/09\/Image1-300x196.jpg 300w, https:\/\/variances.eu\/wp-content\/uploads\/2023\/09\/Image1-600x393.jpg 600w\" sizes=\"(max-width: 742px) 100vw, 742px\" \/><\/p>\n<p>&nbsp;<\/p>\n<h3><strong>En France<\/strong><\/h3>\n<p>Dans le cas de la France<a href=\"#_ftn4\" name=\"_ftnref4\">[4]<\/a>, lors du passage de la base 2000 \u00e0 la base 2005 des comptes nationaux, l\u2019Insee, prenant en compte les r\u00e9sultats de l\u2019enqu\u00eate logement 2006, a \u00e9galement r\u00e9vis\u00e9 \u00e0 la baisse la croissance des loyers \u00e0 partir de 1998 mais avec une ampleur moindre qu\u2019au Royaume-Uni.\u00a0 La forme de la courbe est donc peu modifi\u00e9e avant 2008.\u00a0 En revanche, \u00e0 partir de 2008, ann\u00e9e de la derni\u00e8re crise financi\u00e8re, <strong>la part du revenu du capital dans le revenu national a fortement diminu\u00e9<\/strong>, passant de 26% en 2007 \u00e0 22% en 2019.\u00a0 Cela est notamment d\u00fb \u00e0 une diminution de la part des b\u00e9n\u00e9fices des soci\u00e9t\u00e9s, pass\u00e9e de 12% en 2007 \u00e0 10% en 2019.\u00a0 Dans le m\u00eame temps, la part des salaires vers\u00e9s par les soci\u00e9t\u00e9s a augment\u00e9, passant de 49% en 2007 \u00e0 51% en 2019 (les ann\u00e9es 2020 et 2021, marqu\u00e9es par le COVID, sont peu repr\u00e9sentatives).<\/p>\n<p style=\"text-align: center;\"><em>Graphique 2<\/em><\/p>\n<p><img loading=\"lazy\" decoding=\"async\" class=\"aligncenter size-full wp-image-7581\" src=\"https:\/\/variances.eu\/wp-content\/uploads\/2023\/09\/Image2.jpg\" alt=\"\" width=\"743\" height=\"486\" srcset=\"https:\/\/variances.eu\/wp-content\/uploads\/2023\/09\/Image2.jpg 743w, https:\/\/variances.eu\/wp-content\/uploads\/2023\/09\/Image2-300x196.jpg 300w, https:\/\/variances.eu\/wp-content\/uploads\/2023\/09\/Image2-600x392.jpg 600w\" sizes=\"(max-width: 743px) 100vw, 743px\" \/><\/p>\n<p>&nbsp;<\/p>\n<p>Ainsi, dans les deux pays consid\u00e9r\u00e9s, la part du revenu du capital a diminu\u00e9 depuis les ann\u00e9es 1990.<\/p>\n<p>Piketty montre que, la r\u00e9partition du capital entre les m\u00e9nages \u00e9tant plus concentr\u00e9e que celle du revenu, une croissance du revenu du capital plus rapide que celle du revenu du travail accro\u00eet les in\u00e9galit\u00e9s de revenu.<\/p>\n<p>Inversement, depuis les ann\u00e9es 1990, puisque les revenus du capital ont augment\u00e9 moins rapidement que ceux du travail, l&rsquo;in\u00e9galit\u00e9 de la propri\u00e9t\u00e9 du capital a tendu \u00e0 <strong>r\u00e9duire les in\u00e9galit\u00e9s de revenu<\/strong>. Cela ne pr\u00e9juge bien s\u00fbr pas de l\u2019\u00e9volution de ces derni\u00e8res puisque les in\u00e9galit\u00e9s de revenu du travail peuvent avoir dans le m\u00eame temps augment\u00e9.<\/p>\n<hr \/>\n<p><a href=\"#_ftnref1\" name=\"_ftn1\">[1]<\/a> Ce que fait, par exemple, \u00ab\u00a0The Elusive Explanation for the Declining Labor Share\u00a0\u00bb, Gene M. Grossmann &amp; Ezra Oberfield, National Bureau of Economic Research, working paper 29165, ao\u00fbt 2021.<\/p>\n<p><a href=\"#_ftnref2\" name=\"_ftn2\">[2]<\/a> Editions du Seuil, 2013.<\/p>\n<p><a href=\"#_ftnref3\" name=\"_ftn3\">[3]<\/a> Une description plus d\u00e9taill\u00e9e des calculs figure dans cet article\u00a0: <span style=\"text-decoration: underline; color: #0000ff;\"><a style=\"color: #0000ff; text-decoration: underline;\" href=\"https:\/\/www.igedd.developpement-durable.gouv.fr\/IMG\/pdf\/piketty_update_uk_bambade_cle2aa171.pdf\">https:\/\/www.igedd.developpement-durable.gouv.fr\/IMG\/pdf\/piketty_update_uk_bambade_cle2aa171.pdf<\/a><\/span>.<\/p>\n<p><a href=\"#_ftnref4\" name=\"_ftn4\">[4]<\/a> Une description plus d\u00e9taill\u00e9e des calculs figure dans un article paru le 11 octobre 2017 dans Variances\u00a0: <span style=\"text-decoration: underline; color: #0000ff;\"><a style=\"color: #0000ff; text-decoration: underline;\" href=\"https:\/\/variances.eu\/?p=2572\">https:\/\/variances.eu\/?p=2572<\/a><\/span>, actualis\u00e9 ici\u00a0: <span style=\"text-decoration: underline; color: #0000ff;\"><a style=\"color: #0000ff; text-decoration: underline;\" href=\"https:\/\/www.igedd.developpement-durable.gouv.fr\/IMG\/pdf\/piketty-actu_cle7d6f51.pdf\">https:\/\/www.igedd.developpement-durable.gouv.fr\/IMG\/pdf\/piketty-actu_cle7d6f51.pdf<\/a><\/span> .<\/p>\n","protected":false},"excerpt":{"rendered":"<p>La r\u00e9partition du revenu national entre revenu du capital et revenu du travail a suscit\u00e9 une litt\u00e9rature abondante depuis au moins Adam Smith. Sans la passer en revue[1], nous nous limitons ici \u00e0 souligner la fragilit\u00e9 de son estimation dans un cas particulier, celui du \u00ab Capital au XXIe si\u00e8cle \u00bb[2] de T. Piketty. Nous [&hellip;]<\/p>\n","protected":false},"author":465,"featured_media":7584,"comment_status":"open","ping_status":"open","sticky":false,"template":"","format":"standard","meta":{"_et_pb_use_builder":"","_et_pb_old_content":"","_et_gb_content_width":"","_exactmetrics_skip_tracking":false,"_exactmetrics_sitenote_active":false,"_exactmetrics_sitenote_note":"","_exactmetrics_sitenote_category":0,"footnotes":""},"categories":[11],"tags":[],"class_list":["post-7580","post","type-post","status-publish","format-standard","has-post-thumbnail","hentry","category-macroeconomie","et-has-post-format-content","et_post_format-et-post-format-standard"],"_links":{"self":[{"href":"https:\/\/variances.eu\/index.php?rest_route=\/wp\/v2\/posts\/7580","targetHints":{"allow":["GET"]}}],"collection":[{"href":"https:\/\/variances.eu\/index.php?rest_route=\/wp\/v2\/posts"}],"about":[{"href":"https:\/\/variances.eu\/index.php?rest_route=\/wp\/v2\/types\/post"}],"author":[{"embeddable":true,"href":"https:\/\/variances.eu\/index.php?rest_route=\/wp\/v2\/users\/465"}],"replies":[{"embeddable":true,"href":"https:\/\/variances.eu\/index.php?rest_route=%2Fwp%2Fv2%2Fcomments&post=7580"}],"version-history":[{"count":0,"href":"https:\/\/variances.eu\/index.php?rest_route=\/wp\/v2\/posts\/7580\/revisions"}],"wp:featuredmedia":[{"embeddable":true,"href":"https:\/\/variances.eu\/index.php?rest_route=\/wp\/v2\/media\/7584"}],"wp:attachment":[{"href":"https:\/\/variances.eu\/index.php?rest_route=%2Fwp%2Fv2%2Fmedia&parent=7580"}],"wp:term":[{"taxonomy":"category","embeddable":true,"href":"https:\/\/variances.eu\/index.php?rest_route=%2Fwp%2Fv2%2Fcategories&post=7580"},{"taxonomy":"post_tag","embeddable":true,"href":"https:\/\/variances.eu\/index.php?rest_route=%2Fwp%2Fv2%2Ftags&post=7580"}],"curies":[{"name":"wp","href":"https:\/\/api.w.org\/{rel}","templated":true}]}}