{"id":7438,"date":"2023-05-04T07:30:44","date_gmt":"2023-05-04T05:30:44","guid":{"rendered":"https:\/\/variances.eu\/?p=7438"},"modified":"2023-05-04T08:00:29","modified_gmt":"2023-05-04T06:00:29","slug":"cest-a-ce-danger-quecrire-confronte-conversation-avec-marceline-bodier","status":"publish","type":"post","link":"https:\/\/variances.eu\/?p=7438","title":{"rendered":"\u00ab C\u2019est \u00e0 ce danger qu\u2019\u00e9crire confronte \u00bb &#8211; Conversation avec Marceline Bodier"},"content":{"rendered":"<p><em>Marceline Bodier (1992), administratrice de l\u2019Insee, publia il y a quelques ann\u00e9es un premier roman. Aujourd\u2019hui, en r\u00e9ponse aux questions de variances.eu, elle nous explique comment cette publication fut un \u00e9v\u00e9nement fertile de sa vie. <\/em><\/p>\n<p><strong>Q1\u00a0: Marceline, tu as publi\u00e9 un premier roman, <em>La fille au mitote<\/em>, en 2017. Peux-tu nous d\u00e9crire le parcours qui t\u2019a men\u00e9e de l\u2019Ensae \u00e0 la publication de ce roman\u00a0?<\/strong><\/p>\n<p>La question ne devrait-elle pas plut\u00f4t \u00eatre\u00a0: ta vie t\u2019a men\u00e9e \u00e0 \u00e9crire ce roman, alors comment t\u2019es-tu retrouv\u00e9e \u00e0 faire l\u2019Ensae en chemin\u00a0? Mais ce serait trop intime d\u2019y r\u00e9pondre\u2026 si j\u2019ai pu aller au bout d\u2019un roman \u00e0 47 ans, c\u2019est aussi parce que ma vie n\u2019avait pas \u00e9t\u00e9 lin\u00e9aire \u2013 malgr\u00e9 les apparences. D\u2019ailleurs, quand on me demande combien de temps j\u2019ai mis \u00e0 \u00e9crire mon premier roman, je r\u00e9ponds\u00a0: 47 ans.<\/p>\n<p>Mais je peux quand m\u00eame tenter une r\u00e9ponse \u00e0 la question sur mon parcours. Il n\u2019a jamais \u00e9t\u00e9 ni litt\u00e9raire, ni scientifique, mais toujours dans une alternance entre les deux\u00a0: j\u2019ai pass\u00e9 un bac scientifique, mais je suis partie en hypokh\u00e2gne\u00a0; en hypokh\u00e2gne, mais \u00ab\u00a0S\u00a0\u00bb (aujourd\u2019hui, on dit \u00ab\u00a0BL\u00a0\u00bb), donc avec des maths et de l\u2019\u00e9conomie\u00a0; \u00e0 l\u2019Ensae, mais dans la voie \u00ab\u00a0\u00e9co\u00a0\u00bb\u00a0; administratrice de l\u2019Insee, mais gr\u00e2ce au fait que j\u2019ai aussi fait Sciences Po, dont le dipl\u00f4me m\u2019a donn\u00e9 le droit de passer le concours (\u00e0 l\u2019\u00e9poque, l\u2019Ensae n\u2019ouvrait pas ce droit).<\/p>\n<p>Et cette fa\u00e7on de relire mon parcours n\u2019est pas la seule. J\u2019ai toujours jou\u00e9 du piano, j\u2019ai m\u00eame fait des classes \u00e0 \u00ab\u00a0horaires am\u00e9nag\u00e9s\u00a0\u00bb jusqu\u2019en troisi\u00e8me. Je n\u2019ai pas poursuivi, pour retourner dans la voie g\u00e9n\u00e9rale. Mais j\u2019ai toujours gard\u00e9 dans un coin de ma t\u00eate l\u2019id\u00e9e que j\u2019\u00e9tais une artiste contrari\u00e9e. C\u2019est peut-\u00eatre faux\u00a0; mais \u00e7a compte, dans l\u2019image qu\u2019on se fait de soi\u2026<\/p>\n<p>Alors quand j\u2019ai mis cette r\u00e9flexion \u00e0 plat \u00e0 la trentaine, j\u2019ai fait ce que vous m\u2019auriez sans nul doute conseill\u00e9 de faire si je vous avais pos\u00e9 la question\u00a0: des \u00e9tudes de psycho\u00a0!<\/p>\n<p>\u00c7a a \u00e9t\u00e9 passionnant. Au long de ce chemin, j\u2019ai conserv\u00e9 l\u2019habitude d\u2019\u00e9crire des bribes de journal intime, et apr\u00e8s mon dipl\u00f4me, j\u2019ai constat\u00e9 que cet exercice d\u00e9rivait insensiblement en fiction. \u00ab\u00a0Constat\u00e9\u00a0\u00bb est le bon mot\u00a0: des personnages se sont impos\u00e9s, la troisi\u00e8me personne s\u2019est substitu\u00e9e \u00e0 la premi\u00e8re. Un d\u00e9nouement d\u2019histoire m\u2019est apparu \u00e0 la faveur d\u2019une exp\u00e9rience personnelle, et mes moments de r\u00eaverie se sont focalis\u00e9s sur l\u2019invention de l\u2019histoire qui irait avec ce d\u00e9nouement.<\/p>\n<p>C\u2019est comme si 47 ans d\u2019essais-erreurs avaient soudain pris sens gr\u00e2ce \u00e0 la fiction. Si c\u2019\u00e9tait \u00e0 refaire, je referais donc toutes mes erreurs, qui n\u2019en sont finalement pas forc\u00e9ment : la fiction ne peut pas na\u00eetre de la certitude. Elle na\u00eet du doute, des incertitudes, du d\u00e9sir d\u2019ouvrir les portes pour voir ce qu\u2019il y a derri\u00e8re.<\/p>\n<p><strong>Q2\u00a0: \u00c0 quel type de litt\u00e9rature appartient ce premier roman\u00a0? Quelles furent tes sources d\u2019inspiration\u00a0et ton intention d\u2019autrice\u00a0?<\/strong><\/p>\n<p>Mon premier roman est un roman psychologique \u00e0 suspense. C\u2019est l\u2019expression qui qualifie les livres de Ruth Rendell, qui m\u2019ont foudroy\u00e9e le jour o\u00f9 j\u2019en ai d\u00e9couvert un par le plus grand des hasards. Depuis, je me suis rendu compte que Daphn\u00e9 du Maurier ou Stefan Zweig \u00e9taient ses anc\u00eatres et que cette filiation me parlait puissamment. Mais c\u2019est bien avec <em>Le journal d\u2019Asta<\/em> que m\u2019a frapp\u00e9e cette id\u00e9e qui me convient totalement\u00a0: <strong>la litt\u00e9rature peut m\u00ealer la plus grande subtilit\u00e9 psychologique, qui donne envie de lire lentement, au plus grand suspense, qui oblige \u00e0 lire vite. La contradiction que porte cette torture est un des plus grands d\u00e9lices qui existe\u00a0!<\/strong><\/p>\n<p>Aujourd\u2019hui, cela fait six ans que j\u2019ai auto-\u00e9dit\u00e9 mon roman. \u00c7a a \u00e9t\u00e9 une aventure merveilleuse, pour de multiples raisons.<\/p>\n<p>La premi\u00e8re est qu\u2019avant, j\u2019ai b\u00e9n\u00e9fici\u00e9 de plusieurs mois o\u00f9 une trentaine de coll\u00e8gues et d\u2019ami.e.s m\u2019ont fait le cadeau de le lire, d\u2019en parler avec moi, de me donner leur avis, des conseils. J\u2019ai beaucoup remani\u00e9 le texte sous leur influence, avec le sentiment d\u2019\u00eatre devenue le vecteur d\u2019une aventure collective. \u00c7a a \u00e9t\u00e9 tr\u00e8s gratifiant.<\/p>\n<p>Ensuite, quand j\u2019ai auto-\u00e9dit\u00e9 le livre, j\u2019ai eu la chance qu\u2019il m\u2019am\u00e8ne \u00e0 rencontrer un petit bout des communaut\u00e9s litt\u00e9raires qui existent aujourd\u2019hui sur les r\u00e9seaux sociaux. Je me suis fait des ami.e.s, j\u2019en ai rencontr\u00e9 dans la vraie vie.<\/p>\n<p>Et enfin, j\u2019ai fini par mesurer la distance entre un manuscrit, f\u00fbt-il travaill\u00e9, et un roman retravaill\u00e9 de mani\u00e8re professionnelle. J\u2019ai rencontr\u00e9 une b\u00eata-lectrice professionnelle, qui m\u2019a ouvert encore de nouveaux horizons en me faisant un retour extr\u00eamement d\u00e9taill\u00e9 (trente pages\u00a0!) sur mon roman, pointant aussi bien ses qualit\u00e9s que ses d\u00e9fauts. Cela a constitu\u00e9 une nouvelle \u00e9tape, qui est celle o\u00f9 je suis aujourd\u2019hui.<\/p>\n<p><strong>Q3\u00a0: Parlons de l\u2019\u00e9dition, quels enseignements tires-tu de ton exp\u00e9rience d\u2019autrice auto-\u00e9dit\u00e9e\u00a0? <\/strong><\/p>\n<p>Je suis pass\u00e9e par l\u2019auto-\u00e9dition, ce qui a \u00e9t\u00e9 une formidable \u00e9cole et un poste d\u2019observation absolument privil\u00e9gi\u00e9 du monde de l\u2019\u00e9dition. Cela m\u2019a convaincue du fait qu\u2019\u00eatre \u00e9dit\u00e9 \u00e0 tout prix n\u2019\u00e9tait pas le graal. C\u2019est d\u00e9sirable, bien s\u00fbr. Mais quand on sait que l\u2019ordre de grandeur du nombre de titres qui sortent chaque ann\u00e9e en France, c\u2019est 40 000\u2026 cela oblige \u00e0 r\u00e9fl\u00e9chir. Et pas \u00e0 la bonne mani\u00e8re de jouer des coudes dans cette cohue, non\u00a0: mais plut\u00f4t \u00e0 ce que cela signifie de vouloir \u00e0 tout prix en faire partie\u00a0!<\/p>\n<p>De toute fa\u00e7on, j\u2019\u00e9cris forc\u00e9ment, et la plupart du temps, personne n\u2019a vocation \u00e0 lire ce que j\u2019\u00e9cris. Alors que m\u2019apporte l\u2019id\u00e9e qu\u2019une partie de ce que j\u2019\u00e9cris sera lue ? A son \u00e9chelle, l\u2019aventure que j\u2019ai v\u00e9cue m\u2019a aid\u00e9e \u00e0 r\u00e9pondre : l\u2019id\u00e9e d\u2019\u00eatre lue par des inconnus ne m\u2019apporte rien. Mais l\u2019id\u00e9e d\u2019\u00eatre lue par mon entourage, ou simplement par des personnes que je c\u00f4toie, est un frisson tr\u00e8s particulier. J\u2019\u00e9cris des choses que je ne dirais pas, et pour cause : je suis un v\u00e9ritable cas d\u2019\u00e9cole d\u2019esprit de l\u2019escalier, et je n\u2019arrive \u00e0 dire clairement (\u00e9ventuellement) que ce que j\u2019ai \u00e9crit au pr\u00e9alable. Alors en \u00e9tant lue, je sais que je me montre sous un jour qui ne ressemble pas \u00e0 mon personnage en chair et en os, quel qu\u2019il soit, mais qui ressemble \u00e0 celle que je pense \u00eatre, \u00e0 celle qui a eu une vie en dents de scie, faite d\u2019\u00e9motions cach\u00e9es derri\u00e8re des chiffres, des lettres et des notes de musique.<\/p>\n<p><strong>C\u2019est \u00e0 ce danger qu\u2019\u00e9crire confronte<\/strong>.<\/p>\n<p><strong>Q4\u00a0: Depuis cette premi\u00e8re publication, quels projets as-tu mis en \u0153uvre\u00a0?<\/strong><\/p>\n<p>Il y a six ans, au moment de l\u2019auto-\u00e9dition de mon premier roman, j\u2019ai pleinement v\u00e9cu ce qui m\u2019arrivait, mais sans le comprendre. Or, j\u2019ai absolument besoin de comprendre. Alors depuis six ans, j\u2019ai une sorte de boulimie de rattrapage de ce que je n\u2019avais ni appris ni v\u00e9cu avant dans le monde litt\u00e9raire. J\u2019essaye tout ce qui passe\u00a0: j\u2019ai explor\u00e9 tous les r\u00e9seaux sociaux possibles\u00a0; je suis devenue chroniqueuse litt\u00e9raire pour 20 minutes\u00a0; j\u2019ai nou\u00e9 d\u2019impr\u00e9visibles amiti\u00e9s\u00a0; j\u2019ai particip\u00e9 \u00e0 plusieurs jurys de prix litt\u00e9raires, et je fais maintenant partie de l\u2019\u00e9quipe organisatrice du Prix des auteurs inconnus, qui distingue des romans auto-\u00e9dit\u00e9s ou \u00e9dit\u00e9s en petite maison.<\/p>\n<p>Tout cela peut se faire de mani\u00e8re virtuelle, et s\u2019est magnifiquement accord\u00e9 avec la p\u00e9riode de la crise sanitaire. Mais que serait le virtuel s\u2019il n\u2019avait aucun effet r\u00e9el\u00a0? Depuis 2021, je m\u2019occupe aussi du club Litt\u00e9rature des Alumni de Sciences Po<a href=\"#_ftn1\" name=\"_ftnref1\">[1]<\/a>. Ce club existe depuis 25 ans et organise tous les mois des d\u00eeners litt\u00e9raires qui r\u00e9unissent une vingtaine de personnes, dont quelques fid\u00e8les de la premi\u00e8re heure. C\u2019est un club de lectrices et de lecteurs, sans professionnel.le.s, et un merveilleux support pour lancer tout ce qui me passe par la t\u00eate (en lien avec la litt\u00e9rature, rassurez-vous)\u00a0: des services de presse, des rencontres avec des professionnel.le.s, un concours d\u2019\u00e9criture, et m\u00eame, je l\u2019esp\u00e8re, un prix litt\u00e9raire.<\/p>\n<p><strong>Q5\u00a0: Comment ces activit\u00e9s litt\u00e9raires r\u00e9sonnent-elles en toi\u00a0?<\/strong><\/p>\n<p>Pour comprendre le monde litt\u00e9raire, je me suis aussi mise \u00e0 lire des livres diff\u00e9rents de ceux que je lisais avant. J\u2019avais \u00e9t\u00e9 nourrie de classiques. J\u2019ai lu pas mal de polars, aussi. Mais je lisais peu la litt\u00e9rature contemporaine et j\u2019en avais une vision plus qu\u2019incompl\u00e8te. Cela a certainement amplifi\u00e9 ma na\u00efvet\u00e9 lorsque j\u2019ai \u00e9crit un premier roman\u00a0: j\u2019ignorais dans quoi je mettais les pieds.<\/p>\n<p>\u00c9tait-ce grave\u00a0? Peut-\u00eatre pas. Je pourrais me dire que si j\u2019ai un talent, alors quelqu\u2019un le verra un jour et s\u2019occupera de lui faire une place. Je ne devrais rien avoir \u00e0 faire de plus qu\u2019\u00e9crire. Mais ai-je un talent\u00a0? Rien n\u2019est moins s\u00fbr. J\u2019ai une subjectivit\u00e9 qui m\u2019appartient\u00a0: comme tout le monde\u00a0! J\u2019ai des d\u00e9sirs, une mani\u00e8re de regarder le monde au travers des mots qui le nomment, une mani\u00e8re d\u2019attribuer une \u00e9motion \u00e0 tout, une mani\u00e8re de chercher le paradoxe derri\u00e8re l\u2019\u00e9vidence, et le sens cach\u00e9 derri\u00e8re le paradoxe\u00a0: d\u2019autres le font aussi\u00a0! Alors qui sont ces autres\u00a0? Comment se d\u00e9brouillent-ils dans la vie\u00a0? Qu\u2019\u00e9crivent-ils\u00a0? J\u2019ai commenc\u00e9 \u00e0 lire de tout\u00a0: depuis les livres auto-\u00e9dit\u00e9s jusqu\u2019aux Prix Goncourt, i.e. depuis les manuscrits en attente d\u2019\u00eatre r\u00e9v\u00e9l\u00e9s jusqu\u2019aux livres filtr\u00e9s par toutes les strates du milieu litt\u00e9raire.<\/p>\n<p>Je me cherchais\u2026 et j\u2019ai trouv\u00e9 les autres. En termes de plaisir, je ne fais pas de diff\u00e9rence entre \u00e9crire une chronique pour 20 minutes (mon support pr\u00e9f\u00e9r\u00e9) et \u00e9crire un chapitre de roman. Je me suis nourrie en lisant litt\u00e9ralement des centaines d\u2019incipit pour le Prix des auteurs inconnus, exp\u00e9rience radicale pour se mettre dans la peau d\u2019un.e stagiaire de service des manuscrits. Je suis dans l\u2019action, alors qu\u2019en tant qu\u2019autrice, j\u2019\u00e9tais dans l\u2019attente.<\/p>\n<p>Est-ce que cela entame ma possibilit\u00e9 d\u2019\u00e9crire de la fiction\u00a0? A court terme, oui, c\u2019est une \u00e9vidence\u00a0: je n\u2019en ai plus le temps. Mais si je me fie \u00e0 la succession de surprises qui ont jalonn\u00e9 mon pass\u00e9\u2026 j\u2019ai h\u00e2te de conna\u00eetre la suite\u00a0!<\/p>\n<p>&nbsp;<\/p>\n<div style=\"width: auto; border: 1px solid #2E86C1; text-align: justify; background: #F0F0F0; padding: 10px;\">\n<p><strong>Extrait de <em>La fille au mitote<\/em> (2017, Librinova).<\/strong><\/p>\n<p>\u00ab\u00a0Chacun avait peut-\u00eatre inconsciemment cette impression que si on n\u2019arrive pas \u00e0 croire compl\u00e8tement \u00e0 son propre bonheur, mais qu\u2019on voit que les autres, eux, y croient dur comme fer, alors il devient r\u00e9el.\u00a0\u00bb<\/p>\n<\/div>\n<p>&nbsp;<\/p>\n<hr \/>\n<p><a href=\"#_ftnref1\" name=\"_ftn1\">[1]<\/a> <a href=\"https:\/\/sciencespo-alumni.fr\/group\/club-litterature\/96\/\">https:\/\/sciencespo-alumni.fr\/group\/club-litterature\/96\/<\/a><\/p>\n","protected":false},"excerpt":{"rendered":"<p>Marceline Bodier (1992), administratrice de l\u2019Insee, publia il y a quelques ann\u00e9es un premier roman. Aujourd\u2019hui, en r\u00e9ponse aux questions de variances.eu, elle nous explique comment cette publication fut un \u00e9v\u00e9nement fertile de sa vie. Q1\u00a0: Marceline, tu as publi\u00e9 un premier roman, La fille au mitote, en 2017. Peux-tu nous d\u00e9crire le parcours qui [&hellip;]<\/p>\n","protected":false},"author":243,"featured_media":7439,"comment_status":"open","ping_status":"open","sticky":false,"template":"","format":"standard","meta":{"_et_pb_use_builder":"","_et_pb_old_content":"","_et_gb_content_width":"","_exactmetrics_skip_tracking":false,"_exactmetrics_sitenote_active":false,"_exactmetrics_sitenote_note":"","_exactmetrics_sitenote_category":0,"footnotes":""},"categories":[243],"tags":[],"class_list":["post-7438","post","type-post","status-publish","format-standard","has-post-thumbnail","hentry","category-plumes","et-has-post-format-content","et_post_format-et-post-format-standard"],"_links":{"self":[{"href":"https:\/\/variances.eu\/index.php?rest_route=\/wp\/v2\/posts\/7438","targetHints":{"allow":["GET"]}}],"collection":[{"href":"https:\/\/variances.eu\/index.php?rest_route=\/wp\/v2\/posts"}],"about":[{"href":"https:\/\/variances.eu\/index.php?rest_route=\/wp\/v2\/types\/post"}],"author":[{"embeddable":true,"href":"https:\/\/variances.eu\/index.php?rest_route=\/wp\/v2\/users\/243"}],"replies":[{"embeddable":true,"href":"https:\/\/variances.eu\/index.php?rest_route=%2Fwp%2Fv2%2Fcomments&post=7438"}],"version-history":[{"count":0,"href":"https:\/\/variances.eu\/index.php?rest_route=\/wp\/v2\/posts\/7438\/revisions"}],"wp:featuredmedia":[{"embeddable":true,"href":"https:\/\/variances.eu\/index.php?rest_route=\/wp\/v2\/media\/7439"}],"wp:attachment":[{"href":"https:\/\/variances.eu\/index.php?rest_route=%2Fwp%2Fv2%2Fmedia&parent=7438"}],"wp:term":[{"taxonomy":"category","embeddable":true,"href":"https:\/\/variances.eu\/index.php?rest_route=%2Fwp%2Fv2%2Fcategories&post=7438"},{"taxonomy":"post_tag","embeddable":true,"href":"https:\/\/variances.eu\/index.php?rest_route=%2Fwp%2Fv2%2Ftags&post=7438"}],"curies":[{"name":"wp","href":"https:\/\/api.w.org\/{rel}","templated":true}]}}