{"id":7399,"date":"2023-04-27T07:25:31","date_gmt":"2023-04-27T05:25:31","guid":{"rendered":"https:\/\/variances.eu\/?p=7399"},"modified":"2023-04-27T07:31:32","modified_gmt":"2023-04-27T05:31:32","slug":"les-prelevements-sur-le-travail-le-capital-et-la-consommation-en-2021","status":"publish","type":"post","link":"https:\/\/variances.eu\/?p=7399","title":{"rendered":"Les pr\u00e9l\u00e8vements sur le travail, le capital et la consommation en 2021"},"content":{"rendered":"<p><em>Cet article est une reprise de celui publi\u00e9\u00a0<span style=\"text-decoration: underline;\"><span style=\"color: #0000ff; text-decoration: underline;\"><a style=\"color: #0000ff; text-decoration: underline;\" href=\"https:\/\/fipeco.fr\/commentaire\/Les%20pr%C3%A9l%C3%A8vements%20sur%20le%20travail,%20le%20capital%20et%20la%20consommation%20en%202021\">sur le site de FIPECO le 12 avril 2023<\/a><\/span><\/span>.<\/em><\/p>\n<hr \/>\n<p>Les \u00e9conomistes distinguent souvent les pr\u00e9l\u00e8vements obligatoires (PO) sur la consommation et sur les deux facteurs de production que sont le travail et le capital. La ventilation des PO entre ces trois assiettes \u00e9conomiques pose des probl\u00e8mes m\u00e9thodologiques d\u00e9licats qui sont pr\u00e9sent\u00e9s dans les fiches techniques de ce site relatives aux pr\u00e9l\u00e8vements\u00a0<span style=\"text-decoration: underline;\"><span style=\"color: #0000ff;\"><a style=\"color: #0000ff; text-decoration: underline;\" href=\"https:\/\/www.fipeco.fr\/fiche.php?url=Les-pr%C3%A9l%C3%A8vements-sur-le-travail\">sur le travail<\/a><\/span><\/span>\u00a0et\u00a0<span style=\"text-decoration: underline;\"><span style=\"color: #0000ff;\"><a style=\"color: #0000ff; text-decoration: underline;\" href=\"https:\/\/www.fipeco.fr\/fiche.php?url=Les-pr%C3%A9l%C3%A8vements-sur-le-capital\">sur le capital<\/a><\/span><\/span>. Elle est n\u00e9anmoins effectu\u00e9e chaque ann\u00e9e par la Commission europ\u00e9enne, dans le cadre de son rapport sur les tendances de la fiscalit\u00e9 dans l\u2019Union europ\u00e9enne, et ce billet s\u2019appuie sur les\u00a0<span style=\"text-decoration: underline;\"><span style=\"color: #0000ff;\"><a style=\"color: #0000ff; text-decoration: underline;\" href=\"https:\/\/ec.europa.eu\/taxation_customs\/business\/economic-analysis-taxation\/data-taxation_en\">derni\u00e8res statistiques<\/a><\/span><\/span>\u00a0qu\u2019elle a mises en ligne. Il compare les PO en France, en Allemagne, dans la zone euro et l\u2019Union europ\u00e9enne en 2021, derni\u00e8re ann\u00e9e connue, et en 2016, ce qui permet de dresser un bilan du dernier quinquennat sous cet angle.<\/p>\n<p><strong>Le taux des PO en France en 2021 est sup\u00e9rieur de 4,0 points de PIB \u00e0 celui de la zone euro, de 4,4 points \u00e0 celui de l\u2019Union europ\u00e9enne et de 4,0 points \u00e0 celui de l\u2019Allemagne.<\/strong><\/p>\n<p><strong>Il a baiss\u00e9 de 0,6 point en France de 2016 \u00e0 2021 alors qu\u2019il a augment\u00e9 dans la zone euro et l\u2019Union europ\u00e9enne (environ + 1,0 point), ainsi qu\u2019en Allemagne (+ 1,9 point).<\/strong><\/p>\n<p><strong>L\u2019\u00e9cart par rapport aux moyennes communautaires en 2021 r\u00e9sulte pour 1,5 \u00e0 2,0 points des pr\u00e9l\u00e8vements sur le travail, pour 1,7 \u00e0 2,0 points des pr\u00e9l\u00e8vements sur le capital et pour 0,5 \u00e0 0,8 point des pr\u00e9l\u00e8vements sur la consommation.<\/strong><\/p>\n<p><strong>De 2016 \u00e0 2021, en pourcentage du PIB, les pr\u00e9l\u00e8vements sur le travail ont diminu\u00e9 en France alors qu\u2019ils ont augment\u00e9 dans la zone euro et l\u2019Union europ\u00e9enne (notamment en Allemagne). Les pr\u00e9l\u00e8vements sur le capital ont un peu augment\u00e9 en France, malgr\u00e9 les r\u00e9formes fiscales mises en \u0153uvre sur cette p\u00e9riode, mais moins que dans la zone euro et l\u2019Union europ\u00e9enne (notamment en Allemagne). Les pr\u00e9l\u00e8vements sur la consommation ont un peu augment\u00e9 en France alors qu\u2019ils ont \u00e9t\u00e9 stables en Europe.<\/strong><\/p>\n<p><strong>Les parts des pr\u00e9l\u00e8vements sur le travail et sur la consommation dans le total des PO sont en France inf\u00e9rieures aux moyennes europ\u00e9ennes, mais la part des pr\u00e9l\u00e8vements sur le capital y est plus \u00e9lev\u00e9e. En Allemagne, la part du travail est bien plus forte qu\u2019en France, la part du capital bien plus faible et la part de la consommation voisine.<\/strong><\/p>\n<p><strong>La France est pass\u00e9e du deuxi\u00e8me rang de l\u2019Union europ\u00e9enne pour les pr\u00e9l\u00e8vements sur le travail en 2016 au cinqui\u00e8me en 2021 mais elle est rest\u00e9e au premier rang pour ceux qui sont \u00e0 la charge des employeurs.<\/strong><\/p>\n<p><strong>S\u2019agissant des pr\u00e9l\u00e8vements sur le capital, la France est pass\u00e9e du premier rang en 2016 au troisi\u00e8me rang en 2021, derri\u00e8re le Luxembourg et la Belgique mais loin devant l\u2019Allemagne. Elle est au troisi\u00e8me rang pour les imp\u00f4ts sur le stock de capital en 2021.<\/strong><\/p>\n<p><strong>Elle est au 17<\/strong><strong><sup>\u00e8me<\/sup><\/strong><strong>\u00a0rang pour les pr\u00e9l\u00e8vements sur la consommation en 2021 (le 16<\/strong><strong><sup>\u00e8me<\/sup><\/strong><strong>\u00a0en 2016), et au 19<\/strong><strong><sup>\u00e8me<\/sup><\/strong><strong>\u00a0pour la seule TVA (18<\/strong><strong><sup>\u00e8me<\/sup><\/strong><strong>\u00a0en 2016).<\/strong><\/p>\n<p>Les pr\u00e9l\u00e8vements op\u00e9r\u00e9s sur chacune de ces assiettes sont de nature assez h\u00e9t\u00e9rog\u00e8ne (imp\u00f4ts et cotisations sociales, imp\u00f4ts g\u00e9n\u00e9raux et taxes sp\u00e9cifiques, pr\u00e9l\u00e8vements sur les flux et les stocks\u2026). Ce panorama appelle donc des analyses plus fines.<\/p>\n<h3>A)\u00a0La r\u00e9partition des pr\u00e9l\u00e8vements par assiette \u00e9conomique<\/h3>\n<h5>1) Les pr\u00e9l\u00e8vements par assiette en pourcentage du PIB<\/h5>\n<p>Le taux des pr\u00e9l\u00e8vements obligatoires (PO) estim\u00e9 pour la France en 2021 par la Commission europ\u00e9enne (45,1 %) n\u2019est pas exactement le m\u00eame que celui estim\u00e9 par l\u2019Insee (44,3 %) en raison notamment d\u2019un traitement diff\u00e9rent des cr\u00e9dits d\u2019imp\u00f4ts<a name=\"_ftnref1\"><\/a><a href=\"https:\/\/fipeco.fr\/commentaire\/Les%20pr%C3%A9l%C3%A8vements%20sur%20le%20travail,%20le%20capital%20et%20la%20consommation%20en%202021#_ftn1\">[1]<\/a>. Il diff\u00e8re aussi de celui qui est publi\u00e9 par Eurostat (47,0 %) car ce dernier inclut les cotisations sociales dites \u00ab\u00a0imput\u00e9es\u00a0\u00bb que l\u2019Etat employeur se verse \u00e0 lui-m\u00eame au titre des retraites de ses agents.<\/p>\n<p>Le taux des PO retenu par la Commission est sup\u00e9rieur de 4,0 points de PIB \u00e0 celui de la zone euro, de 4,4 points \u00e0 celui de l\u2019Union europ\u00e9enne et de 4,0 points \u00e0 celui de l\u2019Allemagne.<\/p>\n<p>Le taux des pr\u00e9l\u00e8vements obligatoires a baiss\u00e9 de 0,6 point de PIB en France de 2016 \u00e0 2021 alors qu\u2019il a augment\u00e9 en moyenne dans la zone euro (+ 1,0 point de PIB) et dans l\u2019Union europ\u00e9enne (+ 0,9 point), et encore plus fortement en Allemagne (+ 1,9 point).<\/p>\n<p>L\u2019\u00e9cart par rapport aux moyennes communautaires en 2021 r\u00e9sulte pour 1,5 \u00e0 2,0 points de PIB des pr\u00e9l\u00e8vements sur le travail, pour 1,7 \u00e0 2,0 points des pr\u00e9l\u00e8vements sur le capital et pour 0,5 \u00e0 0,8 point des pr\u00e9l\u00e8vements sur la consommation.<\/p>\n<p style=\"text-align: center;\"><strong><u>Les pr\u00e9l\u00e8vements obligatoires par assiette \u00e9conomique en % du PIB<\/u><\/strong><\/p>\n<div id=\"attachment_7403\" style=\"width: 686px\" class=\"wp-caption aligncenter\"><img loading=\"lazy\" decoding=\"async\" aria-describedby=\"caption-attachment-7403\" class=\"size-full wp-image-7403\" src=\"https:\/\/variances.eu\/wp-content\/uploads\/2023\/04\/fe1.jpg\" alt=\"\" width=\"676\" height=\"125\" srcset=\"https:\/\/variances.eu\/wp-content\/uploads\/2023\/04\/fe1.jpg 676w, https:\/\/variances.eu\/wp-content\/uploads\/2023\/04\/fe1-300x55.jpg 300w, https:\/\/variances.eu\/wp-content\/uploads\/2023\/04\/fe1-600x111.jpg 600w\" sizes=\"(max-width: 676px) 100vw, 676px\" \/><p id=\"caption-attachment-7403\" class=\"wp-caption-text\">Source\u00a0: Commission europ\u00e9enne\u00a0; FIPECO.<\/p><\/div>\n<p>De 2016 \u00e0 2021, les pr\u00e9l\u00e8vements sur le travail ont diminu\u00e9 en France, en parts de PIB, en raison de la substitution de la CSG \u00e0 des cotisations salariales et du remplacement du CICE (consid\u00e9r\u00e9 comme une d\u00e9pense publique par la Commission europ\u00e9enne comme tous les cr\u00e9dits d\u2019imp\u00f4t) par un all\u00e8gement de cotisations patronales, alors qu\u2019ils ont augment\u00e9 dans la zone euro et l\u2019Union europ\u00e9enne (plus fortement en Allemagne).<\/p>\n<p>Malgr\u00e9 les r\u00e9formes fiscales (remplacement de l\u2019ISF par l\u2019IFI, baisse du taux de l\u2019IS, pr\u00e9l\u00e8vement forfaitaire unique sur les revenus des placements financiers\u2026), les pr\u00e9l\u00e8vements sur le capital ont augment\u00e9 en France de 2016 \u00e0 2021, sous l\u2019effet par exemple d\u2019une hausse des recettes publiques issues des imp\u00f4ts sur l\u2019immobilier (+ 7,8 Md\u20ac pour les droits de mutation \u00e0 titre on\u00e9reux) et des droits sur les successions et donations (+ 6,2 Md\u20ac). Ils ont m\u00eame au total l\u00e9g\u00e8rement augment\u00e9 en pourcentage du PIB (+ 0,2 point), mais cette hausse est plus faible que dans la moyenne des pays europ\u00e9ens (+ 0,4 point).\u00a0Ils ont beaucoup plus augment\u00e9 en Allemagne (+\u00a00,8 point).<\/p>\n<p>Les pr\u00e9l\u00e8vements sur la consommation ont l\u00e9g\u00e8rement augment\u00e9 en France de 2016 \u00e0 2021 (+\u00a00,3 point de PIB) alors qu\u2019ils ont \u00e9t\u00e9 stables en Europe.<\/p>\n<h5>2) Les pr\u00e9l\u00e8vements par assiette en pourcentage du total des pr\u00e9l\u00e8vements obligatoires<\/h5>\n<p style=\"text-align: center;\"><strong><u>Les pr\u00e9l\u00e8vements par assiette \u00e9conomique en 2021 en % du total<\/u><\/strong><\/p>\n<div id=\"attachment_7404\" style=\"width: 603px\" class=\"wp-caption aligncenter\"><img loading=\"lazy\" decoding=\"async\" aria-describedby=\"caption-attachment-7404\" class=\"size-full wp-image-7404\" src=\"https:\/\/variances.eu\/wp-content\/uploads\/2023\/04\/fe2.jpg\" alt=\"\" width=\"593\" height=\"124\" srcset=\"https:\/\/variances.eu\/wp-content\/uploads\/2023\/04\/fe2.jpg 593w, https:\/\/variances.eu\/wp-content\/uploads\/2023\/04\/fe2-300x63.jpg 300w\" sizes=\"(max-width: 593px) 100vw, 593px\" \/><p id=\"caption-attachment-7404\" class=\"wp-caption-text\">Source\u00a0: Commission europ\u00e9enne\u00a0; FIPECO.<\/p><\/div>\n<p>La part des pr\u00e9l\u00e8vements sur le travail et sur la consommation dans le total des PO en France est inf\u00e9rieure \u00e0 la moyenne des pays europ\u00e9ens. En revanche, la part des pr\u00e9l\u00e8vements sur le capital y est plus \u00e9lev\u00e9e. En Allemagne, la part du travail est nettement plus forte qu\u2019en France, la part du capital est bien plus faible et la part de la consommation est voisine.<\/p>\n<h3>B)\u00a0Les pr\u00e9l\u00e8vements sur le travail<\/h3>\n<p>Les pr\u00e9l\u00e8vements obligatoires sur le travail repr\u00e9sentaient 22,9 % du PIB en France en 2021 contre une moyenne de 21,4 % dans la zone euro et de 20,9 % dans l\u2019Union europ\u00e9enne. La France est pass\u00e9e du deuxi\u00e8me rang de l\u2019Union en 2016 au cinqui\u00e8me en 2021, derri\u00e8re notamment la Su\u00e8de et quasiment \u00e0 \u00e9galit\u00e9 avec l\u2019Allemagne.<\/p>\n<div id=\"attachment_7405\" style=\"width: 957px\" class=\"wp-caption aligncenter\"><img loading=\"lazy\" decoding=\"async\" aria-describedby=\"caption-attachment-7405\" class=\"size-full wp-image-7405\" src=\"https:\/\/variances.eu\/wp-content\/uploads\/2023\/04\/fe3.png\" alt=\"\" width=\"947\" height=\"595\" srcset=\"https:\/\/variances.eu\/wp-content\/uploads\/2023\/04\/fe3.png 947w, https:\/\/variances.eu\/wp-content\/uploads\/2023\/04\/fe3-300x188.png 300w, https:\/\/variances.eu\/wp-content\/uploads\/2023\/04\/fe3-600x377.png 600w, https:\/\/variances.eu\/wp-content\/uploads\/2023\/04\/fe3-400x250.png 400w\" sizes=\"(max-width: 947px) 100vw, 947px\" \/><p id=\"caption-attachment-7405\" class=\"wp-caption-text\">Source\u00a0: Commission europ\u00e9enne\u00a0; FIPECO<\/p><\/div>\n<p>La France se distingue encore en 2021 par le poids des pr\u00e9l\u00e8vements dont les employeurs sont redevables (12,2 % du PIB) malgr\u00e9 les all\u00e8gements de cotisations patronales qui ont remplac\u00e9 le CICE\u00a0: elle est rest\u00e9e au premier rang, comme en 2016, loin devant l\u2019Allemagne (7,1 %) et les moyennes de la zone euro (8,6 %) et de l\u2019Union europ\u00e9enne (8,2 %).<\/p>\n<p style=\"text-align: center;\"><strong><u>Les pr\u00e9l\u00e8vements sur le travail \u00e0 la charge des employeurs en 2021 (% du PIB)<\/u><\/strong><\/p>\n<div id=\"attachment_7406\" style=\"width: 685px\" class=\"wp-caption aligncenter\"><img loading=\"lazy\" decoding=\"async\" aria-describedby=\"caption-attachment-7406\" class=\"size-full wp-image-7406\" src=\"https:\/\/variances.eu\/wp-content\/uploads\/2023\/04\/fe4.jpg\" alt=\"\" width=\"675\" height=\"86\" srcset=\"https:\/\/variances.eu\/wp-content\/uploads\/2023\/04\/fe4.jpg 675w, https:\/\/variances.eu\/wp-content\/uploads\/2023\/04\/fe4-300x38.jpg 300w, https:\/\/variances.eu\/wp-content\/uploads\/2023\/04\/fe4-600x76.jpg 600w\" sizes=\"(max-width: 675px) 100vw, 675px\" \/><p id=\"caption-attachment-7406\" class=\"wp-caption-text\">Source\u00a0: Commission europ\u00e9enne\u00a0; FIPECO<\/p><\/div>\n<h3>C)\u00a0Les pr\u00e9l\u00e8vements sur le capital<\/h3>\n<p>Les pr\u00e9l\u00e8vements obligatoires sur le capital (physique, notamment immobilier, et financier) repr\u00e9sentent 10,5 % du PIB en France en 2021 contre une moyenne de 8,8 % dans la zone euro et 8,5 % dans l\u2019Union europ\u00e9enne. La France est pass\u00e9e du premier rang en 2016 au troisi\u00e8me rang en 2021, derri\u00e8re le Luxembourg (11,5 % du PIB), o\u00f9 le poids des pr\u00e9l\u00e8vements sur le capital refl\u00e8te l\u2019importance des activit\u00e9s financi\u00e8res, et la Belgique (10,6\u00a0%) mais loin devant l\u2019Allemagne (7,7 %).<\/p>\n<div id=\"attachment_7407\" style=\"width: 957px\" class=\"wp-caption aligncenter\"><img loading=\"lazy\" decoding=\"async\" aria-describedby=\"caption-attachment-7407\" class=\"size-full wp-image-7407\" src=\"https:\/\/variances.eu\/wp-content\/uploads\/2023\/04\/fe5.png\" alt=\"\" width=\"947\" height=\"600\" srcset=\"https:\/\/variances.eu\/wp-content\/uploads\/2023\/04\/fe5.png 947w, https:\/\/variances.eu\/wp-content\/uploads\/2023\/04\/fe5-300x190.png 300w, https:\/\/variances.eu\/wp-content\/uploads\/2023\/04\/fe5-600x380.png 600w\" sizes=\"(max-width: 947px) 100vw, 947px\" \/><p id=\"caption-attachment-7407\" class=\"wp-caption-text\">Source\u00a0: Commission europ\u00e9enne\u00a0; FIPECO<\/p><\/div>\n<p>Les pr\u00e9l\u00e8vements sur le capital comprennent des pr\u00e9l\u00e8vements sur ses revenus (IR, CSG\u2026) et sur son stock, c\u2019est-\u00e0-dire sa d\u00e9tention (taxes fonci\u00e8res, ISF\/IFI\u2026) et sa transmission (droits de mutation \u00e0 titre gratuit ou on\u00e9reux).<\/p>\n<p>La France se distingue notamment par le poids des pr\u00e9l\u00e8vements sur le stock de capital (taxes fonci\u00e8res, droits de succession, ISF\/IFI\u2026 soit 4,2 % du PIB en 2021) pour lesquels elle se situe au troisi\u00e8me rang, derri\u00e8re le Luxembourg et quasiment \u00e0 \u00e9galit\u00e9 avec la Belgique, alors qu\u2019elle \u00e9tait au premier rang en 2016. Elle reste tr\u00e8s loin de l\u2019Allemagne (1,5 %) et loin des moyennes de la zone euro (2,6\u00a0%) et de l\u2019Union europ\u00e9enne (2,4 %).<\/p>\n<p style=\"text-align: center;\"><strong><u>Les pr\u00e9l\u00e8vements sur le stock de capital en 2021 (% du PIB)<\/u><\/strong><\/p>\n<div id=\"attachment_7409\" style=\"width: 686px\" class=\"wp-caption aligncenter\"><img loading=\"lazy\" decoding=\"async\" aria-describedby=\"caption-attachment-7409\" class=\"size-full wp-image-7409\" src=\"https:\/\/variances.eu\/wp-content\/uploads\/2023\/04\/fe6.jpg\" alt=\"\" width=\"676\" height=\"85\" srcset=\"https:\/\/variances.eu\/wp-content\/uploads\/2023\/04\/fe6.jpg 676w, https:\/\/variances.eu\/wp-content\/uploads\/2023\/04\/fe6-300x38.jpg 300w, https:\/\/variances.eu\/wp-content\/uploads\/2023\/04\/fe6-600x75.jpg 600w\" sizes=\"(max-width: 676px) 100vw, 676px\" \/><p id=\"caption-attachment-7409\" class=\"wp-caption-text\">Source\u00a0: Commission europ\u00e9enne\u00a0; FIPECO<\/p><\/div>\n<h3>D)\u00a0Les pr\u00e9l\u00e8vements sur la consommation<\/h3>\n<p>Les pr\u00e9l\u00e8vements obligatoires sur la consommation repr\u00e9sentent 11,7 % du PIB en France en 2021 pour des moyennes de 10,9 % dans la zone euro et de 11,2 % dans l\u2019Union europ\u00e9enne. La France est au 17<sup>\u00e8me<\/sup>\u00a0rang de l\u2019Union (le 16<sup>\u00e8me<\/sup>\u00a0en 2016). Parmi les grands pays de l\u2019Union, la Su\u00e8de, la Pologne et les Pays-Bas ont un ratio plus \u00e9lev\u00e9. En Allemagne, ces pr\u00e9l\u00e8vements ne repr\u00e9sentent que 10,3 % du PIB.<\/p>\n<div id=\"attachment_7410\" style=\"width: 957px\" class=\"wp-caption aligncenter\"><img loading=\"lazy\" decoding=\"async\" aria-describedby=\"caption-attachment-7410\" class=\"size-full wp-image-7410\" src=\"https:\/\/variances.eu\/wp-content\/uploads\/2023\/04\/fe7.png\" alt=\"\" width=\"947\" height=\"597\" srcset=\"https:\/\/variances.eu\/wp-content\/uploads\/2023\/04\/fe7.png 947w, https:\/\/variances.eu\/wp-content\/uploads\/2023\/04\/fe7-300x189.png 300w, https:\/\/variances.eu\/wp-content\/uploads\/2023\/04\/fe7-600x378.png 600w\" sizes=\"(max-width: 947px) 100vw, 947px\" \/><p id=\"caption-attachment-7410\" class=\"wp-caption-text\">Source\u00a0: Commission europ\u00e9enne\u00a0; FIPECO<\/p><\/div>\n<p>La TVA est le principal pr\u00e9l\u00e8vement sur la consommation. Son rendement rapport\u00e9 au PIB en France en 2021 (7,4 %) est proche de la moyenne de la zone euro (7,2 %) ou de l\u2019Union europ\u00e9enne (7,4 %). La France est au 19<sup>\u00e8me<\/sup>\u00a0rang de l\u2019Union en 2021 apr\u00e8s avoir \u00e9t\u00e9 au 18<sup>\u00e8me<\/sup>\u00a0en 2016. Parmi les grands pays europ\u00e9ens, la Su\u00e8de, la Pologne et les Pays-Bas affichent un ratio plus \u00e9lev\u00e9.<\/p>\n<p style=\"text-align: center;\"><strong><u>La TVA en 2021 (% du PIB)<\/u><\/strong><\/p>\n<div id=\"attachment_7411\" style=\"width: 686px\" class=\"wp-caption aligncenter\"><img loading=\"lazy\" decoding=\"async\" aria-describedby=\"caption-attachment-7411\" class=\"size-full wp-image-7411\" src=\"https:\/\/variances.eu\/wp-content\/uploads\/2023\/04\/fe8.jpg\" alt=\"\" width=\"676\" height=\"103\" srcset=\"https:\/\/variances.eu\/wp-content\/uploads\/2023\/04\/fe8.jpg 676w, https:\/\/variances.eu\/wp-content\/uploads\/2023\/04\/fe8-300x46.jpg 300w, https:\/\/variances.eu\/wp-content\/uploads\/2023\/04\/fe8-600x91.jpg 600w\" sizes=\"(max-width: 676px) 100vw, 676px\" \/><p id=\"caption-attachment-7411\" class=\"wp-caption-text\">Source\u00a0: Commission europ\u00e9enne\u00a0; FIPECO<\/p><\/div>\n<p><strong>Les m\u00e9dias suivants ont mentionn\u00e9 cette note :<\/strong><\/p>\n<p><span style=\"text-decoration: underline;\"><span style=\"color: #0000ff;\"><a style=\"color: #0000ff; text-decoration: underline;\" href=\"https:\/\/fipeco.fr\/pdf\/Les%20Echos%2012.04.2023.pdf\">Les Echos<\/a><\/span><\/span><\/p>\n<hr \/>\n<p><a name=\"_ftn1\"><\/a><a href=\"https:\/\/fipeco.fr\/commentaire\/Les%20pr%C3%A9l%C3%A8vements%20sur%20le%20travail,%20le%20capital%20et%20la%20consommation%20en%202021#_ftnref1\">[1]<\/a>\u00a0Ils sont trait\u00e9s comme des d\u00e9penses publiques et ne sont donc pas d\u00e9duits des pr\u00e9l\u00e8vements obligatoires par la Commission europ\u00e9enne, alors que l\u2019Insee les en d\u00e9duit.<\/p>\n<p>&nbsp;<\/p>\n","protected":false},"excerpt":{"rendered":"<p>Cet article est une reprise de celui publi\u00e9\u00a0sur le site de FIPECO le 12 avril 2023. Les \u00e9conomistes distinguent souvent les pr\u00e9l\u00e8vements obligatoires (PO) sur la consommation et sur les deux facteurs de production que sont le travail et le capital. La ventilation des PO entre ces trois assiettes \u00e9conomiques pose des probl\u00e8mes m\u00e9thodologiques d\u00e9licats [&hellip;]<\/p>\n","protected":false},"author":193,"featured_media":7414,"comment_status":"open","ping_status":"open","sticky":false,"template":"","format":"standard","meta":{"_et_pb_use_builder":"","_et_pb_old_content":"","_et_gb_content_width":"","_exactmetrics_skip_tracking":false,"_exactmetrics_sitenote_active":false,"_exactmetrics_sitenote_note":"","_exactmetrics_sitenote_category":0,"footnotes":""},"categories":[11],"tags":[],"class_list":["post-7399","post","type-post","status-publish","format-standard","has-post-thumbnail","hentry","category-macroeconomie","et-has-post-format-content","et_post_format-et-post-format-standard"],"_links":{"self":[{"href":"https:\/\/variances.eu\/index.php?rest_route=\/wp\/v2\/posts\/7399","targetHints":{"allow":["GET"]}}],"collection":[{"href":"https:\/\/variances.eu\/index.php?rest_route=\/wp\/v2\/posts"}],"about":[{"href":"https:\/\/variances.eu\/index.php?rest_route=\/wp\/v2\/types\/post"}],"author":[{"embeddable":true,"href":"https:\/\/variances.eu\/index.php?rest_route=\/wp\/v2\/users\/193"}],"replies":[{"embeddable":true,"href":"https:\/\/variances.eu\/index.php?rest_route=%2Fwp%2Fv2%2Fcomments&post=7399"}],"version-history":[{"count":0,"href":"https:\/\/variances.eu\/index.php?rest_route=\/wp\/v2\/posts\/7399\/revisions"}],"wp:featuredmedia":[{"embeddable":true,"href":"https:\/\/variances.eu\/index.php?rest_route=\/wp\/v2\/media\/7414"}],"wp:attachment":[{"href":"https:\/\/variances.eu\/index.php?rest_route=%2Fwp%2Fv2%2Fmedia&parent=7399"}],"wp:term":[{"taxonomy":"category","embeddable":true,"href":"https:\/\/variances.eu\/index.php?rest_route=%2Fwp%2Fv2%2Fcategories&post=7399"},{"taxonomy":"post_tag","embeddable":true,"href":"https:\/\/variances.eu\/index.php?rest_route=%2Fwp%2Fv2%2Ftags&post=7399"}],"curies":[{"name":"wp","href":"https:\/\/api.w.org\/{rel}","templated":true}]}}