{"id":6951,"date":"2022-10-17T07:15:00","date_gmt":"2022-10-17T05:15:00","guid":{"rendered":"https:\/\/variances.eu\/?p=6951"},"modified":"2022-10-17T07:34:08","modified_gmt":"2022-10-17T05:34:08","slug":"une-initiative-pour-mesurer-precisement-la-transition-climatique","status":"publish","type":"post","link":"https:\/\/variances.eu\/?p=6951","title":{"rendered":"Une initiative pour mesurer pr\u00e9cis\u00e9ment la transition climatique"},"content":{"rendered":"<p><em><strong>R\u00e9sum\u00e9<\/strong><\/em><\/p>\n<p><em>Un pr\u00e9alable \u00e0 une mobilisation contre le d\u00e9r\u00e8glement climatique est une mesure pr\u00e9cise de l\u2019empreinte carbone de chaque d\u00e9cision, et donc de chaque produit. C\u2019est impossible si chaque producteur doit mesurer seul toute l\u2019empreinte amont. Une coop\u00e9ration entre producteurs, experts (comptables et carbone) et pouvoirs publics peut tout d\u00e9bloquer. L\u2019empreinte carbone amont d\u2019un produit est ajout\u00e9e sur sa facture. Les producteurs de carbones primaires (p\u00e9troliers, forestiers\u2026) les indiquent sur leurs factures. Ensuite, le syst\u00e8me s\u2019auto-alimente jusqu\u2019au client final : le comptable du producteur additionne les carbones des factures fournisseurs et les ventile sur les factures clients, comme les co\u00fbts. Les importateurs utilisent un bar\u00e8me carbone douanier ou des experts agr\u00e9\u00e9s.<\/em><\/p>\n<p>Cet article d\u00e9fend une id\u00e9e simple\u00a0: nous ne r\u00e9ussirons une mobilisation g\u00e9n\u00e9rale contre le d\u00e9r\u00e8glement climatique que si chacun sait, dans sa vie personnelle comme \u00e0 son travail, ce que chaque d\u00e9cision \u00e9met comme carbone, aussi facilement qu\u2019on sait combien elle co\u00fbte en euros. L\u2019id\u00e9e est de construire le maillon manquant en compl\u00e9tant la comptabilit\u00e9 mon\u00e9taire par une comptabilit\u00e9\u00a0 carbone toute aussi rigoureuse et sinc\u00e8re.<\/p>\n<p>Cette initiative est en cours. Elle pose encore bien des questions mais elle s\u2019enrichira en continu des multiples discussions qu\u2019elle va g\u00e9n\u00e9rer. Chacun peut y contribuer sur <span style=\"text-decoration: underline;\"><span style=\"color: #0000ff;\"><a style=\"color: #0000ff; text-decoration: underline;\" href=\"https:\/\/carbones-factures.org\/\">carbones-factures.org<\/a><\/span><\/span><\/p>\n<h5><strong>Le double succ\u00e8s obtenu sur le d\u00e9r<\/strong><strong>\u00e8<\/strong><strong>glement climatique<\/strong><\/h5>\n<p>La concentration nocive dans l\u2019atmosph\u00e8re des Gaz \u00e0 Effets de Serre (GES) \u00e9mis par les humains s\u2019est faite en 10 g\u00e9n\u00e9rations (250 ans). Les deux derni\u00e8res g\u00e9n\u00e9rations ont obtenu deux succ\u00e8s encourageants.<\/p>\n<ul>\n<li>Le danger\u00a0est compris<\/li>\n<\/ul>\n<p>En d\u00e9r\u00e9glant le climat, les GES d\u00e9gradent l\u2019\u00e9cosyst\u00e8me Terre\u00a0(r\u00e9duction progressive de l&rsquo;efficacit\u00e9 des puits de carbone naturels, d\u00e9t\u00e9riorations brutales impr\u00e9visibles\u00a0comme la fonte des p\u00f4les ou l\u2019acidification des oc\u00e9ans\u2026) et ils d\u00e9gradent la vie des personnes (agriculture moins efficace, sant\u00e9 d\u00e9grad\u00e9e, migrations brutales, \u00e9quipements lourds en digues ou air conditionn\u00e9).<\/p>\n<ul>\n<li>Les gouvernements sont mobilis\u00e9s<\/li>\n<\/ul>\n<p>La plupart des gouvernements se sont engag\u00e9s \u00e0 \u00e0 ramener les \u00e9missions nettes annuelles de GES au-dessous de ce que l\u2019\u00e9cosyst\u00e8me peut absorber. Les pays de l\u2019Union europ\u00e9enne veulent y parvenir en une g\u00e9n\u00e9ration (2050) : \u00e0 travers le Pacte vert (Green deal) de 2019, chaque pays s\u2019est engag\u00e9 sur les r\u00e9ductions annuelles indispensables de son empreinte carbone, <strong>la Trajectoire 2050<\/strong>.<\/p>\n<p style=\"padding-left: 40px;\"><strong><em>L<\/em><\/strong>\u2019<strong><em>empreinte carbone <\/em><\/strong><em>mesure les ajouts nets de GES \u00e0 l<\/em>\u2019<em>atmosph<\/em><em>\u00e8<\/em><em>re par une activit\u00e9 humaine : on parlera de l<\/em>\u2019<em>empreinte de l<\/em>\u2019<em>humanit\u00e9, ou de l\u2019empreinte d<\/em>\u2019<em>une offre (ce qu<\/em>\u2019<em>il a fallu pour la produire), ou d<\/em>\u2019<em>une personne, d<\/em>\u2019<em>une entreprise, d<\/em>\u2019<em>un pays (ce que ses actions ont ajout\u00e9 <\/em><em>ou retir<\/em><em>\u00e9 dans une certaine p\u00e9riode). L<\/em>\u2019<em>unit\u00e9 est <strong>le kilo d\u2019\u00e9quivalent CO<sub>2<\/sub><\/strong>, qui prend en compte tous les gaz \u00e0 effet de serre (ou le million de tonnes d\u2019\u00e9quivalent CO<sub>2<\/sub><\/em><em> ou MtC).<\/em><\/p>\n<p style=\"padding-left: 40px;\"><strong><em>ATTENTION,<\/em><\/strong> <strong><em>il existe deux fa\u00e7on de calculer l<\/em><\/strong>\u2019<strong><em>empreinte carbone d\u2019un pays et dons son \u00e9volution, sa trajectoire.<\/em><\/strong><em> L\u2019approche politique de l<\/em>\u2019<em>Accord de Paris ou du Green Deal s\u2019int\u00e9resse au lieu d\u2019\u00e9mission des GES (en France, par exemple). L\u2019approche \u00e9conomique s\u2019int\u00e9resse au lieu de la demande (la demande des Fran\u00e7<\/em><em>ais). L\u2019approche par la demand<\/em><em>e<\/em><em> est celle des bilans carbone des entreprises et de cet article : elle rend mieux compte de la contribution d\u2019un pays \u00e0 <\/em><em>l<\/em>\u2019<em>empreinte carbone mondiale<\/em><em>. Elle est <\/em><em>sup\u00e9rieure \u00e0 celle du territoire parce que la France d\u00e9localise depuis 30 ans la production des produits les plus carbon\u00e9s, principalement en Asie.<\/em><\/p>\n<p style=\"padding-left: 40px;\"><em>On passe de la trajectoire de la demande \u00e0 celle du territoire en ajoutant l<\/em>\u2019<em>empreinte des exportations fran\u00e7aises (ce qui est fabriqu\u00e9 en France \u00e0 la demande d<\/em>\u2019<em>autres pays) et en enlevant l<\/em>\u2019<em>empreinte des importations fran\u00e7aises (ce qui est fabriqu\u00e9 dans d<\/em>\u2019<em>autres pays pour la demande fran\u00e7aise).<\/em><\/p>\n<h5><strong>La Trajectoire 2050 suppose une rupture compl<\/strong><strong>\u00e8<\/strong><strong>te dans l\u2019\u00e9volution de l\u2019empreinte nationale<\/strong><\/h5>\n<p>Entre 1995 et 2017 (derni\u00e8re ann\u00e9e estim\u00e9e pr\u00e9cis\u00e9ment), l\u2019empreinte carbone de la demande fran\u00e7aise est rest\u00e9e \u00e0 peu pr\u00e8s stable : de 650 MtC \u00e0 633 MtC. La Trajectoire 2050 vise une empreinte ramen\u00e9e \u00e0 80 MtC en 2050, niveau que les scientifiques pensent absorbable par l\u2019\u00e9cosyst\u00e8me. Il s\u2019agit d\u2019 une division par 8\u00a0!<\/p>\n<p>La derni\u00e8re estimation provisoire (2020) marque une nette baisse \u00e0 552 MtC. Il reste \u00e0 la confirmer post Covid 19 et \u00e0 r\u00e9ussir une baisse suppl\u00e9mentaire de 16 MtC <u>chacune<\/u> des prochaines 30 ann\u00e9es.<\/p>\n<h5><strong>Une mobilisation g\u00e9n\u00e9rale rapide est indispensable mais impossible sans les bonnes informations<\/strong><\/h5>\n<p>Une partie des GES restent des centaines d\u2019ann\u00e9es dans l\u2019atmosph\u00e8re. La qualit\u00e9 de vie des g\u00e9n\u00e9rations suivantes souffrira donc forc\u00e9ment de la d\u00e9gradation que nous connaissons d\u00e9j\u00e0, de la d\u00e9gradation in\u00e9luctable associ\u00e9e \u00e0 la Trajectoire 2050 elle-m\u00eame et de tout\u00a0retard pris sur cette trajectoire. C\u2019est donc chaque ann\u00e9e qu\u2019il faut respecter la Trajectoire 2050 puisque tout retard charge les ann\u00e9es suivantes.<\/p>\n<p>Mais une mobilisation collective n\u2019est possible que si chaque acteur dispose rapidement d\u2019une mesure pr\u00e9cise et sinc\u00e8re des GES qu\u2019il utilise. Une condition pour cela est que chaque offre affiche son empreinte carbone, donc que son producteur calcule son empreinte et la fasse conna\u00eetre. On entend \u00ab\u00a0producteur\u00a0\u00bb au sens le plus large\u00a0: entreprise, agriculteur, banque, administration\u2026<\/p>\n<p>C\u2019est impossible aujourd\u2019hui. Un producteur ne peut pas calculer l\u2019empreinte carbone pr\u00e9cise et sinc\u00e8re de son offre, ni la communiquer facilement. En effet, pour le faire, il a besoin de conna\u00eetre l\u2019empreinte de ses fournisseurs, et eux-m\u00eames ont besoin de l\u2019empreinte de leurs propres fournisseurs, etc. C&rsquo;est un cercle vicieux, et faire des approximations (comme les grands producteurs qui produisent des bilans carbone) supprime la pr\u00e9cision et fait douter de la sinc\u00e9rit\u00e9 de la mesure.<\/p>\n<h5><strong>Transposer le langage universel de la comptabilit\u00e9 mon\u00e9taire<\/strong><\/h5>\n<p>La force des chiffres comptables mon\u00e9taires est qu\u2019ils ont \u00e0 la fois une coh\u00e9rence individuelle (les comptes de l\u2019entreprise ou du m\u00e9nage) et une coh\u00e9rence collective (la comptabilit\u00e9 nationale, les politiques \u00e9conomiques\u2026). Aux deux niveaux, les chiffres bouclent, les d\u00e9penses des uns sont les recettes des autres, l\u2019\u00e9pargne des uns constitue l\u2019investissement des autres, les comptabilit\u00e9s se r\u00e9concilient entre elles. Des professionnels de la statistique, de la comptabilit\u00e9, de la finance, se consacrent \u00e0 produire et contr\u00f4ler ces chiffres qui permettent \u00e0 tous les acteurs de compter les \u00e9changes mon\u00e9taires.<\/p>\n<p>Si cette mesure comptable universelle a certaines insuffisances (qui ne sont pas l\u2019objet de cet article),\u00a0 elle assure l\u2019\u00e9tablissement de prix et permet des d\u00e9cisions d\u00e9centralis\u00e9es de production, de consommation et de financement par 8 milliards d\u2019\u00eatres humains et des centaines de millions d\u2019institutions.<\/p>\n<p>Le d\u00e9r\u00e8glement climatique impose d\u2019investir dans une comptabilit\u00e9 aussi d\u00e9centralis\u00e9e, universelle et rigoureuse. Elle permettrait de compter les \u00e9changes de carbones avec l\u2019\u00e9cosyst\u00e8me, et d\u2019\u00e9tablir des empreintes carbones aussi pr\u00e9cises que les prix mon\u00e9taires. Pour cela, le plus simple est de s\u2019inspirer de la comptabilit\u00e9 mon\u00e9taire.<\/p>\n<h5><strong>L<\/strong>\u2019<strong>initiative <em>Les carbones sur les factures<\/em> transpose \u00e0 la comptabilit\u00e9 des carbones les solutions de la comptabilit\u00e9 mon\u00e9taire<\/strong><\/h5>\n<p>Si les producteurs coop\u00e8rent autour de la mesure des empreintes, chacun r\u00e9cup\u00e8re facilement l\u2019empreinte carbone pr\u00e9cise de sa production.<\/p>\n<ol>\n<li>Les carbones primaires sont le fait d\u2019une minorit\u00e9 de producteurs (hydrocarbures, \u00e9levage\u2026)\u00a0: ils restent mesur\u00e9s \u00e0 partir de r\u00e8gles scientifiques.<\/li>\n<li>Les carbones import\u00e9s sont mesur\u00e9s \u00e0 partir d\u2019un bar\u00e8me carbone douanier (ou d\u2019experts agr\u00e9\u00e9s) construit \u00e0 partir de bases comme celles que constitue de l\u2019Agence de l\u2019Environnement et de la Maitrise de l\u2019Energie.<\/li>\n<li>Tous les autres carbones viennent des fournisseurs\u00a0: si le comptable du producteur additionne tous les carbones pour les ventiler sur les factures des clients, l\u2019empreinte circule sur les factures (bient\u00f4t toutes \u00e9lectroniques) jusqu\u2019au client final.<\/li>\n<\/ol>\n<p>Deux pr\u00e9cautions sont n\u00e9cessaires. Pour assurer un d\u00e9ploiement rapide et \u00e9quitable, la collectivit\u00e9 a int\u00e9r\u00eat \u00e0 compenser le suppl\u00e9ment de travail comptable pour les PME. Et si chaque producteur transmet l\u2019empreinte <u>amont<\/u> de sa production (ce que les sp\u00e9cialistes appellent le scope 3 amont), les producteurs d\u2019hydrocarbures comptent \u00e9galement l\u2019empreinte <u>aval<\/u> des carbones br\u00fbl\u00e9s plus loin dans le cycle.<\/p>\n<p style=\"padding-left: 40px;\"><em>Un acheteur de gaz a ainsi d\u00e9j\u00e0 tous les carbones que peut d\u00e9gager ce gaz dans sa facture et il les transmet automatiquement \u00e0 ses propres clients, qu\u2019il br\u00fble le gaz ou qu\u2019il le revende. Et s\u2019il isole mieux son usine, il r\u00e9duit sa facture de gaz et son empreinte avec. <\/em><\/p>\n<p>Le comptable du producteur ajoute l\u2019empreinte carbone aux informations comptables mon\u00e9taires, dans un nouveau cadre, celui d\u2019une Comptabilit\u00e9 Carbone Universelle ou CCU, nouvelle branche de la comptabilit\u00e9 (voir <span style=\"text-decoration: underline;\"><span style=\"color: #0000ff;\"><a style=\"color: #0000ff; text-decoration: underline;\" href=\"https:\/\/carbones-factures.org\/pour-une-comptabilite-universelle-francois-meunier\/\">l&rsquo;article de Fran\u00e7ois Meunier<\/a><\/span><\/span>).<\/p>\n<p style=\"padding-left: 40px;\"><em>Toutes les r\u00e8gles comptables appliqu\u00e9es aux flux mon\u00e9taires sont transpos\u00e9es aux flux de carbone\u00a0: de l\u2019amortissement des carbones d\u2019une machine sur plusieurs ann\u00e9es, \u00e0 la consolidation des comptes carbone d\u2019une filiale, aux r\u00e8gles de comptabilit\u00e9 analytique qui ventilent les co\u00fbts entre les produits.<\/em><\/p>\n<p>Pour que le syst\u00e8me s\u2019alimente \u00e0 travers les factures, il faut int\u00e9grer l\u2019empreinte carbone amont dans l\u2019enregistrement standard de la facture \u00e9lectronique (dont le d\u00e9ploiement complet \u00e0 toutes les entreprises soumises \u00e0 la TVA est planifi\u00e9 pour le 1<sup>er<\/sup> janvier 2026).<\/p>\n<h5><strong>Producteurs et consommateurs mesurent leur contribution annuelle \u00e0 la Trajectoire 2050 et pourraient l<\/strong>\u2019<strong>am\u00e9liorer en continu<\/strong><\/h5>\n<p>Attacher leur empreinte \u00e0 tous les produits ou services aide les d\u00e9cisions de tous les acteurs. Cela leur fournit aussi une mesure de leur contribution climatique annuelle \u00e0 la Trajectoire 2050, positive ou n\u00e9gative.<\/p>\n<ul>\n<li><strong>La contribution climatique du producteur<\/strong><\/li>\n<\/ul>\n<p>Sa comptabilit\u00e9 donne au producteur l\u2019empreinte annuelle de sa production qui est celle de ses ventes. La variation annuelle de cette empreinte est-elle la contribution annuelle du producteur \u00e0 la Trajectoire 2050\u00a0? Pour une partie, c\u2019est \u00e9vident, pour une autre partie cela m\u00e9rite un d\u00e9bat collectif. Un producteur peut en effet r\u00e9duire son empreinte d\u2019une ann\u00e9e sur l\u2019autre de trois fa\u00e7ons\u00a0: en baissant le contenu en carbone de chaque produit de sa gamme, en augmentant la part dans ses ventes de ses produits les moins carbon\u00e9s, ou en r\u00e9duisant ses ventes en volume. Les deux premi\u00e8res fa\u00e7ons impactent positivement la Trajectoire 2050 : l\u2019action du producteur est bonne pour la collectivit\u00e9. Ce n\u2019est pas le cas pour la troisi\u00e8me fa\u00e7on, ce qui justifierait de mesurer la performance carbone d\u2019un producteur en retirant la variation de ses ventes en volume.<\/p>\n<p style=\"padding-left: 40px;\"><em>Prenons en effet l\u2019exemple d\u2019un producteur d\u2019un million de desserts \u00e0 10 carbones l\u2019un et d\u2019un million de desserts \u00e0 20 carbones l\u2019un. Le producteur peut am\u00e9liorer son empreinte en abaissant le contenu en carbone de chacun des produits, ou en encourageant ses vendeurs \u00e0 proposer le premier produit \u00e0 la place du second. Dans les deux cas, cet effort se retrouvera dans la trajectoire collective\u00a0: on a align\u00e9 la mesure de la performance sur l\u2019int\u00e9r\u00eat collectif. Le producteur peut aussi vendre moins mais il n\u2019y a plus alignement. Outre qu\u2019il para\u00eet difficile de mobiliser un producteur sur une baisse de ses ventes, il n\u2019est pas certain que cette baisse soit bonne pour la Trajectoire 2050 : tout d\u00e9pend de ce qui remplace sa production dans le budget du client qui a cess\u00e9 d\u2019acheter son dessert\u00a0: ce peut \u00eatre un autre dessert \u00e0 30 carbones l\u2019un. <\/em><\/p>\n<ul>\n<li><strong>La contribution climatique du consommateur<\/strong><\/li>\n<\/ul>\n<p>Ses relev\u00e9s bancaires donnent \u00e0 chaque consommateur l\u2019empreinte de sa consommation et donc sa variation sur l\u2019ann\u00e9e pr\u00e9c\u00e9dente : il suffit que les paiements \u00e9lectroniques par carte int\u00e8grent l\u2019empreinte de ce qui est pay\u00e9. Cette variation est sa contribution annuelle \u00e0 la Trajectoire 2050. Chaque particulier est responsabilis\u00e9 pour pr\u00e9f\u00e9rer le m\u00eame produit en moins carbon\u00e9 (un pot de yaourt plut\u00f4t qu\u2019un autre\u2026) ou pour remplacer un produit par un autre moins carbon\u00e9 (\u00e9conomiser en roulant moins vite\u2026).<\/p>\n<h5><strong>La publicit<\/strong><strong>\u00e9 des empreintes et des contributions annuelles d\u00e9clenche une concurrence vertueuse de r\u00e9putation carbone, notamment entre les grandes institutions <\/strong><\/h5>\n<p>La concurrence de r\u00e9putation carbone am\u00e8ne en effet un producteur \u00e0\u00a0veiller \u00e0 l\u2019ambition de ses contributions annuelles (surtout pour les grandes institutions). Elle am\u00e8ne un particulier \u00e0 privil\u00e9gier comme consommateur les marques et les institutions aux contributions annuelles les plus ambitieuses. Et comme citoyen \u00e0 orienter ses votes en fonction de l\u2019empreinte des administrations et de la contribution annuelle des imp\u00f4ts, qui peut \u00eatre facilement calcul\u00e9e \u00e0 partir des factures des fournisseurs des administrations.<\/p>\n<h5><strong>Le r\u00f4le des politiques<\/strong><\/h5>\n<p>Il revient aux politiques de construire l\u2019accord collectif pour prendre en charge les co\u00fbts de ce nouveau volet de la comptabilit\u00e9. Ces co\u00fbts sont marginaux au regard de l\u2019enjeu de la transition climatique.<\/p>\n<p>C\u2019est aussi aux politiques d\u2019imaginer et de construire avec tous les acteurs les compromis que cette comptabilit\u00e9 rend possibles. Des compromis courageux sont impossibles tant qu\u2019on ne mesure pas correctement les contributions de chacun et notamment des acteurs les plus puissants : c\u2019est donc la course de lenteur des \u00e9go\u00efsmes. Une mesure pr\u00e9cise et sinc\u00e8re des contributions d\u00e9bloque les compromis. Elle permet notamment des engagements dat\u00e9s avec des contraintes en cas de retard.<\/p>\n<p>Au niveau international, la force de cette approche est qu\u2019elle peut ne s\u2019appliquer qu\u2019\u00e0 un pays, qu\u2019elle est transposable \u00e0 l\u2019Europe puis \u00e0 tous les autres pays, et qu\u2019elle aide les pays du Sud \u00e0 faire leur part, puisque le Nord assume sa responsabilit\u00e9 pour leurs exportations carbon\u00e9es li\u00e9es \u00e0 sa demande.<\/p>\n<p>Une limite de l\u2019approche est qu\u2019elle synchronise les d\u00e9cisions de production et de consommation autour de la Trajectoire 2050 mais que c\u2019est insuffisant\u00a0: la Trajectoire ne peut r\u00e9ussir qu\u2019en synchronisant aussi toutes les d\u00e9cisions de financement. C\u2019est l\u2019objet d\u2019un autre article.<\/p>\n<p>(sources : Insee, Citepa, Eurostat, Douanes)<\/p>\n<p>&nbsp;<\/p>\n<p class=\"CorpsA\" style=\"text-align: justify;\"><em><span class=\"Aucun\"><span style=\"font-size: 12.0pt; line-height: 107%;\">Mots-cl\u00e9\u00a0: climat, gaz \u00e0 effet de serre, carbone, comptabilit\u00e9, crit\u00e8res ESG<\/span><\/span><\/em><\/p>\n","protected":false},"excerpt":{"rendered":"<p>R\u00e9sum\u00e9 Un pr\u00e9alable \u00e0 une mobilisation contre le d\u00e9r\u00e8glement climatique est une mesure pr\u00e9cise de l\u2019empreinte carbone de chaque d\u00e9cision, et donc de chaque produit. C\u2019est impossible si chaque producteur doit mesurer seul toute l\u2019empreinte amont. Une coop\u00e9ration entre producteurs, experts (comptables et carbone) et pouvoirs publics peut tout d\u00e9bloquer. L\u2019empreinte carbone amont d\u2019un produit [&hellip;]<\/p>\n","protected":false},"author":428,"featured_media":6959,"comment_status":"open","ping_status":"open","sticky":false,"template":"","format":"standard","meta":{"_et_pb_use_builder":"","_et_pb_old_content":"","_et_gb_content_width":"","_exactmetrics_skip_tracking":false,"_exactmetrics_sitenote_active":false,"_exactmetrics_sitenote_note":"","_exactmetrics_sitenote_category":0,"footnotes":""},"categories":[221,122],"tags":[],"class_list":["post-6951","post","type-post","status-publish","format-standard","has-post-thumbnail","hentry","category-changement-climatique","category-climat","et-has-post-format-content","et_post_format-et-post-format-standard"],"_links":{"self":[{"href":"https:\/\/variances.eu\/index.php?rest_route=\/wp\/v2\/posts\/6951","targetHints":{"allow":["GET"]}}],"collection":[{"href":"https:\/\/variances.eu\/index.php?rest_route=\/wp\/v2\/posts"}],"about":[{"href":"https:\/\/variances.eu\/index.php?rest_route=\/wp\/v2\/types\/post"}],"author":[{"embeddable":true,"href":"https:\/\/variances.eu\/index.php?rest_route=\/wp\/v2\/users\/428"}],"replies":[{"embeddable":true,"href":"https:\/\/variances.eu\/index.php?rest_route=%2Fwp%2Fv2%2Fcomments&post=6951"}],"version-history":[{"count":0,"href":"https:\/\/variances.eu\/index.php?rest_route=\/wp\/v2\/posts\/6951\/revisions"}],"wp:featuredmedia":[{"embeddable":true,"href":"https:\/\/variances.eu\/index.php?rest_route=\/wp\/v2\/media\/6959"}],"wp:attachment":[{"href":"https:\/\/variances.eu\/index.php?rest_route=%2Fwp%2Fv2%2Fmedia&parent=6951"}],"wp:term":[{"taxonomy":"category","embeddable":true,"href":"https:\/\/variances.eu\/index.php?rest_route=%2Fwp%2Fv2%2Fcategories&post=6951"},{"taxonomy":"post_tag","embeddable":true,"href":"https:\/\/variances.eu\/index.php?rest_route=%2Fwp%2Fv2%2Ftags&post=6951"}],"curies":[{"name":"wp","href":"https:\/\/api.w.org\/{rel}","templated":true}]}}