{"id":6842,"date":"2022-07-21T07:30:06","date_gmt":"2022-07-21T05:30:06","guid":{"rendered":"https:\/\/variances.eu\/?p=6842"},"modified":"2022-07-21T07:30:06","modified_gmt":"2022-07-21T05:30:06","slug":"la-visite-a-lasserre","status":"publish","type":"post","link":"https:\/\/variances.eu\/?p=6842","title":{"rendered":"La visite \u00e0 Lasserre"},"content":{"rendered":"<p><em>Cette nouvelle a \u00e9t\u00e9 initialement publi\u00e9e dans le num\u00e9ro 10 de \u00ab\u00a0Chut\u00a0!\u00a0\u00bb, <\/em><em>en distribution presse \/ librairies depuis le 14 juillet et disponible en ligne<\/em><em>\u00a0: <span style=\"text-decoration: underline;\"><a href=\"https:\/\/chut.media\/lifestyle\/fiction-sonore-la-visite-a-lasserre\/\"><span style=\"color: #0000ff; text-decoration: underline;\">https:\/\/chut.media\/lifestyle\/fiction-sonore-la-visite-a-lasserre\/<\/span><\/a><\/span><\/em><\/p>\n<p><em>L&rsquo;illustration de cette nouvelle a \u00e9t\u00e9 r\u00e9alis\u00e9e par Laure Dorin.<\/em><\/p>\n<hr \/>\n<p>L\u00e9a claque la porte. Comme d\u2019habitude, comme \u00e0 chaque fois qu\u2019elle rentre dans cet appartement cossu de l\u2019immeuble haussmannien de la rue de Rennes, \u00e0 Paris, o\u00f9 elle a v\u00e9cu les joies et les tourments de son enfance et de son adolescence. Elle en conna\u00eet chaque recoin. Il lui donne la naus\u00e9e.<\/p>\n<p>Son p\u00e8re est d\u00e9j\u00e0 rentr\u00e9. Il est avachi dans le canap\u00e9 en cuir du salon, il s\u2019est servi un whisky. Elle sait qu\u2019il \u00e9tait l\u00e0, assis au cinqui\u00e8me rang de la salle Gaveau, m\u00eame si elle a tout fait pour ne pas croiser son regard. Elle le toise. Avec un air de d\u00e9go\u00fbt et de victoire. Sa prestation sur sc\u00e8ne est d\u00e9j\u00e0 virale sur les r\u00e9seaux sociaux. Avec sept de ses amis, ils ont appel\u00e9 leurs coll\u00e8gues \u00e0 la d\u00e9sertion, \u00e0 sortir du syst\u00e8me. Termin\u00e9es enfin, oubli\u00e9es, ces \u00e9tudes \u00e9triqu\u00e9es qui conduisent les \u00e9tudiants sur le chemin d\u2019une carri\u00e8re balis\u00e9e comme des bestiaux qu\u2019on guide vers l\u2019ar\u00e8ne. Le combat se m\u00e8ne ailleurs. Le slogan de leur g\u00e9n\u00e9ration, c\u2019est la conclusion de l\u2019article de Virginie Despentes apr\u00e8s le d\u00e9part d\u2019Ad\u00e8le Haenel de la c\u00e9r\u00e9monie des C\u00e9sar, \u00e0 l\u2019annonce de la r\u00e9compense attribu\u00e9e \u00e0 Roman Polanski : \u00ab Le monde que vous avez cr\u00e9\u00e9 pour r\u00e9gner dessus comme des minables est irrespirable. On se l\u00e8ve et on se casse. C\u2019est termin\u00e9. On se l\u00e8ve. On se casse. On gueule. On vous emmerde. \u00bb<\/p>\n<p>Elle le toise et il la regarde en retour avec tendresse et admiration. \u00ab Je suis fier de toi ma fille \u00bb, c\u2019est ce qu\u2019il voudrait lui dire, mais les mots ne sortent pas et de toute fa\u00e7on elle ne comprendrait pas. Elle prendrait cela pour le baroud d\u2019honneur du repr\u00e9sentant d\u2019un syst\u00e8me en d\u00e9route. Pour le cynisme d\u2019un marchand d\u2019armes, m\u00eame s\u2019il s\u2019en d\u00e9fend. Si seulement elle voulait l\u2019\u00e9couter, si seulement ils pouvaient retrouver les discussions endiabl\u00e9es qu\u2019ils partageaient encore il y a quelques ann\u00e9es, alors il lui raconterait sa visite \u00e0 Lasserre. Pourquoi ne l\u2019a-t-il pas fait plus t\u00f4t ? Aujourd\u2019hui, il craint qu\u2019apr\u00e8s l\u2019avoir entendu elle ne le m\u00e9prise encore davantage.<\/p>\n<p>Lasserre. C\u2019\u00e9tait il y a trente ans et il s\u2019en souvient comme si c\u2019\u00e9tait hier. Il venait de terminer ses deux ann\u00e9es d\u2019application \u00e0 l\u2019\u00c9cole des Mines apr\u00e8s avoir brillamment r\u00e9ussi sa scolarit\u00e9 \u00e0 l\u2019\u00c9cole polytechnique. Le mois de juillet s\u2019ouvrait sur la perspective d\u2019un \u00e9t\u00e9 radieux. Il avait pris le train de nuit jusqu\u2019\u00e0 Toulouse o\u00f9 Marta, sa compagne de l\u2019\u00e9poque, l\u2019attendait avec sa Renault Clio. On n\u2019arrivait pas \u00e0 Lasserre par hasard. Une fois quitt\u00e9e l\u2019autoroute, il fallait emprunter une d\u00e9partementale sinueuse qui serpentait le long des bois et des collines des contreforts des Pyr\u00e9n\u00e9es avant que n\u2019apparaisse enfin le village. Les voil\u00e0 arriv\u00e9s. La maison est simple.<\/p>\n<p>Un rez-de-chauss\u00e9e et deux \u00e9tages, des volets en bois couleur cr\u00e8me, un modeste jardin mal entretenu et, pour y acc\u00e9der, un large portail \u00e0 deux vantaux. \u00c0 l\u2019int\u00e9rieur, l\u2019ameublement est spartiate. C\u2019est l\u00e0 que le ma\u00eetre s\u2019est retir\u00e9 du monde depuis qu\u2019il a pris sa retraite de l\u2019universit\u00e9. On dit qu\u2019il vit tel un ermite. Quand Marta avait dit qu\u2019il accepterait de les recevoir, le p\u00e8re de L\u00e9a avait r\u00e9agi avec enthousiasme. Marta avait laiss\u00e9 entendre que sa m\u00e8re et Alexandre Grothendieck avaient eu une aventure quinze ans auparavant. Il n\u2019avait pas exig\u00e9 d\u2019en savoir plus. Rencontrer le plus grand math\u00e9maticien du XXe si\u00e8cle, cela ne se refusait pas.<\/p>\n<p>Elle le toise encore. Il pose son verre de whisky et se redresse. Il voudrait lui dire \u00e0 L\u00e9a que la r\u00e9bellion n\u2019est pas une invention de sa g\u00e9n\u00e9ration, que Grothendieck a fond\u00e9 le mouvement Survivre dans les ann\u00e9es 1970 en se donnant comme objectifs de \u00ab d\u00e9gager la recherche de ses liens avec l\u2019arm\u00e9e et de lutter pour la survie de l\u2019esp\u00e8ce humaine, menac\u00e9e par la puissance de destruction des technosciences \u00bb. Il voudrait lui dire que lui aussi, en redescendant de Lasserre, il y avait cru \u00e0 la d\u00e9sertion et \u00e0 la lutte pour un avenir meilleur.<\/p>\n<p>Pendant plusieurs heures, avec Marta, ils avaient \u00e9cout\u00e9 la parole du ma\u00eetre, assis en tailleur sur une vieille couverture en laine, en buvant du th\u00e9 chaud. Grothendieck ne ressemblait pas encore \u00e0 ce vieillard aux traits burin\u00e9s et \u00e0 la barbe hirsute que l\u2019on peut voir sur les derni\u00e8res photos de lui, peu avant sa mort. Il avait gard\u00e9 l\u2019\u00e9tincelle du chercheur g\u00e9nial dans le regard, derri\u00e8re ses lunettes cercl\u00e9es. \u00ab Il est assez peu courant que des scientifiques se posent la question du r\u00f4le de leur science dans la soci\u00e9t\u00e9 \u00bb, leur dit-il. \u00ab J\u2019ai m\u00eame l\u2019impression tr\u00e8s nette que plus ils sont haut situ\u00e9s dans la hi\u00e9rarchie sociale, et par cons\u00e9quent plus ils se sont identifi\u00e9s \u00e0 l\u2019establishment, moins ils ont tendance \u00e0 remettre en question cette religion qui nous a \u00e9t\u00e9 inculqu\u00e9e d\u00e8s les bancs de l\u2019\u00e9cole primaire : toute connaissance scientifique est bonne, quel que soit son contexte ; tout progr\u00e8s technique est bon. Et comme corollaire : la recherche scientifique est toujours bonne. \u00bb<\/p>\n<p>Imaginez les conflits internes que ce discours peut r\u00e9veiller dans l\u2019esprit d\u2019un jeune homme qui vient de passer cinq ann\u00e9es sur les bancs de l\u2019\u00c9cole Polytechnique et de celle des Mines. C\u2019est largement aussi violent qu\u2019un appel \u00e0 abandonner le glyphosate et les pesticides pour des \u00e9tudiants de l\u2019agro !<\/p>\n<p>La nuit tombe lentement sur Lasserre. Ils sont toujours l\u00e0, le temps ne para\u00eet pas s\u2019\u00e9couler comme \u00e0 la ville. Grothendieck continue son monologue, comme s\u2019il \u00e9tait devant un amphi bond\u00e9 de l\u2019universit\u00e9. Quelquefois, il l\u00e8ve les yeux pour observer une r\u00e9action ou obtenir un assentiment. \u00ab Apr\u00e8s tout, je suis math\u00e9maticien moi-m\u00eame et cela m\u2019aurait fait plaisir de savoir que mes connaissances math\u00e9matiques pouvaient servir \u00e0 quelque chose de socialement positif. Or, depuis que j\u2019essaie de comprendre le cours que la soci\u00e9t\u00e9 est en train de prendre, les possibilit\u00e9s que nous avons pour agir favorablement sur ce cours, en particulier les possibilit\u00e9s que nous avons pour permettre la survie de l\u2019esp\u00e8ce humaine et pour permettre une \u00e9volution de la vie qui soit digne d\u2019\u00eatre v\u00e9cue, que la survie en vaille la peine, mes connaissances de scientifique ne m\u2019ont pas servi une seule fois. \u00bb<\/p>\n<p>L\u00e9a s\u2019est assise sur une chaise en face du canap\u00e9. Elle fixe maintenant son p\u00e8re avec un regard interrogatif. \u00ab Mais qu\u2019as-tu fait ensuite papa ? \u00bb, lui demande-t-elle. Il sursaute. Est-ce que sa fille lui pose vraiment cette question ? A-t-il racont\u00e9 son histoire \u00e0 haute voix ? Ou bien a-t-elle le pouvoir de lire dans ses pens\u00e9es ? Ou bien a-t-il bu plus que de raison ? \u00ab Qu\u2019as-tu fait ensuite papa ? \u00bb, r\u00e9p\u00e8te-t-elle. Alors, il reprend son r\u00e9cit. Ensuite ? Ensuite, il est descendu de la montagne, il a laiss\u00e9 Lasserre derri\u00e8re lui, impr\u00e9gn\u00e9 des paroles du sage, mais il n\u2019\u00e9tait pas Mo\u00efse. Lorsqu\u2019il est arriv\u00e9 en bas, lorsqu\u2019il a rejoint la ville, les humains n\u2019entendaient pas les recommandations de Grothendieck, ils construisaient des veaux d\u2019or et de silicium et ils en faisaient leurs idoles. Il n\u2019avait pas la force d\u2019\u00eatre un h\u00e9ros ou un proph\u00e8te, alors il est rentr\u00e9 dans le rang. Parfois, en fermant les yeux, il retournait sur la colline. Cela lui \u00e9vita sans doute de prendre de mauvaises d\u00e9cisions. En 2014, lorsque le grand math\u00e9maticien est mort, il eut un moment de tristesse. En vingt ans, la puissance de destruction de la civilisation techno-industrielle n\u2019avait pas ralenti, et la survie de l\u2019esp\u00e8ce humaine \u00e9tait de plus en plus incertaine.<\/p>\n<p>\u00ab Je suis fier de toi, ma fille. \u00bb Cette fois, il en est s\u00fbr, les mots sont sortis de sa bouche. Cette g\u00e9n\u00e9ration a du culot et du talent, se dit-il. Peut-\u00eatre parviendra-t-elle \u00e0 r\u00e9ussir l\u00e0 o\u00f9 il a \u00e9chou\u00e9, \u00e0 faire de cette d\u00e9sertion une force, sans se faire ni rattraper ni marginaliser par le syst\u00e8me. L\u00e9a regarde son p\u00e8re, droit dans les yeux, elle lui sourit et elle cite une phrase d\u2019Alexandre Grothendieck, comme si elle tentait de b\u00e2tir un pont pour leur r\u00e9conciliation : \u00ab Nous pensons maintenant que la solution ne proviendra pas d\u2019un suppl\u00e9ment de connaissances scientifiques, d\u2019un suppl\u00e9ment de techniques, mais qu\u2019elle proviendra d\u2019un changement de civilisation. \u00bb<\/p>\n<p>&nbsp;<\/p>\n<p><em>Les citations d\u2019Alexandre Grothendieck reproduites dans ce texte sont issues de la conf\u00e9rence que le math\u00e9maticien donna le 27 Janvier 1972 au CERN (Conseil Europ\u00e9en pour la Recherche Nucl\u00e9aire).<\/em><\/p>\n","protected":false},"excerpt":{"rendered":"<p>Cette nouvelle a \u00e9t\u00e9 initialement publi\u00e9e dans le num\u00e9ro 10 de \u00ab\u00a0Chut\u00a0!\u00a0\u00bb, en distribution presse \/ librairies depuis le 14 juillet et disponible en ligne\u00a0: https:\/\/chut.media\/lifestyle\/fiction-sonore-la-visite-a-lasserre\/ L&rsquo;illustration de cette nouvelle a \u00e9t\u00e9 r\u00e9alis\u00e9e par Laure Dorin. L\u00e9a claque la porte. Comme d\u2019habitude, comme \u00e0 chaque fois qu\u2019elle rentre dans cet appartement cossu de l\u2019immeuble haussmannien [&hellip;]<\/p>\n","protected":false},"author":324,"featured_media":6854,"comment_status":"open","ping_status":"open","sticky":false,"template":"","format":"standard","meta":{"_et_pb_use_builder":"","_et_pb_old_content":"","_et_gb_content_width":"","_exactmetrics_skip_tracking":false,"_exactmetrics_sitenote_active":false,"_exactmetrics_sitenote_note":"","_exactmetrics_sitenote_category":0,"footnotes":""},"categories":[242],"tags":[],"class_list":["post-6842","post","type-post","status-publish","format-standard","has-post-thumbnail","hentry","category-psychologie","et-has-post-format-content","et_post_format-et-post-format-standard"],"_links":{"self":[{"href":"https:\/\/variances.eu\/index.php?rest_route=\/wp\/v2\/posts\/6842","targetHints":{"allow":["GET"]}}],"collection":[{"href":"https:\/\/variances.eu\/index.php?rest_route=\/wp\/v2\/posts"}],"about":[{"href":"https:\/\/variances.eu\/index.php?rest_route=\/wp\/v2\/types\/post"}],"author":[{"embeddable":true,"href":"https:\/\/variances.eu\/index.php?rest_route=\/wp\/v2\/users\/324"}],"replies":[{"embeddable":true,"href":"https:\/\/variances.eu\/index.php?rest_route=%2Fwp%2Fv2%2Fcomments&post=6842"}],"version-history":[{"count":0,"href":"https:\/\/variances.eu\/index.php?rest_route=\/wp\/v2\/posts\/6842\/revisions"}],"wp:featuredmedia":[{"embeddable":true,"href":"https:\/\/variances.eu\/index.php?rest_route=\/wp\/v2\/media\/6854"}],"wp:attachment":[{"href":"https:\/\/variances.eu\/index.php?rest_route=%2Fwp%2Fv2%2Fmedia&parent=6842"}],"wp:term":[{"taxonomy":"category","embeddable":true,"href":"https:\/\/variances.eu\/index.php?rest_route=%2Fwp%2Fv2%2Fcategories&post=6842"},{"taxonomy":"post_tag","embeddable":true,"href":"https:\/\/variances.eu\/index.php?rest_route=%2Fwp%2Fv2%2Ftags&post=6842"}],"curies":[{"name":"wp","href":"https:\/\/api.w.org\/{rel}","templated":true}]}}