{"id":6768,"date":"2022-09-08T07:15:11","date_gmt":"2022-09-08T05:15:11","guid":{"rendered":"https:\/\/variances.eu\/?p=6768"},"modified":"2022-09-08T07:18:59","modified_gmt":"2022-09-08T05:18:59","slug":"de-rene-carmille-pere-de-linsee-et-de-lensae-au-datajournalisme","status":"publish","type":"post","link":"https:\/\/variances.eu\/?p=6768","title":{"rendered":"De Ren\u00e9 Carmille, p\u00e8re de l\u2019Insee et de l\u2019ENSAE, au datajournalisme."},"content":{"rendered":"<p><em>En novembre 2021 \u00e9tait diffus\u00e9 sur Public S\u00e9nat\u00a0\u00ab\u00a0Ren\u00e9 Carmille, un hacker sous l\u2019occupation\u00a0\u00bb, un <\/em><em>documentaire<a href=\"#_ftn1\" name=\"_ftnref1\"><strong>[1]<\/strong><\/a>, mention sp\u00e9ciale du Jury pour la cat\u00e9gorie Terre(s) d\u2019Histoire au FIGRA<a href=\"#_ftn2\" name=\"_ftnref2\"><strong>[2]<\/strong><\/a> 2022,<\/em><em>\u00a0r\u00e9alis\u00e9 par Youssr Youssef, jeune alumni de l\u2019ENSAE (2019), dipl\u00f4m\u00e9e de l\u2019\u00e9cole de journalisme de Sciences Po. Ren\u00e9 Carmille, fondateur du futur Insee, cr\u00e9ateur de l\u2019ENSAE en 1942, mort \u00e0 Dachau en 1944, haut fonctionnaire atypique du r\u00e9gime de Vichy, dont la vie comporte nombre de zones d&rsquo;ombre.\u00a0<\/em><\/p>\n<p><em>Youssr Youssef, aujourd\u2019hui datajournaliste chez Fig Data et r\u00e9alisatrice ind\u00e9pendante, r\u00e9pond aux questions de\u00a0<\/em><a href=\"http:\/\/variances.eu\"><em>variances.eu<\/em><\/a><em>\u00a0sur son documentaire et aussi, plus g\u00e9n\u00e9ralement, sur la richesse et le danger des donn\u00e9es.<\/em><\/p>\n<p><span style=\"color: #0000ff;\"><strong>Variances<\/strong>\u00a0: <strong>Youssr, pourquoi avoir choisi l\u2019histoire de Ren\u00e9 Carmille comme sujet\u00a0de ton premier documentaire ? <\/strong><\/span><\/p>\n<p><strong>Youssr\u00a0Youssef<\/strong> : Plusieurs raisons expliquent cela. Tout d\u2019abord le choix de mes \u00e9tudes\u00a0: l\u2019ENSAE et l\u2019\u00e9cole de journalisme de Sciences Po, deux formations qui pour moi sont tr\u00e8s compl\u00e9mentaires et r\u00e9pondent \u00e0 mon envie d\u2019explorer pour comprendre puis expliquer \u00e0 partir de l\u2019analyse des faits. L\u2019ENSAE m\u2019a appris \u00e0 collecter et \u00e0 analyser les \u00e9l\u00e9ments quantitatifs descriptifs d\u2019une situation ou d\u2019un sujet\u00a0; le journalisme me sert \u00e0 creuser, d\u00e9crypter, et transmettre ce que l\u2019on peut comprendre d\u2019un sujet.\u00a0 Rien ne m\u2019attire plus que de m\u2019attaquer \u00e0 des histoires qui m\u2019intriguent et chercher \u00e0 rassembler de l\u2019information, rapprocher des \u00e9l\u00e9ments, faire \u00e9merger des questions, trouver un sens et en faire un r\u00e9cit \u00e0 partager.<\/p>\n<p>Aussi, lorsqu\u2019au cours de mes ann\u00e9es d\u2019\u00e9tudes \u00e0 l\u2019ENSAE j\u2019ai d\u00e9couvert que l\u2019\u00e9cole avait \u00e9t\u00e9 cr\u00e9\u00e9e en 1942, sous le r\u00e9gime de Vichy, par Ren\u00e9 Carmille, j\u2019ai voulu savoir pourquoi. Quelques recherches rapides m\u2019apprirent que ce polytechnicien \u00e9tait consid\u00e9r\u00e9 comme un h\u00e9ros par certains mais soup\u00e7onn\u00e9 de collaboration par d\u2019autres. Rien ne semblait simple dans son histoire et l\u2019homme \u00e9tait peu connu du grand public. Pourtant Ren\u00e9 Carmille fut en France le d\u00e9veloppeur de la m\u00e9canographie (anc\u00eatre de l\u2019informatique) et le p\u00e8re du num\u00e9ro unique d\u2019identification (futur num\u00e9ro de s\u00e9curit\u00e9 sociale). Il ne m\u2019en fallait pas plus pour me lancer dans un travail, et candidater \u00e0 la Bourse Graine de Doc 2020 en pr\u00e9sentant le projet d\u2019un documentaire consacr\u00e9 \u00e0 ce sujet.<\/p>\n<p><span style=\"color: #0000ff;\"><strong>V<\/strong>\u00a0<strong>: Partir des faits et des donn\u00e9es, c\u2019est l\u2019essence de ton m\u00e9tier de datajournaliste, comment as-tu proc\u00e9d\u00e9 dans le cas particulier d\u2019une histoire qui s\u2019est d\u00e9roul\u00e9e il y a 80 ans, dans une p\u00e9riode particuli\u00e8rement sombre de l\u2019Histoire de la France.<\/strong><\/span><\/p>\n<p><strong>YY<\/strong>\u00a0: Eu \u00e9gard au contexte historique et politique j\u2019ai \u00e9t\u00e9 d\u2019autant plus exigeante sur la qualit\u00e9 de mes sources et j\u2019ai multipli\u00e9 les angles d\u2019exploration. Je me suis appuy\u00e9e sur des sources fran\u00e7aises, dont la plus importante, la <em>Mission d&rsquo;analyse historique sur le syst\u00e8me statistique fran\u00e7ais<\/em>, r\u00e9alis\u00e9e par Az\u00e9ma, L\u00e9vy-Bruhl et Touchelay. J\u2019ai aussi lu les r\u00e9ponses adress\u00e9es par la famille et les proches de Ren\u00e9 Carmille \u00e0 ce rapport, que j\u2019ai remises en contexte, notamment \u00e0 l\u2019aide de B\u00e9atrice Touchelay, historienne de l\u2019Insee qui appara\u00eet dans le documentaire. Je suis aussi all\u00e9e explorer diff\u00e9rentes archives\u00a0: Vincennes, Savigny-le-Temple\u2026 J\u2019ai int\u00e9gr\u00e9 \u00e9galement les recherches de R\u00e9gis Le Mer, sp\u00e9cialiste du r\u00e9seau de r\u00e9sistance Marco-Polo<a href=\"#_ftn3\" name=\"_ftnref3\">[3]<\/a>, qui ne s\u2019\u00e9tait jamais exprim\u00e9 sur Ren\u00e9 Carmille.<\/p>\n<p><span style=\"color: #0000ff;\"><strong>V<\/strong>\u00a0<strong>: En quelques mots, peux-tu nous retracer l\u2019histoire de Ren\u00e9 Carmille de 1940 \u00e0 1944, date de sa mort en d\u00e9portation\u00a0?<\/strong><\/span><\/p>\n<p><strong>YY<\/strong>\u00a0: Ren\u00e9 Carmille est un haut fonctionnaire, contr\u00f4leur g\u00e9n\u00e9ral des arm\u00e9es, sp\u00e9cialiste de l\u2019organisation militaire. Il a pour contact un cercle de quelques hauts grad\u00e9s de l\u2019\u00c9tat-Major qui restent aupr\u00e8s de P\u00e9tain apr\u00e8s l\u2019armistice, acceptant donc la d\u00e9faite, mais esp\u00e9rant pr\u00e9parer une revanche. Ces militaires prennent \u00e9norm\u00e9ment de risques vis-\u00e0-vis de l\u2019occupant, mais plus ils restent du c\u00f4t\u00e9 de Vichy, plus ils commencent \u00e0 partager ses torts. En 1940, Ren\u00e9 Carmille est encore sur cette ligne de cr\u00eate. Il imagine la constitution d\u2019un fichier secret permettant, le jour venu, de mobiliser une arm\u00e9e de plusieurs centaines de milliers d\u2019hommes pr\u00eats \u00e0 prendre les armes contre l\u2019occupant. Soutenu par Vichy, il cr\u00e9e le Service National de la Statistique (futur Insee), install\u00e9 \u00e0 Lyon (loin de Paris, occup\u00e9) rassemblant pr\u00e8s de mille hommes et femmes, dot\u00e9 d\u2019un budget significatif, et dont l\u2019une des missions officielles est la r\u00e9alisation du recensement des Fran\u00e7ais vivant en zone libre. La m\u00e9canographie naissante permet de rassembler pour la premi\u00e8re fois des informations nominatives qui se veulent exhaustives sur la population. Pour accompagner la mont\u00e9e en comp\u00e9tences de ses \u00e9quipes, Ren\u00e9 Carmille cr\u00e9e l\u2019\u00c9cole d\u2019application de la Statistique qui deviendra l\u2019ENSAE en 1960.<\/p>\n<p>Ainsi en 1941, Ren\u00e9 Carmille constitue diff\u00e9rents fichiers qu\u2019il peut croiser gr\u00e2ce \u00e0 la cr\u00e9ation d\u2019un num\u00e9ro unique d\u2019identification attribu\u00e9 \u00e0 chaque individu. C\u2019est ce d\u00e9tournement de donn\u00e9es informatiques qui fait de lui un hacker. Au printemps 1942, les fiches secr\u00e8tes correspondant \u00e0 quinze divisions de combattants mobilisables, sont ainsi pr\u00eates \u00e0 \u00eatre utilis\u00e9es, dans l\u2019attente d\u2019un ordre venant de Vichy. Mais cet ordre ne viendra pas, Ren\u00e9 Carmille ne peut plus s\u2019illusionner, Vichy n\u2019est pas et n\u2019a jamais \u00e9t\u00e9 la R\u00e9sistance.<\/p>\n<p><span style=\"color: #0000ff;\"><strong>V<\/strong>\u00a0<strong>: A partir de ce moment-l\u00e0, la position de Ren\u00e9 Carmille se complique et l\u2019oblige \u00e0 faire des choix.<\/strong><\/span><\/p>\n<p><strong>YY<\/strong>\u00a0: Ren\u00e9 Carmille est en effet dans une situation critique pour plusieurs raisons. La premi\u00e8re concerne l\u2019homme, r\u00e9solument hostile \u00e0 l\u2019occupant, qui comprend qu\u2019il n\u2019y a rien \u00e0 attendre de Vichy sur ce plan. Par ailleurs, \u00e0 la suite au d\u00e9barquement des Alli\u00e9s en Afrique du Nord, les Allemands ont envahi la zone libre et la Wehrmacht est \u00e0 Lyon\u00a0: le danger se rapproche.<\/p>\n<p>Un choix s\u2019impose, et celui que fait Carmille peut para\u00eetre paradoxal\u00a0: d\u00e9but 43, tout en restant \u00e0 la t\u00eate de son administration et en oeuvrant \u00e0 rendre son identifiant plus certain et donc potentiellement plus dangereux<a href=\"#_ftn4\" name=\"_ftnref4\">[4]<\/a>, il rejoint le r\u00e9seau de r\u00e9sistance Marco-Polo auquel il fournira informations strat\u00e9giques et faux papiers.<\/p>\n<p>Dans le film, on prend aussi le temps de s\u2019attarder sur un aspect des probl\u00e8mes \u00e9thiques vis-\u00e0-vis des juifs\u00a0pendant la guerre<a href=\"#_ftn5\" name=\"_ftnref5\">[5]<\/a> : dans les diff\u00e9rents fichiers sur lesquels travaille Carmille, il y a des questions qui visent \u00e0 les identifier.<\/p>\n<p>Ren\u00e9 Carmille propose m\u00eame ses services au Commissariat g\u00e9n\u00e9ral aux questions juives (CGQJ), charg\u00e9 dans un premier temps de mener la politique discriminatoire de Vichy. Avec quelle intention\u00a0? Celle d\u2019un haut fonctionnaire qui veut faire valoir la qualit\u00e9 et le professionnalisme de son travail\u00a0et couper l\u2019herbe sous le pied de la concurrence au m\u00e9pris du reste ? Celle d\u2019un statisticien z\u00e9l\u00e9\u00a0d\u00e9sireux d\u2019\u00e9tablir le premier carnet d\u2019identit\u00e9 individuel sans s\u2019interroger assez sur sa propre responsabilit\u00e9\u00a0? Si l\u2019on ne conna\u00eet pas d\u2019utilisation de ce fichier trait\u00e9 par Carmille pour des spoliations, parce qu\u2019il est arriv\u00e9 tr\u00e8s tardivement au CGQJ &#8211; Carmille ayant volontairement retard\u00e9 la production du fichier, d\u2019apr\u00e8s l\u2019hypoth\u00e8se d\u2019un des interview\u00e9s, qu\u2019il est difficile de v\u00e9rifier &#8211; la question des intentions demeure.<\/p>\n<p>En 1943, lors d\u2019une conf\u00e9rence devant les \u00e9tudiants de l\u2019\u00c9cole polytechnique, Ren\u00e9 Carmille\u00a0 r\u00e9pond \u00e0 une\u00a0\u00ab\u00a0<em>objection (qu\u2019il) rencontre, exprim\u00e9e presque tous les jours<\/em>\u00a0\u00bb\u00a0: selon lui un \u00ab\u00a0<em>puissant service de statistique<\/em>\u00a0\u00bb n\u2019est pas pour autant un \u00ab\u00a0<em>puissant service d\u2019inquisition<\/em>\u00a0\u00bb. L\u2019Histoire lui a pourtant donn\u00e9 tort \u00e0 cet instant pr\u00e9cis, puisqu\u2019il n\u2019y avait alors de garde-fou que lui-m\u00eame et ses propres principes \u00e9thiques face \u00e0 un r\u00e9gime qui collaborait avec l\u2019ennemi, et dont les demandes, en se diversifiant, devenaient de plus en plus pressantes.<\/p>\n<p>D\u00e9but 44, Ren\u00e9 Carmille finit par \u00eatre arr\u00eat\u00e9 par la Gestapo, qui le d\u00e9signe comme \u00ab\u00a0grand ennemi de l\u2019arm\u00e9e allemande, ayant entretenu des relations avec Londres et aid\u00e9 des groupes terroristes\u00a0\u00bb. D\u2019abord emprisonn\u00e9 \u00e0 la prison de Montluc, il est interrog\u00e9 par les services de Klaus Barbie. Envoy\u00e9 en d\u00e9portation en juillet, il y mourra du typhus en janvier 45.<\/p>\n<p><span style=\"color: #0000ff;\"><strong>V<\/strong>\u00a0<strong>: Comment a \u00e9volu\u00e9 le fichage de masse apr\u00e8s Vichy ? Dans les ann\u00e9es cinquante ? <\/strong><\/span><\/p>\n<p><strong>YY<\/strong>\u00a0: Au sortir de la guerre, quand l\u2019Insee est cr\u00e9\u00e9, un peu de m\u00e9nage est fait\u00a0: les dossiers individuels des Fran\u00e7ais qu\u2019avait commenc\u00e9 \u00e0 r\u00e9unir Carmille, doivent \u00eatre d\u00e9truits, mais le r\u00e9pertoire des Fran\u00e7ais avec le futur num\u00e9ro de S\u00e9curit\u00e9 sociale est conserv\u00e9. Instruction est donn\u00e9e toutefois d\u2019y supprimer toute r\u00e9f\u00e9rence \u00e0 la race ou \u00e0 la religion.<\/p>\n<p>Plus tard, dans les ann\u00e9es 70, l\u2019Insee a voulu centraliser le r\u00e9pertoire des Fran\u00e7ais et le transf\u00e9rer des cartes m\u00e9canographiques aux bandes magn\u00e9tiques. C\u2019\u00e9tait une \u00e9tape de plus vers le projet dit SAFARI (pour Syst\u00e8me Automatis\u00e9 pour les Fichiers Administratifs et le R\u00e9pertoire des Individus), qui visait \u00e0 interconnecter autant que faire se pouvait les donn\u00e9es administratives de tous les Fran\u00e7ais. Lorsque le projet fut \u00e9voqu\u00e9 dans le journal <em>Le Monde<\/em>, de nombreuses voix se sont \u00e9lev\u00e9es rappelant notamment le contexte de la cr\u00e9ation du num\u00e9ro de S\u00e9curit\u00e9 Sociale sous Vichy. Le projet fut abandonn\u00e9. C\u2019est alors que la CNIL fut cr\u00e9\u00e9e, charg\u00e9e de prot\u00e9ger les citoyens, par la r\u00e8glementation, contre le recueil et l\u2019utilisation incontr\u00f4l\u00e9s de leurs donn\u00e9es personnelles.<\/p>\n<p><span style=\"color: #0000ff;\"><strong>V\u00a0: A la lumi\u00e8re de ce documentaire sur Ren\u00e9 Carmille, comment r\u00e9fl\u00e9chir au profilage ? Celui que l\u2019on autorise aux grandes plateformes ? A la police ?<\/strong><\/span><\/p>\n<p><strong>YY<\/strong>\u00a0: Ce sont des sujets que l\u2019on aborde dans le d\u00e9bat qui prolonge le documentaire<a href=\"#_ftn6\" name=\"_ftnref6\">[6]<\/a>. L\u2019histoire de Carmille est toujours d\u2019actualit\u00e9, notamment du fait qu\u2019il y a eu des retours en arri\u00e8re\u00a0: en effet, depuis d\u00e9but 2021, la police et la gendarmerie ont l\u2019autorisation, dans un cadre d\u00e9fini, d\u2019\u00e9largir le fichage aux opinions politiques, aux convictions philosophiques et religieuses et \u00e0 l\u2019appartenance syndicale, ce qui \u00e9tait auparavant proscrit par la loi de 1978, \u00e0 l\u2019origine de la CNIL. On ne sait pas quel usage sera fait de ces informations mais leur possession est dangereuse en tant que telle.<\/p>\n<p>Il y a aussi un c\u00f4t\u00e9 d\u00e9pass\u00e9 de l\u2019histoire de Ren\u00e9 Carmille, car aujourd\u2019hui il n\u2019y a m\u00eame plus besoin de ficher ces informations, ce sont des donn\u00e9es que nous livrons quotidiennement aux GAFA, qui connaissent notre religion et nos convictions politiques sans avoir \u00e0 nous les demander gr\u00e2ce au <em>machine learning. <\/em>Pour ne citer qu\u2019un exemple de m\u00e9susage de donn\u00e9es sensibles\u00a0: aux \u00c9tats-Unis, une pol\u00e9mique \u00e9clata en 2020, quand il fut r\u00e9v\u00e9l\u00e9 que l\u2019arm\u00e9e am\u00e9ricaine aurait achet\u00e9 des donn\u00e9es \u00e0 une application de pri\u00e8re musulmane.<\/p>\n<p>Toutefois, les risques ne sont pas que r\u00e9pressifs\u00a0: on parle souvent de \u00ab\u00a0capitalisme de surveillance\u00a0\u00bb. J\u2019ai beaucoup d\u2019amis qui s\u2019amusent \u00e0 compter leurs pas gr\u00e2ce \u00e0 des applications. Imaginez si un jour le prix de nos assurances \u00e9tait d\u00e9termin\u00e9 par le nombre de pas parcourus dans la semaine\u00a0\u2026\u00a0!? L\u00e0, l\u2019enjeu auquel chacun d\u2019entre nous est confront\u00e9, ce sont toutes les donn\u00e9es qui nous paraissent banales, que nous transmettons \u00e0 des tiers, de mani\u00e8re souvent inconsciente, et qui pourront, demain, \u00eatre utilis\u00e9es contre nous.<\/p>\n<p><span style=\"color: #0000ff;\"><strong>V\u00a0: Comment \u00e9duquer aux donn\u00e9es ? Transmettre la prudence ? Parler de l\u2019histoire des donn\u00e9es \u2026 ? <\/strong><\/span><\/p>\n<p><strong>YY<\/strong>\u00a0: Je raconte l\u2019histoire de Carmille pour qu\u2019<em>a minima <\/em>on se repose des questions sur nos donn\u00e9es, mais il est int\u00e9ressant de compl\u00e9ter cette lecture avec des documentaires plus contemporains pour avoir une image compl\u00e8te<a href=\"#_ftn7\" name=\"_ftnref7\">[7]<\/a>.<\/p>\n<p>Dans tous les cas, je me garderai de donner des conseils d\u2019hygi\u00e8ne personnelle num\u00e9rique &#8211; qu\u2019on peut d\u00e9j\u00e0 trouver un peu partout et que j\u2019essaie moi-m\u00eame d\u2019appliquer tant bien que mal &#8211; car je pense que l\u2019enjeu est structurel. A la fin, c\u2019est toujours l\u2019\u00c9tat qui est cens\u00e9 nous prot\u00e9ger, autoriser ou interdire certaines pratiques. C\u2019est le cas notamment avec la loi europ\u00e9enne RGPD, qui est une r\u00e9elle avanc\u00e9e pour la protection de nos donn\u00e9es personnelles, mais reste difficile \u00e0 faire respecter, \u00e9tant donn\u00e9 l\u2019oc\u00e9an de donn\u00e9es qu\u2019il faut contr\u00f4ler.<\/p>\n<p style=\"text-align: right;\"><em>Propos recueillis par Catherine Grandcoing<\/em><\/p>\n<p>&nbsp;<\/p>\n<p><em>Mots clefs : Carmille\u00a0 &#8211; Hack\u00a0 &#8211; Informatique\u00a0 &#8211; Cnil\u00a0 &#8211; Insee\u00a0 &#8211; Occupation\u00a0 &#8211; Vichy\u00a0 &#8211; Data<\/em><\/p>\n<p>&nbsp;<\/p>\n<p><em>Cet article a \u00e9t\u00e9 initialement publi\u00e9 le 13 juin 2022.<\/em><\/p>\n<hr \/>\n<p><a href=\"#_ftnref1\" name=\"_ftn1\">[1]<\/a> \u00ab\u00a0Ren\u00e9 Carmille, un hacker sous l\u2019occupation\u00a0\u00bb, co-production Tournez S\u2019il Vous Pla\u00eet &#8211; Public S\u00e9nat, disponible en replay<\/p>\n<p><a href=\"#_ftnref2\" name=\"_ftn2\">[2]<\/a> FIGRA\u00a0: Festival International du Grand Reportage d\u2019Actualit\u00e9 et du Documentaire de Soci\u00e9t\u00e9.<\/p>\n<p><a href=\"#_ftnref3\" name=\"_ftn3\">[3]<\/a> R\u00e9gis Le Mer, \u00ab\u00a0Ren\u00e9 et Marguerite Pellet, de la p\u00e9dagogie \u00e0 la r\u00e9sistance : R\u00e9seau Marco-Polo, Lyon, 1942-1944\u00a0\u00bb, \u00c9ditions Tir\u00e9sias, 26 mars 2018<\/p>\n<p><a href=\"#_ftnref4\" name=\"_ftn4\">[4]<\/a> Pierre Piazza, \u00ab Syst\u00e8me d\u2019enregistrement d\u2019identit\u00e9, num\u00e9ro d\u2019identification et \u201ccarte d\u2019identit\u00e9 de Fran\u00e7ais\u201d durant le R\u00e9gime de Vichy (France, 1940-1944) \u00bb, Criminocorpus [En ligne], Identification, contr\u00f4le et surveillance des personnes, mis en ligne le 14 novembre 2017. URL : <span style=\"text-decoration: underline;\"><span style=\"color: #0000ff; text-decoration: underline;\">http:\/\/journals.openedition.org\/criminocorpus\/3649<\/span><\/span> ; DOI : <a href=\"https:\/\/doi.org\/10.4000\/criminocorpus.3649\"><span style=\"text-decoration: underline;\"><span style=\"color: #0000ff; text-decoration: underline;\">https:\/\/doi.org\/10.4000\/criminocorpus.3649<\/span><\/span><\/a><\/p>\n<p><a href=\"#_ftnref5\" name=\"_ftn5\">[5]<\/a> Pour en savoir plus, lire notamment\u00a0: Jean-Pierre Az\u00e9ma, Raymond L\u00e9vy-Bruhl, B\u00e9atrice Touchelay. Mission d&rsquo;analyse historique sur le syst\u00e8me statistique fran\u00e7ais. [Rapport de recherche] INSEE. 1998. Ou encore plus r\u00e9cemment\u00a0: Claude Poulain, \u00ab SAFARI a exist\u00e9 de 1941 \u00e0 1944 \u00bb, Terminal [En ligne], 132-133 | 2022, mis en ligne le 28 f\u00e9vrier 2022, URL : <a href=\"http:\/\/journals.openedition.org\/terminal\/8429\"><span style=\"text-decoration: underline;\"><span style=\"color: #0000ff; text-decoration: underline;\">http:\/\/journals.openedition.org\/terminal\/8429<\/span><\/span><\/a><\/p>\n<p><a href=\"#_ftnref6\" name=\"_ftn6\">[6]<\/a> \u00ab\u00a0Donn\u00e9es personnelles\u00a0: l\u2019h\u00e9ritage de Ren\u00e9 Carmille\u00a0\u00bb, d\u00e9bat disponible en replay<\/p>\n<p><a href=\"#_ftnref7\" name=\"_ftn7\">[7]<\/a> Par exemple\u00a0: Linda Bendali, \u00ab\u00a0Nos Donn\u00e9es personnelles valent de l\u2019or\u00a0\u00bb, Cash Investigation, 20 mai 2021<\/p>\n","protected":false},"excerpt":{"rendered":"<p>En novembre 2021 \u00e9tait diffus\u00e9 sur Public S\u00e9nat\u00a0\u00ab\u00a0Ren\u00e9 Carmille, un hacker sous l\u2019occupation\u00a0\u00bb, un documentaire[1], mention sp\u00e9ciale du Jury pour la cat\u00e9gorie Terre(s) d\u2019Histoire au FIGRA[2] 2022,\u00a0r\u00e9alis\u00e9 par Youssr Youssef, jeune alumni de l\u2019ENSAE (2019), dipl\u00f4m\u00e9e de l\u2019\u00e9cole de journalisme de Sciences Po. Ren\u00e9 Carmille, fondateur du futur Insee, cr\u00e9ateur de l\u2019ENSAE en 1942, mort [&hellip;]<\/p>\n","protected":false},"author":417,"featured_media":6772,"comment_status":"open","ping_status":"open","sticky":false,"template":"","format":"standard","meta":{"_et_pb_use_builder":"","_et_pb_old_content":"","_et_gb_content_width":"","_exactmetrics_skip_tracking":false,"_exactmetrics_sitenote_active":false,"_exactmetrics_sitenote_note":"","_exactmetrics_sitenote_category":0,"footnotes":""},"categories":[26,18],"tags":[],"class_list":["post-6768","post","type-post","status-publish","format-standard","has-post-thumbnail","hentry","category-portraits","category-statistiques","et-has-post-format-content","et_post_format-et-post-format-standard"],"_links":{"self":[{"href":"https:\/\/variances.eu\/index.php?rest_route=\/wp\/v2\/posts\/6768","targetHints":{"allow":["GET"]}}],"collection":[{"href":"https:\/\/variances.eu\/index.php?rest_route=\/wp\/v2\/posts"}],"about":[{"href":"https:\/\/variances.eu\/index.php?rest_route=\/wp\/v2\/types\/post"}],"author":[{"embeddable":true,"href":"https:\/\/variances.eu\/index.php?rest_route=\/wp\/v2\/users\/417"}],"replies":[{"embeddable":true,"href":"https:\/\/variances.eu\/index.php?rest_route=%2Fwp%2Fv2%2Fcomments&post=6768"}],"version-history":[{"count":0,"href":"https:\/\/variances.eu\/index.php?rest_route=\/wp\/v2\/posts\/6768\/revisions"}],"wp:featuredmedia":[{"embeddable":true,"href":"https:\/\/variances.eu\/index.php?rest_route=\/wp\/v2\/media\/6772"}],"wp:attachment":[{"href":"https:\/\/variances.eu\/index.php?rest_route=%2Fwp%2Fv2%2Fmedia&parent=6768"}],"wp:term":[{"taxonomy":"category","embeddable":true,"href":"https:\/\/variances.eu\/index.php?rest_route=%2Fwp%2Fv2%2Fcategories&post=6768"},{"taxonomy":"post_tag","embeddable":true,"href":"https:\/\/variances.eu\/index.php?rest_route=%2Fwp%2Fv2%2Ftags&post=6768"}],"curies":[{"name":"wp","href":"https:\/\/api.w.org\/{rel}","templated":true}]}}