{"id":6726,"date":"2022-05-30T07:10:43","date_gmt":"2022-05-30T05:10:43","guid":{"rendered":"https:\/\/variances.eu\/?p=6726"},"modified":"2022-05-30T08:41:30","modified_gmt":"2022-05-30T06:41:30","slug":"peut-on-changer-le-systeme-de-linterieur","status":"publish","type":"post","link":"https:\/\/variances.eu\/?p=6726","title":{"rendered":"Peut-on changer le \u00ab syst\u00e8me \u00bb de l\u2019int\u00e9rieur ?"},"content":{"rendered":"<p><strong>Philippe Zaouati, fondateur et Directeur G\u00e9n\u00e9ral de Mirova, soci\u00e9t\u00e9 d\u2019investissement d\u00e9di\u00e9e \u00e0 l\u2019investissement durable, ancien membre du Groupe d\u2019experts de la Commission europ\u00e9enne sur la finance durable, administrateur de WWF France, de la Communaut\u00e9 des entreprises \u00e0 mission et du Mouvement Impact France, auteur de nombreux essais dont \u00ab La Finance verte commence \u00e0 Paris \u00bb, nous propose de r\u00e9fl\u00e9chir \u00e0 la question r\u00e9currente\u00a0: \u00ab\u00a0changer le syst\u00e8me de l\u2019int\u00e9rieur\u00a0ou cr\u00e9er une alternative \u00e0 l\u2019ext\u00e9rieur ?\u00a0\u00bb, un choix auquel nous sommes de plus en plus souvent confront\u00e9s.<\/strong><\/p>\n<p>La vid\u00e9o d\u2019un groupe d\u2019\u00e9tudiants d\u2019Agro Paris Tech appelant \u00e0 la \u00ab\u00a0d\u00e9sertion\u00a0\u00bb lors de leur c\u00e9r\u00e9monie de remise de dipl\u00f4me est devenue virale. Naturellement, la radicalit\u00e9 de la part de la jeunesse entra\u00eene des r\u00e9actions diverses. Si la grande majorit\u00e9 des \u00ab\u00a0adultes\u00a0\u00bb a salu\u00e9 le courage de ces \u00e9tudiants dans leur d\u00e9nonciation d\u2019un \u00ab\u00a0syst\u00e8me\u00a0\u00bb r\u00e9volu, du contenu de leurs \u00e9tudes qui est de plus en plus d\u00e9connect\u00e9 de la r\u00e9alit\u00e9 et des enjeux de la plan\u00e8te, d\u2019une carri\u00e8re \u00e0 venir qui ne r\u00e9pond plus \u00e0 leur besoin de sens, d\u2019autres ont au contraire critiqu\u00e9 une position extr\u00eame et fustig\u00e9 l\u2019abandon de leurs responsabilit\u00e9s.<\/p>\n<p>La question sous-jacente \u00e0 ce d\u00e9bat n\u2019est pas nouvelle : peut-on changer les institutions de l\u2019int\u00e9rieur ? Ou mieux vaut-il s\u2019en extraire, d\u00e9serter, \u00ab\u00a0disrupter\u00a0\u00bb et cr\u00e9er une alternative \u00e0 l\u2019ext\u00e9rieur ?<\/p>\n<p>Confront\u00e9s \u00e0 la d\u00e9connexion entre l\u2019avenir qu\u2019on leur propose et leurs convictions, de plus en plus de jeunes, y compris apr\u00e8s avoir termin\u00e9 de longues \u00e9tudes, pr\u00e9f\u00e8rent abandonner, d\u00e9missionner, d\u00e9serter ! Ils ne sont pas les seuls : leurs a\u00een\u00e9s d\u00e9j\u00e0 bien install\u00e9s se posent les m\u00eames questions. Selon une \u00e9tude de Microsoft au niveau mondial, 41 % des employ\u00e9s envisageaient de d\u00e9missionner en 2022. La pand\u00e9mie a renforc\u00e9 le besoin de sens. Avoir un boulot qui est en phase avec ses valeurs et qui a un impact positif sur la soci\u00e9t\u00e9 devient une exigence.<\/p>\n<p>Faut-il pour autant d\u00e9serter ? Aller voir si l\u2019herbe est plus verte ailleurs ? Et pourquoi rejeter ceux qui veulent changer le monde de l\u2019int\u00e9rieur ?<\/p>\n<p>Mon exp\u00e9rience et mon parcours personnel me conduisent naturellement \u00e0 penser que le changement de l\u2019int\u00e9rieur est possible avec de la conviction, de l\u2019initiative, autrement dit une dose de prise de risque. La transformation &#8211; ou pour reprendre les termes de Bruno Latour, la \u00ab\u00a0m\u00e9tamorphose\u00a0\u00bb &#8211; n\u2019exige-t-elle pas de partir d\u2019un existant, d\u2019un int\u00e9rieur, d\u2019un \u00e9cosyst\u00e8me, que celui-ci soit un pays, un territoire, une communaut\u00e9, une entreprise ?<\/p>\n<p>J\u2019ai eu envie de dire \u00e0 ces jeunes : ne d\u00e9sertez pas ! Vous avez un r\u00f4le important \u00e0 jouer. Vous avez compris qu\u2019il fallait une coh\u00e9rence entre vos identit\u00e9s, vos vies, votre travail et vos convictions. Plusieurs voies sont possibles. Certains d\u2019entre vous iront chercher cette coh\u00e9rence \u00e0 la marge ou \u00e0 l\u2019ext\u00e9rieur du syst\u00e8me, d\u2019autres essaieront d\u2019entreprendre ou de changer les entreprises de l\u2019int\u00e9rieur. Ne vous combattez pas, travaillez ensemble, c\u2019est la seule fa\u00e7on de faire advenir cette \u00e9conomie compatible avec l\u2019int\u00e9r\u00eat g\u00e9n\u00e9ral. Le philosophe Bernard Stiegler esp\u00e9rait cr\u00e9er \u00ab une coalition des zadistes aux banquiers \u00bb. C\u2019\u00e9tait tr\u00e8s ambitieux, mais nous avons besoin de cr\u00e9er des ponts. <strong>Ceux qui essaient de changer le syst<\/strong><strong>\u00e8<\/strong><strong>me de l<\/strong><strong>\u2019<\/strong><strong>int\u00e9rieur ne sont-ils pas les meilleurs alli\u00e9s de ceux qui veulent faire la r\u00e9volution de l<\/strong><strong>\u2019<\/strong><strong>ext\u00e9rieur ?<\/strong><\/p>\n<p>Et puis le doute m\u2019a envahi. Quelles sont les raisons qui poussent ces jeunes \u00e0 la d\u00e9sertion du monde \u00e9conomique et \u00e0 l\u2019abstention dans la vie d\u00e9mocratique ? D\u2019o\u00f9 vient l\u2019effet repoussoir que, dans une forme d\u2019aveuglement, nous ne voyons plus ? Deux \u00e9v\u00e9nements r\u00e9cents sont symptomatiques, me semble-t-il, de ce que les nouvelles g\u00e9n\u00e9rations rejettent. Deux \u00e9v\u00e9nements qui montrent que le syst\u00e8me se raidit parfois \u00e0 l\u2019exc\u00e8s et tend \u00e0 perp\u00e9tuer un \u00ab\u00a0<em>business as usual<\/em>\u00a0\u00bb.<\/p>\n<p><strong>Le premier est la pol\u00e9mique relative au sujet d\u2019\u00e9conomie du BAC SES. <\/strong>Voici les trois questions de \u00ab\u00a0contr\u00f4le des connaissances\u00a0\u00bb auxquelles devaient r\u00e9pondre les candidats :<\/p>\n<p>\u25ab\ufe0fMontrez que le travail est source d\u2019int\u00e9gration sociale.<\/p>\n<p>\u25ab\ufe0fA partir d\u2019un exemple, vous montrerez que l\u2019innovation peut aider \u00e0 reculer les limites \u00e9cologiques de la croissance.<\/p>\n<p>\u25ab\ufe0fVous montrerez que l\u2019action des pouvoirs publics en faveur de la justice sociale peut produire des effets pervers.<\/p>\n<p>Si on les analyse une par une, rien dans ces questions n\u2019est vraiment scandaleux. Elles correspondent sans aucun doute au corpus du cours de terminale. Le lien entre travail et int\u00e9gration sociale ne fait gu\u00e8re d\u00e9bat. L\u2019innovation peut permettre en effet de combiner dans une certaine mesure la croissance et le respect des limites \u00e9cologiques. Enfin, il est admis que l\u2019Etat-providence peut avoir des effets pervers.<\/p>\n<p>Pour autant, ce sujet semble tellement d\u00e9connect\u00e9 des pr\u00e9occupations actuelles de la jeunesse qu\u2019il laisse perplexe. Au moment o\u00f9 des \u00e9tudiants appellent \u00e0 la \u00ab\u00a0d\u00e9sertion\u00a0\u00bb des futurs m\u00e9tiers qu\u2019on leur propose, que d\u2019autres militent au sein d\u2019une association comme \u00ab\u00a0Pour un R\u00e9veil \u00e9cologique\u00a0\u00bb, la relation au travail pourrait donner lieu \u00e0 d\u2019autres interrogations, sur la notion de sens par exemple. Si l\u2019innovation est l\u2019une des cl\u00e9s de la transition \u00e9cologique, se focaliser sur l\u2019objectif de poursuivre \u00e0 tout prix la croissance est loin de l\u2019exigence de sobri\u00e9t\u00e9 que le GIEC consid\u00e8re comme indispensable dans les pays d\u00e9velopp\u00e9s. Enfin, dans une soci\u00e9t\u00e9 \u00e9clat\u00e9e et de plus en plus in\u00e9galitaire, dans laquelle le besoin de solidarit\u00e9 est immense, demander aux \u00e9l\u00e8ves de r\u00e9fl\u00e9chir aux effets pervers de l\u2019Etat-providence est assez cynique.<\/p>\n<p>Globalement, c\u2019est une vision peu nuanc\u00e9e que traduisent ces trois questions. Celle d\u2019<strong>une soci\u00e9t\u00e9 obs\u00e9d\u00e9e par la croissance et pr\u00eate pour cela \u00e0 \u00e9riger le travail en valeur ultime, l<\/strong><strong>\u2019<\/strong><strong>assistanat en repoussoir et les limites \u00e9cologiques en simple contrainte \u00e0 d\u00e9passer. <\/strong>Nul doute que cela entra\u00eenera d\u2019autres envies de d\u00e9sertion.<\/p>\n<p><strong>Le deuxi<\/strong><strong>\u00e8<\/strong><strong>me \u00e9v\u00e9nement est la prise de position surprenante de Stuart Kirk, d\u00e9sormais ancien directeur de l<\/strong><strong>\u2019<\/strong><strong>investissement responsable de HSBC.<\/strong><\/p>\n<p>Depuis quelques ann\u00e9es, la vague de la finance responsable et de la gestion ESG est incontestable. La g\u00e9n\u00e9ralisation que les pionniers esp\u00e8rent depuis longtemps est enfin l\u00e0. Aucun investisseur ne peut d\u00e9sormais s\u2019affranchir d\u2019un minimum de prise en compte des impacts environnementaux et sociaux. La plupart des grands acteurs pr\u00e9tendent m\u00eame en faire le c\u0153ur de leur d\u00e9marche. Et puis tout \u00e0 coup, patatras ! La guerre en Ukraine, la crise de l\u2019\u00e9nergie en Europe, la hausse du prix des mati\u00e8res premi\u00e8res, le retour de l\u2019inflation, la reprise des investissements publics dans la d\u00e9fense\u2026 voil\u00e0 autant de \u00ab\u00a0bonnes\u00a0\u00bb raisons ou plut\u00f4t de \u00ab\u00a0mauvais\u00a0\u00bb pr\u00e9textes pour donner un coup de frein, quand ce n\u2019est pas un retour en arri\u00e8re.<\/p>\n<p>Certains grands investisseurs comme BlackRock reviennent ainsi sur leur politique de vote et annoncent qu\u2019ils ne soutiendront plus toutes les r\u00e9solutions sur le climat. Pire, ceux qui se sentaient forc\u00e9s de c\u00e9der \u00e0 la tendance ESG retrouvent des raisons d\u2019attaquer les fondamentaux de la finance durable. Allons, nous disent-ils, ne faudrait-il pas r\u00e9investir dans les \u00e9nergies fossiles si on veut se chauffer l\u2019hiver prochain en Europe, et aussi dans l\u2019armement pour se d\u00e9fendre face aux vell\u00e9it\u00e9s belliqueuses de la Russie ?<\/p>\n<p>Les d\u00e9clarations sans filtre de Stuart Kirk sont la caricature de ces positions \u00ab\u00a0r\u00e9actionnaires\u00a0\u00bb. Selon lui, les investisseurs ne doivent pas s\u2019inqui\u00e9ter du risque climatique, les banques centrales et les r\u00e9gulateurs exag\u00e8rent les effets du climat dans leurs \u00ab\u00a0stress tests\u00a0\u00bb et finalement \u00ab\u00a0quelle importance si Miami est sous six m\u00e8tres d\u2019eau en 2100\u00a0?\u00a0\u00bb. Ces outrances ne sont pourtant que la partie visible de l\u2019iceberg. Si la tendance vers plus de durabilit\u00e9 dans la finance reste forte, le regain d\u2019une forme de climato-scepticisme est \u00e9vident. Il s\u2019ajoute \u00e0 ceux qui, comme Nicolas Dufourcq, le Directeur g\u00e9n\u00e9ral de Bpifrance, affichent ouvertement que les objectifs de l\u2019accord de Paris ne peuvent plus \u00eatre atteints et s\u2019en remettent \u00e0 un miracle technologique pour nous sauver de la catastrophe. Comment pr\u00e9tendre que le changement de l\u2019int\u00e9rieur est possible si les maigres avanc\u00e9es sont remises en cause en permanence ?<\/p>\n<p><strong>Ces deux exemples expliquent pourquoi une partie de la jeunesse ne croit plus \u00e0 <\/strong><strong>la capacit<\/strong><strong>\u00e9 du syst<\/strong><strong>\u00e8<\/strong><strong>me \u00e0 se r\u00e9former. Nous pouvons (nous devons) encore essayer de l<\/strong><strong>\u2019<\/strong><strong>en convaincre. Dans le mode \u00e9ducatif, en r\u00e9pondant \u00e0 la demande de prise en compte de la crise climatique dans les enseignements. Dans celui de la finance, en faisant le tri entre les financiers sinc\u00e8res qui font de vrais efforts et les \u00ab\u00a0greenwashers\u00a0\u00bb. <\/strong><\/p>\n","protected":false},"excerpt":{"rendered":"<p>Philippe Zaouati, fondateur et Directeur G\u00e9n\u00e9ral de Mirova, soci\u00e9t\u00e9 d\u2019investissement d\u00e9di\u00e9e \u00e0 l\u2019investissement durable, ancien membre du Groupe d\u2019experts de la Commission europ\u00e9enne sur la finance durable, administrateur de WWF France, de la Communaut\u00e9 des entreprises \u00e0 mission et du Mouvement Impact France, auteur de nombreux essais dont \u00ab La Finance verte commence \u00e0 Paris [&hellip;]<\/p>\n","protected":false},"author":324,"featured_media":6728,"comment_status":"open","ping_status":"open","sticky":false,"template":"","format":"standard","meta":{"_et_pb_use_builder":"","_et_pb_old_content":"","_et_gb_content_width":"","_exactmetrics_skip_tracking":false,"_exactmetrics_sitenote_active":false,"_exactmetrics_sitenote_note":"","_exactmetrics_sitenote_category":0,"footnotes":""},"categories":[222],"tags":[],"class_list":["post-6726","post","type-post","status-publish","format-standard","has-post-thumbnail","hentry","category-societe","et-has-post-format-content","et_post_format-et-post-format-standard"],"_links":{"self":[{"href":"https:\/\/variances.eu\/index.php?rest_route=\/wp\/v2\/posts\/6726","targetHints":{"allow":["GET"]}}],"collection":[{"href":"https:\/\/variances.eu\/index.php?rest_route=\/wp\/v2\/posts"}],"about":[{"href":"https:\/\/variances.eu\/index.php?rest_route=\/wp\/v2\/types\/post"}],"author":[{"embeddable":true,"href":"https:\/\/variances.eu\/index.php?rest_route=\/wp\/v2\/users\/324"}],"replies":[{"embeddable":true,"href":"https:\/\/variances.eu\/index.php?rest_route=%2Fwp%2Fv2%2Fcomments&post=6726"}],"version-history":[{"count":0,"href":"https:\/\/variances.eu\/index.php?rest_route=\/wp\/v2\/posts\/6726\/revisions"}],"wp:featuredmedia":[{"embeddable":true,"href":"https:\/\/variances.eu\/index.php?rest_route=\/wp\/v2\/media\/6728"}],"wp:attachment":[{"href":"https:\/\/variances.eu\/index.php?rest_route=%2Fwp%2Fv2%2Fmedia&parent=6726"}],"wp:term":[{"taxonomy":"category","embeddable":true,"href":"https:\/\/variances.eu\/index.php?rest_route=%2Fwp%2Fv2%2Fcategories&post=6726"},{"taxonomy":"post_tag","embeddable":true,"href":"https:\/\/variances.eu\/index.php?rest_route=%2Fwp%2Fv2%2Ftags&post=6726"}],"curies":[{"name":"wp","href":"https:\/\/api.w.org\/{rel}","templated":true}]}}