{"id":6665,"date":"2022-05-05T00:20:46","date_gmt":"2022-05-04T22:20:46","guid":{"rendered":"https:\/\/variances.eu\/?p=6665"},"modified":"2022-05-05T00:24:45","modified_gmt":"2022-05-04T22:24:45","slug":"les-francais-et-les-mathematiques-le-niveau-baisse-mais-encore","status":"publish","type":"post","link":"https:\/\/variances.eu\/?p=6665","title":{"rendered":"Les Fran\u00e7ais et les math\u00e9matiques : le niveau baisse, mais encore ?"},"content":{"rendered":"<p>L\u2019\u00e9valuation du niveau des \u00e9l\u00e8ves en math\u00e9matiques est aujourd\u2019hui un enjeu politique crucial \u00e0 l\u2019\u00e9chelle nationale et internationale. En t\u00e9moigne le fait que d\u2019une part des enqu\u00eates \u00e0 la complexit\u00e9 statistique croissante ont \u00e9t\u00e9 mises en place pour fournir estimations et comparaisons de ce niveau \u00e0 diff\u00e9rentes \u00e9chelles, et que d\u2019autre part les r\u00e9sultats de ces enqu\u00eates sont abondamment repris dans le d\u00e9bat public, voire jouent r\u00e9guli\u00e8rement le r\u00f4le d\u2019appui ou de justification \u00e0 l\u2019action publique en mati\u00e8re d\u2019\u00e9ducation.<\/p>\n<p>Afin de d\u00e9passer le simple constat de la baisse du niveau ou de la hausse des in\u00e9galit\u00e9s qui accompagne le plus souvent, dans les m\u00e9dias, l\u2019\u00e9vocation de ces grandes enqu\u00eates, nous allons nous int\u00e9resser aux \u00e9valuations des acquis et des performances en math\u00e9matiques selon diff\u00e9rents angles d\u00e9velopp\u00e9s dans trois articles publi\u00e9s dans variances.eu, aujourd\u2019hui et au cours des prochaines semaines.<\/p>\n<p>Dans ce premier article, nous proposerons <u>une synth\u00e8se des r\u00e9sultats<\/u> des diff\u00e9rentes enqu\u00eates que nous avons pu recenser, avec l\u2019ambition d\u2019aider le lecteur ou la lectrice \u00e0 prendre du recul sur les r\u00e9sultats et \u00e0 se rep\u00e9rer dans le paysage complexe des diff\u00e9rentes \u00e9valuations disponibles. Cette tentative de synth\u00e8se ne pr\u00e9tend pas \u00e0 l\u2019exhaustivit\u00e9 tant les dispositifs d\u2019\u00e9valuation sont aujourd\u2019hui nombreux et tant ils ont vari\u00e9 dans le temps\u00a0: nous avons fait le choix d\u2019\u00e9voquer les enqu\u00eates les plus stables et les plus pr\u00e9sentes dans le d\u00e9bat public relatif \u00e0 l\u2019enseignement des math\u00e9matiques.<\/p>\n<p>Dans un second article, nous pr\u00e9senterons quelques conclusions de notre propre travail sur l\u2019enqu\u00eate TIMSS 2019 pour t\u00e2cher de <u>qualifier le niveau des \u00e9l\u00e8ves fran\u00e7ais en math\u00e9matiques<\/u> au-del\u00e0 du constat d\u2019une baisse absolue dans le temps et d\u2019un retard relatif par rapport aux autres pays.<\/p>\n<p>Enfin, nous proposerons dans un troisi\u00e8me article de faire un pas de c\u00f4t\u00e9 et de nous interroger sur ces enqu\u00eates elles-m\u00eames, en nous int\u00e9ressant aux <u>cons\u00e9quences sur le d\u00e9bat public et sur la gouvernance de l\u2019\u00e9ducation,<\/u> \u00e0 l\u2019\u00e9chelle nationale et internationale, de la multiplication de ces dispositifs d\u2019\u00e9valuation de la performance des \u00e9l\u00e8ves.<\/p>\n<h3><strong>Le niveau d\u2019acquis des \u00e9l\u00e8ves en math\u00e9matiques\u00a0: quelles enqu\u00eates disponibles et quelles sp\u00e9cificit\u00e9s ?<\/strong><\/h3>\n<p>Plusieurs grandes distinctions permettent de classifier les diff\u00e9rents dispositifs d\u2019\u00e9valuation du niveau des \u00e9l\u00e8ves en math\u00e9matiques.<\/p>\n<p>En premier lieu, <u>un crit\u00e8re d\u2019\u00e9chelle<\/u> peut \u00eatre utilis\u00e9 pour distinguer les \u00e9valuations nationales, &#8211; qui permettent d\u2019\u00e9valuer un pays et \u00e9ventuellement d\u2019enregistrer des tendances temporelles -, des \u00e9valuations internationales &#8211; permettant la comparaison entre plusieurs pays (avec, souvent \u00e9galement, une dimension temporelle) -.<\/p>\n<p>Par ailleurs, <u>les \u00e9valuations sur \u00e9chantillon se distinguent des \u00e9valuations g\u00e9n\u00e9ralis\u00e9es<\/u> ; les premi\u00e8res permettent d\u2019inf\u00e9rer les performances de l\u2019ensemble d\u2019une population cible \u00e0 partir de l\u2019\u00e9valuation d\u2019un nombre restreint d\u2019individus (c\u2019est le cas des enqu\u00eates TIMSS et PISA \u00e0 l\u2019\u00e9chelle internationale, ou de l\u2019enqu\u00eate CEDRE \u00e0 l\u2019\u00e9chelle nationale<a href=\"#_ftn1\" name=\"_ftnref1\"><sup>[1]<\/sup><\/a>), tandis que les secondes interrogent l\u2019ensemble de la population cible (c\u2019est par exemple le cas des \u00c9valuations Rep\u00e8res pass\u00e9es en CP, en CE1, en 6\u00e8me et en seconde).<\/p>\n<p>Les dispositifs varient \u00e9galement en fonction du <u>type de savoirs et de savoir-faire<\/u> qu\u2019ils cherchent \u00e0 \u00e9valuer : des chercheurs norv\u00e9giens<a href=\"#_ftn2\" name=\"_ftnref2\"><sup>[2]<\/sup><\/a> ont ainsi montr\u00e9 que les items propos\u00e9s dans TIMSS mettaient davantage en \u0153uvre une connaissance curriculaire<a href=\"#_ftn3\" name=\"_ftnref3\"><sup>[3]<\/sup><\/a> et th\u00e9orique des math\u00e9matiques que les items propos\u00e9s dans PISA, lesquels visent plut\u00f4t \u00e0 \u00e9valuer des comp\u00e9tences et, en particulier, la capacit\u00e9 \u00e0 mobiliser les math\u00e9matiques pour r\u00e9soudre des situations de la vie quotidienne. Ceci est d\u2019ailleurs li\u00e9 \u00e0 la d\u00e9finition de la culture math\u00e9matique pos\u00e9e par l\u2019OCDE : \u201c<em>La culture math\u00e9matique [qu\u2019\u00e9value PISA] est l\u2019aptitude d\u2019un individu \u00e0 formuler, employer et interpr\u00e9ter les math\u00e9matiques dans diff\u00e9rents contextes. Elle inclut la facult\u00e9 de raisonnement math\u00e9matique et la capacit\u00e9 d\u2019utiliser des concepts, des proc\u00e9dures, des faits et des outils math\u00e9matiques pour d\u00e9crire, expliquer et pr\u00e9voir les ph\u00e9nom\u00e8nes<\/em>.\u201d<a href=\"#_ftn4\" name=\"_ftnref4\"><sup>[4]<\/sup><\/a> Un rapport de l\u2019IGEN datant de 2012<a href=\"#_ftn5\" name=\"_ftnref5\"><sup>[5]<\/sup><\/a> fait quant \u00e0 lui remarquer que les donn\u00e9es fournies par l\u2019enqu\u00eate CEDRE sont plus compl\u00e8tes et plus \u201c<em>en phase avec les pratiques de classes en France<\/em>\u201d.<\/p>\n<p>Un autre point qui permet de diff\u00e9rencier les enqu\u00eates du point de vue de leur finalit\u00e9 (et qui influe sur la m\u00e9thodologie ainsi que sur les comp\u00e9tences \u00e9valu\u00e9es) est <u>la distinction entre des \u00e9valuations bilans et des \u00e9valuations diagnostiques<\/u>. Les premi\u00e8res visent \u00e0 fournir une repr\u00e9sentation du niveau atteint par les \u00e9l\u00e8ves \u00e0 un moment donn\u00e9 de la scolarit\u00e9, le plus souvent en fin de cycle. Elles sont la plupart du temps pens\u00e9es \u00e0 de plus grandes \u00e9chelles, et visent \u00e0 fournir des indicateurs sur le fonctionnement des syst\u00e8mes \u00e9ducatifs afin de permettre leur pilotage. Les secondes sont davantage con\u00e7ues comme des outils p\u00e9dagogiques permettant aux acteurs et actrices du monde \u00e9ducatif de situer le niveau de leurs \u00e9l\u00e8ves sur une \u00e9chelle nationale et de r\u00e9agir de mani\u00e8re adapt\u00e9e. Elles sont donc conduites le plus souvent en d\u00e9but ou en cours de cycle et\/ou d\u2019ann\u00e9e scolaire et sont davantage pens\u00e9es \u00e0 l\u2019\u00e9chelle de l\u2019\u00e9l\u00e8ve ou \u00e9ventuellement de la classe. N\u00e9anmoins, la distinction entre ces deux types d\u2019enqu\u00eates a parfois \u00e9t\u00e9 brouill\u00e9e, notamment quand des enqu\u00eates con\u00e7ues comme des \u00e9valuations diagnostiques ont en fait \u00e9t\u00e9 utilis\u00e9es pour \u00e9valuer des entit\u00e9s plus larges, comme l\u2019\u00e9tablissement ou m\u00eame le syst\u00e8me \u00e9ducatif dans son ensemble. Nous reviendrons sur ce point dans un article ult\u00e9rieur.<\/p>\n<p>Enfin, les enqu\u00eates peuvent \u00eatre distingu\u00e9es du point de vue <u>des donn\u00e9es de contexte<\/u> recueillies pour faire sens des performances observ\u00e9es. Si ces diff\u00e9rences semblent s\u2019\u00eatre r\u00e9sorb\u00e9es, on pouvait observer par exemple que l\u2019enqu\u00eate PISA accordait auparavant beaucoup plus d\u2019importance au contexte scolaire en tant que tel que ce n\u2019\u00e9tait le cas dans l\u2019enqu\u00eate TIMSS. En effet, le dispositif PISA pr\u00e9voyait de faire passer un questionnaire au chef d\u2019\u00e9tablissement, alors que TIMSS pr\u00e9voyait \u00e0 l\u2019\u00e9poque de n\u2019interroger directement que les professeurs des disciplines concern\u00e9es (ce n\u2019est plus le cas aujourd\u2019hui).<\/p>\n<p>Ces \u00e9l\u00e9ments distinctifs sont importants pour contextualiser et interpr\u00e9ter les r\u00e9sultats issus des donn\u00e9es disponibles sur l\u2019\u00e9volution du niveau en math\u00e9matiques dans un pays donn\u00e9. Au-del\u00e0 des pr\u00e9cautions m\u00e9thodologiques qui sont toujours de rigueur, \u00a0il convient d\u2019essayer de comprendre pour chaque enqu\u00eate \u00e0 quelles fins explicites et implicites les donn\u00e9es ont \u00e9t\u00e9 produites. Plus g\u00e9n\u00e9ralement, il importe de replacer les choix m\u00e9thodologiques effectu\u00e9s par les diff\u00e9rentes institutions productrices de ces donn\u00e9es dans des contextes politiques nationaux et internationaux pr\u00e9cis. Nous donnerons dans notre troisi\u00e8me article des exemples de la fa\u00e7on dont cela peut \u00eatre fait.<\/p>\n<p>Le tableau suivant permet de r\u00e9capituler et de situer les diff\u00e9rentes enqu\u00eates desquelles nous avons tir\u00e9 nos r\u00e9flexions pour ce premier travail :<\/p>\n<p><img loading=\"lazy\" decoding=\"async\" class=\"aligncenter size-full wp-image-6666\" src=\"https:\/\/variances.eu\/wp-content\/uploads\/2022\/05\/Image1.png\" alt=\"\" width=\"675\" height=\"809\" srcset=\"https:\/\/variances.eu\/wp-content\/uploads\/2022\/05\/Image1.png 675w, https:\/\/variances.eu\/wp-content\/uploads\/2022\/05\/Image1-250x300.png 250w, https:\/\/variances.eu\/wp-content\/uploads\/2022\/05\/Image1-600x719.png 600w\" sizes=\"(max-width: 675px) 100vw, 675px\" \/><\/p>\n<h3><strong>Que nous permettent de conclure ces enqu\u00eates sur l\u2019\u00e9valuation du niveau des \u00e9l\u00e8ves fran\u00e7ais en math\u00e9matiques ?<\/strong><\/h3>\n<p>L\u2019observation des scores moyens obtenus par la France \u00e0 ces diff\u00e9rents dispositifs d\u2019\u00e9valuation du niveau de performance des \u00e9l\u00e8ves en math\u00e9matiques laisse \u00e0 penser qu\u2019il y a effectivement <u>une baisse significative du niveau des \u00e9l\u00e8ves fran\u00e7ais en math\u00e9matiques<\/u> \u00e0 des moments divers de leur scolarit\u00e9. S\u2019il est difficile de comparer des enqu\u00eates qui, nous l\u2019avons vu, mesurent des savoirs et des savoir-faire vari\u00e9s \u00e0 des niveaux scolaires diff\u00e9rents et couvrent des temporalit\u00e9s distinctes, force est de constater qu\u2019en dehors des \u00e9valuations Rep\u00e8res qui traduisent une l\u00e9g\u00e8re hausse du niveau des \u00e9l\u00e8ves sur certaines t\u00e2ches depuis 2018<a href=\"#_ftn6\" name=\"_ftnref6\"><sup>[6]<\/sup><\/a>, toutes les enqu\u00eates que nous avons cit\u00e9es produisent des r\u00e9sultats allant dans le sens d\u2019une d\u00e9gradation sensible du niveau des \u00e9l\u00e8ves fran\u00e7ais en math\u00e9matiques.<\/p>\n<p>Deux enqu\u00eates nous semblent particuli\u00e8rement \u00e9loquentes pour appr\u00e9hender cette tendance sur le long terme :<\/p>\n<ul>\n<li>l\u2019enqu\u00eate \u201cLire, \u00c9crire, Compter\u201d, qui \u00e9value de fa\u00e7on irr\u00e9guli\u00e8re depuis 1987 les comp\u00e9tences en calcul des \u00e9l\u00e8ves en fin de CM2,<\/li>\n<\/ul>\n<ul>\n<li>l\u2019enqu\u00eate PISA qui \u00e9value tous les 3 ans depuis 2000 la capacit\u00e9 des \u00e9l\u00e8ves de 15 ans \u00e0 mobiliser des savoirs math\u00e9matiques pour r\u00e9soudre des situations de la vie quotidienne.<\/li>\n<\/ul>\n<p style=\"padding-left: 80px;\">a. Les r\u00e9sultats de l\u2019enqu\u00eate \u201cLire, \u00c9crire, Compter\u201d sont r\u00e9sum\u00e9s dans une Note d\u2019Information produite par la DEPP<a href=\"#_ftn7\" name=\"_ftnref7\">[7]<\/a> en 2019 (NI 19.08<a href=\"#_ftn8\" name=\"_ftnref8\"><sup>[8]<\/sup><\/a>). Nous en reproduisons ci-dessous un tableau qui permet de constater que la d\u00e9gradation du niveau des \u00e9l\u00e8ves dans une comp\u00e9tence math\u00e9matique de base en fin de primaire est une tendance continue et de long terme. On observe n\u00e9anmoins une baisse des performances l\u00e9g\u00e8rement moins marqu\u00e9e entre 1999 et 2007<a href=\"#_ftn9\" name=\"_ftnref9\"><sup>[9]<\/sup><\/a>.<\/p>\n<p style=\"padding-left: 80px;\">Si l\u2019on s\u2019int\u00e9resse \u00e0 un socle de comp\u00e9tences plus large et \u00e0 des \u00e9chelles de temps plus fines, comme c\u2019est le cas dans l\u2019enqu\u00eate CEDRE, on peut encore affiner et nuancer ce constat : les r\u00e9sultats de l\u2019enqu\u00eate sugg\u00e8rent en effet <u>qu\u2019il n\u2019y aurait pas eu de baisse significative du niveau moyen des \u00e9l\u00e8ves de fin de primaire en math\u00e9matiques entre 2008 et 2014, mais qu\u2019en revanche une baisse serait survenue entre 2014 et 2018<\/u> (NI 20.33<a href=\"#_ftn10\" name=\"_ftnref10\"><sup>[10]<\/sup><\/a>).<\/p>\n<p style=\"text-align: center;\"><em><u>Distributions et scores mesur\u00e9s lors des quatre vagues de l\u2019enqu\u00eate \u201cLire, \u00e9crire, compter\u201d<\/u><\/em><\/p>\n<div id=\"attachment_6668\" style=\"width: 817px\" class=\"wp-caption aligncenter\"><img loading=\"lazy\" decoding=\"async\" aria-describedby=\"caption-attachment-6668\" class=\"wp-image-6668 size-full\" src=\"https:\/\/variances.eu\/wp-content\/uploads\/2022\/05\/t2.png\" alt=\"\" width=\"807\" height=\"276\" srcset=\"https:\/\/variances.eu\/wp-content\/uploads\/2022\/05\/t2.png 807w, https:\/\/variances.eu\/wp-content\/uploads\/2022\/05\/t2-300x103.png 300w, https:\/\/variances.eu\/wp-content\/uploads\/2022\/05\/t2-600x205.png 600w\" sizes=\"(max-width: 807px) 100vw, 807px\" \/><p id=\"caption-attachment-6668\" class=\"wp-caption-text\">Source : MENJ-DEPP, enqu\u00eate \u201cLire, \u00e9crire, compter\u201d \/ R\u00e9f\u00e9rence : Note d\u2019Information, n\u00b019.08, DEPP<\/p><\/div>\n<p style=\"padding-left: 80px;\">b. En ce qui concerne la fin du coll\u00e8ge, les r\u00e9sultats de l\u2019enqu\u00eate PISA indiquent une baisse du niveau moyen des \u00e9l\u00e8ves entre 2000 et 2006, et une relative stagnation depuis (cf le graphique ci-apr\u00e8s). Cette baisse est li\u00e9e \u00e0 une augmentation sensible de la part d\u2019\u00e9l\u00e8ves en difficult\u00e9. On constate \u00e9galement que l\u2019enqu\u00eate PISA place r\u00e9guli\u00e8rement la France proche de la moyenne des pays de l\u2019OCDE. On pourrait en conclure que <u>la capacit\u00e9 \u00e0 mobiliser des outils math\u00e9matiques dans la vie quotidienne ne soit pas la comp\u00e9tence qui se soit le plus d\u00e9grad\u00e9e en France dans la derni\u00e8re d\u00e9cennie<\/u>, ni celle qui place les \u00e9l\u00e8ves fran\u00e7ais dans la plus mauvaise place par rapport \u00e0 leurs homologues internationaux.<\/p>\n<p style=\"padding-left: 80px;\">Ainsi, l\u2019enqu\u00eate CEDRE en fin de coll\u00e8ge et l\u2019enqu\u00eate TIMSS en quatri\u00e8me, qui portent toutes deux sur des connaissances plus curriculaires, sugg\u00e8rent pour la premi\u00e8re une d\u00e9gradation significative du niveau entre 2008 et 2014 puis entre 2014 et 2018, et pour la seconde un classement bien moins avantageux pour la France parmi les pays de l\u2019OCDE que ne le fait PISA. En effet, parmi les pays de l\u2019OCDE, seuls la Nouvelle-Z\u00e9lande et le Chili se classent derri\u00e8re la France en 2019 du point de vue du score en math\u00e9matiques obtenu en moyenne par les \u00e9l\u00e8ves de quatri\u00e8me \u00e0 l\u2019\u00e9valuation TIMSS.<\/p>\n<p style=\"padding-left: 80px;\">L\u2019argument selon lequel les enqu\u00eates internationales comme PISA ne permettraient pas d\u2019\u00e9valuer pertinemment le niveau des \u00e9l\u00e8ves fran\u00e7ais en math\u00e9matiques parce que les comp\u00e9tences qu\u2019elles \u00e9valuent sont trop \u00e9loign\u00e9es du curriculum fran\u00e7ais, et notamment d\u2019une certaine propension de l\u2019enseignement math\u00e9matique fran\u00e7ais \u00e0 valoriser davantage les savoirs abstraits au d\u00e9triment de leur mise en \u0153uvre concr\u00e8te, semble donc \u00eatre loin de d\u00e9crire la r\u00e9alit\u00e9. On observe au contraire que <u>les performances se d\u00e9gradent davantage dans le temps et relativement aux autres pays lorsque l\u2019on \u00e9value les \u00e9l\u00e8ves fran\u00e7ais sur des items qui requi\u00e8rent une connaissance abstraite des contenus math\u00e9matiques<\/u> qui leur sont enseign\u00e9s, ce qui confirme les r\u00e9sultats des chercheurs norv\u00e9giens que nous citions plus haut<a href=\"#_ftn11\" name=\"_ftnref11\"><sup>[11]<\/sup><\/a>.<\/p>\n<p style=\"text-align: center;\"><strong><em>\u00a0<\/em><\/strong><em><u>Tendances des performances moyennes des \u00e9l\u00e8ves fran\u00e7ais dans les trois domaines \u00e9valu\u00e9s par PISA\u00a0: compr\u00e9hension de l\u2019\u00e9crit, math\u00e9matiques et sciences<\/u><\/em><\/p>\n<div id=\"attachment_6669\" style=\"width: 695px\" class=\"wp-caption aligncenter\"><img loading=\"lazy\" decoding=\"async\" aria-describedby=\"caption-attachment-6669\" class=\"wp-image-6669 size-full\" src=\"https:\/\/variances.eu\/wp-content\/uploads\/2022\/05\/t3.png\" alt=\"\" width=\"685\" height=\"313\" srcset=\"https:\/\/variances.eu\/wp-content\/uploads\/2022\/05\/t3.png 685w, https:\/\/variances.eu\/wp-content\/uploads\/2022\/05\/t3-300x137.png 300w, https:\/\/variances.eu\/wp-content\/uploads\/2022\/05\/t3-600x274.png 600w\" sizes=\"(max-width: 685px) 100vw, 685px\" \/><p id=\"caption-attachment-6669\" class=\"wp-caption-text\">Source : OECD, PISA 2018 Database, Tables I. B1.10, B1.11 et B1.12 \/ R\u00e9f\u00e9rence : Notes par pays, R\u00e9sultats du PISA 2018, OCDE<\/p><\/div>\n<p style=\"padding-left: 80px;\">c. Les r\u00e9sultats de l\u2019enqu\u00eate TIMSS Advanced, \u00e0 laquelle la France a particip\u00e9 en 1995 et en 2015, sont \u00e9galement pr\u00e9occupants puisqu\u2019ils interrogent <u>la capacit\u00e9 de notre syst\u00e8me scolaire<\/u> non plus \u00e0 fournir des comp\u00e9tences de base \u00e0 l\u2019ensemble des \u00e9l\u00e8ves, mais <u>\u00e0 s\u00e9lectionner, orienter et former des \u00e9l\u00e8ves sp\u00e9cialis\u00e9s en math\u00e9matiques<\/u>, qui puissent rivaliser avec leurs homologues des autres pays. Si, en 1995, la France s\u2019\u00e9tait class\u00e9e premi\u00e8re du groupe de pays participants<a href=\"#_ftn12\" name=\"_ftnref12\"><sup>[12]<\/sup><\/a> en obtenant le score de 557 \u00e0 un test plus avanc\u00e9 en math\u00e9matiques concernant seulement les classes de Terminale S, elle se place 20 ans plus tard au milieu du groupe des pays participants (5\u00e8me sur 9 pays, notamment derri\u00e8re la Russie et les Etats-Unis) avec un score de 463.<\/p>\n<p>En conclusion, la synth\u00e8se des r\u00e9sultats obtenus par les \u00e9l\u00e8ves fran\u00e7ais aux principales enqu\u00eates \u00e9valuatives du niveau en math\u00e9matiques nous permet de tirer les enseignements suivants :<\/p>\n<ul>\n<li>Il y a de fait une tendance de long terme qui indique <u>une baisse du niveau moyen des \u00e9l\u00e8ves<\/u> \u00e0 diff\u00e9rents stades de la scolarit\u00e9, \u00e0 la fois dans le temps et relativement aux autres pays,<\/li>\n<li>Cette baisse semble surtout concerner <u>l\u2019acquisition des savoirs du curriculum<\/u> et moins la mise en \u0153uvre d\u2019outils math\u00e9matiques dans des situations concr\u00e8tes, au moins depuis une dizaine d\u2019ann\u00e9es,<\/li>\n<li>On constate \u00e9galement <u>une difficult\u00e9 croissante<\/u> du syst\u00e8me scolaire fran\u00e7ais <u>\u00e0 s\u00e9lectionner et former un groupe d\u2019\u00e9l\u00e8ves sp\u00e9cialis\u00e9s<\/u> en math\u00e9matiques \u00e0 la fin de l\u2019enseignement secondaire.<\/li>\n<\/ul>\n<p>Une autre remarque faite par plusieurs observateurs permet de mettre en perspective ces r\u00e9sultats : on observe que les \u00e9l\u00e8ves fran\u00e7ais ont une forte propension, dans ces enqu\u00eates, \u00e0 la non-r\u00e9ponse (laquelle est la plupart du temps comptabilis\u00e9e comme une erreur) et ce notamment lorsque la question n\u00e9cessite l\u2019\u00e9laboration d\u2019une cha\u00eene complexe de raisonnements et non seulement la mobilisation imm\u00e9diate d\u2019un savoir explicitement d\u00e9sign\u00e9. Ceci doit nous inciter \u00e0 pr\u00eater <u>une attention particuli\u00e8re au rapport des jeunes fran\u00e7ais \u00e0 l\u2019erreur en math\u00e9matiques et \u00e0 leur capacit\u00e9 \u00e0 oser s\u2019engager dans des raisonnements math\u00e9matiques plus ambitieux dans le contexte scolaire<\/u><a href=\"#_ftn13\" name=\"_ftnref13\"><sup>[13]<\/sup><\/a>.<\/p>\n<p>&nbsp;<\/p>\n<p><em>Mots-clefs : PISA &#8211; TIMSS &#8211; CEDRE &#8211; math\u00e9matiques &#8211; enseignement<\/em><\/p>\n<hr \/>\n<p><a href=\"#_ftnref1\" name=\"_ftn1\"><sup>[1]<\/sup><\/a> La m\u00e9thodologie de cette enqu\u00eate s\u2019inspire d\u2019ailleurs beaucoup de celle des \u00e9valuations internationales avec notamment un recours \u00e0 la psychom\u00e9trie et \u00e0 la \u201cTh\u00e9orie de R\u00e9ponse \u00e0 l\u2019Item\u201d.<\/p>\n<p><a href=\"#_ftnref2\" name=\"_ftn2\"><sup>[2]<\/sup><\/a> <span style=\"text-decoration: underline;\"><span style=\"color: #0000ff;\"><a style=\"color: #0000ff; text-decoration: underline;\" href=\"https:\/\/www.zotero.org\/google-docs\/?1urJLJ\">Hole, Gr\u00f8nmo, et Onstad, \u00ab\u00a0The dependence on mathematical theory in TIMSS, PISA and TIMSS Advanced test items and its relation to student achievement\u00a0\u00bb.<\/a><\/span><\/span><\/p>\n<p><a href=\"#_ftnref3\" name=\"_ftn3\"><sup>[3]<\/sup><\/a> C\u2019est-\u00e0-dire li\u00e9e au programme, et plus largement aux contenus de l\u2019enseignement.<\/p>\n<p><a href=\"#_ftnref4\" name=\"_ftn4\"><sup>[4]<\/sup><\/a> <span style=\"text-decoration: underline;\"><a href=\"http:\/\/www.oecd.org\"><span style=\"color: #0000ff; text-decoration: underline;\">http:\/\/www.oecd.org<\/span><\/a><\/span><\/p>\n<p><a href=\"#_ftnref5\" name=\"_ftn5\"><sup>[5]<\/sup><\/a> <a href=\"https:\/\/www.zotero.org\/google-docs\/?QKWglU\"><span style=\"text-decoration: underline;\"><span style=\"color: #0000ff; text-decoration: underline;\">Inspection g\u00e9n\u00e9rale de l\u2019\u00e9ducation nationale, \u00ab\u00a0Les \u00e9valuations nationales et internationales sur les acquis des \u00e9l\u00e8ves et sur d\u2019autres dimensions des syst\u00e8mes \u00e9ducatifs\u00a0\u00bb.<\/span><\/span><\/a> Rapport n\u00b02012-056<\/p>\n<p><a href=\"#_ftnref6\" name=\"_ftn6\"><sup>[6]<\/sup><\/a> Ces enqu\u00eates, qui ont \u00e9t\u00e9 abondamment reprises par le minist\u00e8re de l\u2019Education Nationale, notamment pour justifier l\u2019id\u00e9e d\u2019un rattrapage du niveau scolaire apr\u00e8s la pand\u00e9mie, permettent uniquement la comparaison de deux ann\u00e9es successives, et sont d\u2019ailleurs con\u00e7ues initialement davantage comme un outil p\u00e9dagogique \u00e0 l\u2019usage des professeur.e.s (\u00e9valuations diagnostiques) que comme un moyen d\u2019\u00e9valuer le niveau national.<\/p>\n<p><a href=\"#_ftnref7\" name=\"_ftn7\">[7]<\/a> La DEPP (Direction de l\u2019Evaluation de la Performance et de la Prospective) est le service statistique du Minist\u00e8re de l\u2019Education Nationale.<\/p>\n<p><a href=\"#_ftnref8\" name=\"_ftn8\"><sup>[8]<\/sup><\/a> <span style=\"text-decoration: underline;\"><span style=\"color: #0000ff;\"><a style=\"color: #0000ff; text-decoration: underline;\" href=\"https:\/\/www.zotero.org\/google-docs\/?2yGcpM\">DEPP, \u00ab\u00a0L\u2019\u00e9volution des performances en calcul des \u00e9l\u00e8ves de CM2 \u00e0 trente ans d\u2019intervalle (1987-2017)\u00a0\u00bb<\/a><\/span><\/span>, NI 19.08.<\/p>\n<p><a href=\"#_ftnref9\" name=\"_ftn9\"><sup>[9]<\/sup><\/a> Nous pr\u00e9cisons que la m\u00e9thodologie de l\u2019enqu\u00eate garantit la comparabilit\u00e9 des r\u00e9sultats dans le temps en d\u00e9pit de la modification des programmes scolaires.<\/p>\n<p><a href=\"#_ftnref10\" name=\"_ftn10\"><sup>[10]<\/sup><\/a> <span style=\"text-decoration: underline;\"><span style=\"color: #0000ff;\"><a style=\"color: #0000ff; text-decoration: underline;\" href=\"https:\/\/www.zotero.org\/google-docs\/?XyXAyZ\">DEPP, \u00ab\u00a0Cedre 2008-2014-2019 Math\u00e9matiques en fin d\u2019\u00e9cole\u202f: des r\u00e9sultats en baisse\u00a0\u00bb, NI 20.33..<\/a><\/span><\/span><\/p>\n<p><a href=\"#_ftnref11\" name=\"_ftn11\"><sup>[11]<\/sup><\/a> <span style=\"text-decoration: underline;\"><span style=\"color: #0000ff;\"><a style=\"color: #0000ff; text-decoration: underline;\" href=\"https:\/\/www.zotero.org\/google-docs\/?pxztVO\">Hole, Gr\u00f8nmo, et Onstad, \u00ab\u00a0The dependence on mathematical theory in TIMSS, PISA and TIMSS Advanced test items and its relation to student achievement\u00a0\u00bb.<\/a><\/span><\/span><\/p>\n<p><a href=\"#_ftnref12\" name=\"_ftn12\"><sup>[12]<\/sup><\/a> Qui \u00e9taient au nombre de 16 et parmi lesquels figurait la Russie et les Etats-Unis, mais ne figurait aucun pays asiatique.<\/p>\n<p><a href=\"#_ftnref13\" name=\"_ftn13\"><sup>[13]<\/sup><\/a> Cette remarque a d\u2019ailleurs \u00e9t\u00e9 port\u00e9e \u00e0 l\u2019attention de la puissance publique, puisqu\u2019elle figure dans le rapport Villani-Torossian.<\/p>\n","protected":false},"excerpt":{"rendered":"<p>L\u2019\u00e9valuation du niveau des \u00e9l\u00e8ves en math\u00e9matiques est aujourd\u2019hui un enjeu politique crucial \u00e0 l\u2019\u00e9chelle nationale et internationale. En t\u00e9moigne le fait que d\u2019une part des enqu\u00eates \u00e0 la complexit\u00e9 statistique croissante ont \u00e9t\u00e9 mises en place pour fournir estimations et comparaisons de ce niveau \u00e0 diff\u00e9rentes \u00e9chelles, et que d\u2019autre part les r\u00e9sultats de [&hellip;]<\/p>\n","protected":false},"author":408,"featured_media":6671,"comment_status":"open","ping_status":"open","sticky":false,"template":"","format":"standard","meta":{"_et_pb_use_builder":"","_et_pb_old_content":"","_et_gb_content_width":"","_exactmetrics_skip_tracking":false,"_exactmetrics_sitenote_active":false,"_exactmetrics_sitenote_note":"","_exactmetrics_sitenote_category":0,"footnotes":""},"categories":[222],"tags":[],"class_list":["post-6665","post","type-post","status-publish","format-standard","has-post-thumbnail","hentry","category-societe","et-has-post-format-content","et_post_format-et-post-format-standard"],"_links":{"self":[{"href":"https:\/\/variances.eu\/index.php?rest_route=\/wp\/v2\/posts\/6665","targetHints":{"allow":["GET"]}}],"collection":[{"href":"https:\/\/variances.eu\/index.php?rest_route=\/wp\/v2\/posts"}],"about":[{"href":"https:\/\/variances.eu\/index.php?rest_route=\/wp\/v2\/types\/post"}],"author":[{"embeddable":true,"href":"https:\/\/variances.eu\/index.php?rest_route=\/wp\/v2\/users\/408"}],"replies":[{"embeddable":true,"href":"https:\/\/variances.eu\/index.php?rest_route=%2Fwp%2Fv2%2Fcomments&post=6665"}],"version-history":[{"count":0,"href":"https:\/\/variances.eu\/index.php?rest_route=\/wp\/v2\/posts\/6665\/revisions"}],"wp:featuredmedia":[{"embeddable":true,"href":"https:\/\/variances.eu\/index.php?rest_route=\/wp\/v2\/media\/6671"}],"wp:attachment":[{"href":"https:\/\/variances.eu\/index.php?rest_route=%2Fwp%2Fv2%2Fmedia&parent=6665"}],"wp:term":[{"taxonomy":"category","embeddable":true,"href":"https:\/\/variances.eu\/index.php?rest_route=%2Fwp%2Fv2%2Fcategories&post=6665"},{"taxonomy":"post_tag","embeddable":true,"href":"https:\/\/variances.eu\/index.php?rest_route=%2Fwp%2Fv2%2Ftags&post=6665"}],"curies":[{"name":"wp","href":"https:\/\/api.w.org\/{rel}","templated":true}]}}