{"id":6407,"date":"2024-07-18T07:10:51","date_gmt":"2024-07-18T05:10:51","guid":{"rendered":"http:\/\/variances.eu\/?p=6407"},"modified":"2024-11-18T14:06:56","modified_gmt":"2024-11-18T13:06:56","slug":"la-statistique-publique-au-coeur-de-laction-publique-les-enseignements-de-la-crise-sanitaire","status":"publish","type":"post","link":"https:\/\/variances.eu\/?p=6407","title":{"rendered":"La statistique publique au c\u0153ur de l\u2019action publique : les enseignements de la crise sanitaire."},"content":{"rendered":"<p>Cet article a \u00e9t\u00e9 initialement publi\u00e9 dans les Chroniques du Cnis (<span style=\"text-decoration: underline;\"><span style=\"color: #0000ff; text-decoration: underline;\"><a style=\"color: #0000ff; text-decoration: underline;\" href=\"https:\/\/www.cnis.fr\/wp-content\/uploads\/2021\/10\/CNIS-chroniques-27.pdf\">num\u00e9ro 27 &#8211; Octobre 2021<\/a><\/span><\/span>)<\/p>\n<hr \/>\n<p>Les crises, qu\u2019elles soient de nature principalement \u00e9conomique, sanitaire, sociale, environnementale, politique, s\u00e9curitaire ou autre, soulignent encore plus que les p\u00e9riodes ordinaires le besoin de statistiques pour mesurer leurs effets, c\u2019est-\u00e0-dire d\u2019outils aussi pr\u00e9cis que possibles, fiables et capables de rendre compte de la situation en temps r\u00e9el.<\/p>\n<p>L\u2019impact de la crise sanitaire sur la soci\u00e9t\u00e9, l\u2019\u00e9conomie ou sur les territoires, est imm\u00e9diatement devenu un enjeu d\u2019observation et d\u2019analyse de la part du service statistique public (SSP) et <em>a fortiori<\/em> du Conseil national de l&rsquo;information statistique (Cnis). L\u2019Assembl\u00e9e pl\u00e9ni\u00e8re qui s\u2019est tenue le 27 janvier 2021 a naturellement abord\u00e9 ces sujets et, si elle a \u00e9t\u00e9 suivie d\u2019autres contributions r\u00e9trospectives, elle a eu le m\u00e9rite d\u2019en faire ressortir les dimensions les plus significatives comme les plus instructives, identifiant au passage les zones d\u2019ombre et les nouveaux besoins d\u2019information.<\/p>\n<p>L\u2019Assembl\u00e9e pl\u00e9ni\u00e8re du Cnis est traditionnellement l\u2019occasion de pr\u00e9senter aux membres du Conseil et \u00e0 leurs invit\u00e9s le bilan de l\u2019ann\u00e9e \u00e9coul\u00e9e et les travaux pr\u00e9vus pour l\u2019ann\u00e9e \u00e0 venir. C\u2019est autour des enseignements de la crise sanitaire qu\u2019ont \u00e9t\u00e9 organis\u00e9s les \u00e9changes en 2021, \u00e0 partir d\u2019une table ronde d\u2019experts r\u00e9unis en visioconf\u00e9rence et \u00e0 laquelle ont particip\u00e9 Didier Blanchet (Directeur des \u00e9tudes et synth\u00e8ses \u00e9conomiques \u00e0 l\u2019Insee), Xavier Timbeau (Directeur principal \u00e0 l\u2019Observatoire fran\u00e7ais des conjonctures \u00e9conomiques), Fabrice Lenglart (Directeur de la Direction de la recherche des \u00e9tudes, de l\u2019\u00e9valuation et des statistiques, Drees, au minist\u00e8re des Solidarit\u00e9s et de la sant\u00e9), Daniel Benamouzig (Directeur de recherche au CNRS, titulaire de la chaire Sant\u00e9 de Sciences-Po, membre du Conseil scientifique Covid 19<a href=\"#_ftn1\" name=\"_ftnref1\">[1]<\/a>) et Jean-Luc Tavernier (Directeur g\u00e9n\u00e9ral de l\u2019Insee).<\/p>\n<h3><strong>Les impacts de la crise dans le domaine de l\u2019\u00e9conomie\u00a0: quelle place pour la comptabilit\u00e9 nationale\u00a0<\/strong><strong>?<\/strong><\/h3>\n<p>La production de statistiques macro\u00e9conomiques a \u00e9t\u00e9 fortement et imm\u00e9diatement impact\u00e9e par la crise. La mani\u00e8re dont cette production s\u2019est adapt\u00e9e \u00e0 la crise et les le\u00e7ons \u00e0 en tirer en mati\u00e8re de mobilisation de sources non conventionnelles et de r\u00e9flexion sur le cadre conceptuel de la comptabilit\u00e9 nationale sont de ce fait riches d\u2019enseignements.<\/p>\n<p>La note de conjoncture attendue au mois de mars 2020 \u00e9tait pr\u00eate pour \u00eatre publi\u00e9e le 26 du mois, mais avec l\u2019entr\u00e9e en confinement, les pr\u00e9visions avaient perdu toute valeur. L\u2019Insee a d\u00e9cid\u00e9 d\u2019y renoncer et de basculer vers des mesures instantan\u00e9es de l\u2019activit\u00e9 \u00e9conomique, telles que la consommation des m\u00e9nages, \u00e0 p\u00e9riodicit\u00e9 r\u00e9guli\u00e8re. Pour ces \u00e9valuations, les conjoncturistes ont travaill\u00e9 par agr\u00e9gation d\u2019estimations sectorielles issues de remont\u00e9es de terrain, de dires d\u2019expert et de sources qui n\u2019\u00e9taient pas mobilis\u00e9es habituellement telles les transactions par cartes bancaires, donn\u00e9es de consommation d\u2019\u00e9lectricit\u00e9, de fret ferroviaire, &#8230; Ce travail a apport\u00e9 une aide tr\u00e8s cons\u00e9quente pour la production des comptes trimestriels. Le contexte de la crise a confirm\u00e9 l\u2019int\u00e9r\u00eat de la sp\u00e9cificit\u00e9 fran\u00e7aise en comparaison des instituts de statistique des autres pays, d\u2019avoir dans le m\u00eame institut des conjoncturistes et des comptables trimestriels charg\u00e9s de la mesure du pass\u00e9 proche.<\/p>\n<p>S\u2019agissant du recours in\u00e9dit aux sources alternatives et la capacit\u00e9 de ces sources \u00e0 supplanter les modes traditionnels de collecte, leur apport est tr\u00e8s variable. Pour situer plus pr\u00e9cis\u00e9ment l\u2019apport de ces nouvelles sources, il faut en distinguer trois grandes cat\u00e9gories. Tout d&rsquo;abord, les sources qui informent de mani\u00e8re indicative ou \u00ab\u00a0molle\u00a0\u00bb, qui n\u2019ont de valeur ajout\u00e9e que lorsque les sources traditionnelles ne fonctionnent plus. Il s\u2019agit par exemple des donn\u00e9es de Google Trends, d\u00e9j\u00e0 expertis\u00e9es il y a quelques ann\u00e9es par l\u2019Insee. Ces donn\u00e9es sont informatives en cas de crise majeure lorsque leur signal l\u2019emporte sur le bruit et que les sources traditionnelles font d\u00e9faut. Ces donn\u00e9es resteront \u00e0 ce titre dans la bo\u00eete \u00e0 outils, mais elles ont eu plut\u00f4t un r\u00f4le illustratif. Elles ne permettent pas de produire des diagnostics macro\u00e9conomiques, d\u2019autant que l\u2019Insee manque de visibilit\u00e9 quant \u00e0 la mani\u00e8re dont ces donn\u00e9es sont construites.<\/p>\n<p>Ensuite, une cat\u00e9gorie interm\u00e9diaire est constitu\u00e9e des donn\u00e9es \u00e0 haute fr\u00e9quence proches des donn\u00e9es en dur, utilis\u00e9es par l\u2019Insee, qui continueront d\u2019\u00eatre expertis\u00e9es, mais qui pr\u00e9sentent la limite de ne pas mesurer directement les ph\u00e9nom\u00e8nes d\u2019int\u00e9r\u00eat. C\u2019est notamment le cas des donn\u00e9es de consommation d\u2019\u00e9lectricit\u00e9. Elles sont collect\u00e9es de fa\u00e7on syst\u00e9matique, mais il faut les analyser attentivement, car le lien avec l\u2019activit\u00e9 mesur\u00e9e au niveau macro\u00e9conomique est indirect.<\/p>\n<p>La troisi\u00e8me cat\u00e9gorie, la plus pertinente, mesure directement les ph\u00e9nom\u00e8nes d\u2019int\u00e9r\u00eat\u00a0: ce que les gens ach\u00e8tent, produisent, etc. Ces donn\u00e9es sont le pendant des donn\u00e9es administratives qui sont le c\u0153ur de la construction des comptes nationaux. Il s\u2019agit par exemple des donn\u00e9es de caisse de la vente en grandes surfaces, aujourd\u2019hui utilis\u00e9es pour la production de l\u2019indice des prix \u00e0 la consommation mais qui renseignent aussi sur les volumes d\u2019achats. Les donn\u00e9es sur les transactions effectu\u00e9es \u00e0 partir de cartes bancaires, auxquelles l\u2019acc\u00e8s avait \u00e9t\u00e9 jusque-l\u00e0 difficile, ont aussi pu \u00eatre tr\u00e8s largement mobilis\u00e9es.<\/p>\n<p>La question qui se pose d\u00e9sormais est celle de la p\u00e9rennisation des m\u00e9thodes mises en \u0153uvre, car les difficult\u00e9s d\u2019acc\u00e8s aux donn\u00e9es restent nombreuses et il n\u2019est pas toujours facile d\u2019expertiser ces donn\u00e9es, en l\u2019absence d\u2019informations m\u00e9thodologiques d\u00e9taill\u00e9es.<\/p>\n<p>Pour autant, les comptables nationaux ont eu \u00e0 se poser de nombreuses questions sur la fa\u00e7on dont ils mesurent certains pans de l\u2019activit\u00e9 \u00e9conomique, et sur la comparabilit\u00e9 internationale de ces mesures.\u00a0 D\u2019importants sujets de coordination sur la statistique internationale ont \u00e9merg\u00e9 au cours de cette p\u00e9riode. Des questions se sont notamment pos\u00e9es sur la mesure de l\u2019activit\u00e9 dans le secteur public. Au demeurant, m\u00eame si cette derni\u00e8re \u00e9tait mesur\u00e9e de mani\u00e8re parfaitement fiable, on peut s\u2019interroger sur le sens qu\u2019avait son agr\u00e9gation avec l\u2019activit\u00e9 des autres secteurs, dans le contexte tr\u00e8s particulier qu\u2019on a connu. Mesurer ce qu\u2019a \u00e9t\u00e9 l\u2019activit\u00e9 r\u00e9elle des services d\u2019\u00e9ducation et celle des services de sant\u00e9 a \u00e9t\u00e9 et reste une question \u00e9videmment tr\u00e8s importante, pour elle-m\u00eame plus que pour la fa\u00e7on dont la continuit\u00e9 de ces activit\u00e9s aurait contribu\u00e9 \u00e0 lisser la chute du PIB marchand.<\/p>\n<p>Des besoins nouveaux sont apparus en mati\u00e8re de comptabilit\u00e9 nationale. La comptabilit\u00e9 nationale doit donner une repr\u00e9sentation des flux mon\u00e9taires entre des agents, des secteurs ou des cat\u00e9gories d\u2019agents. Il s&rsquo;agit d\u2019\u00e9valuer des circuits d\u2019activit\u00e9, d\u2019\u00e9change, de revenus, et savoir qui solde le choc, qui supporte les pertes et qui est compens\u00e9.<\/p>\n<p>Se pose notamment la question des revenus informels. Durant le confinement strict des mois de mars et avril 2020, une grande part de ces revenus a disparu, dont ceux provenant du baby-sitting, des petits travaux des \u00e9tudiants ou ceux des travailleurs en situation irr\u00e9guli\u00e8re. Ces ruptures peuvent projeter des personnes dans des situations d\u2019extr\u00eame pauvret\u00e9 et n\u00e9cessiter la mise en \u0153uvre de politiques publiques sp\u00e9cifiques pour leur venir en aide, que leur situation sur le territoire soit r\u00e9guli\u00e8re ou non.<\/p>\n<h3><strong>Les impacts de la crise sur le pilotage de l\u2019action publique\u00a0: la centralit\u00e9 des Services Statistiques Minist\u00e9riels (SSM)<\/strong><\/h3>\n<p>En sa qualit\u00e9 de SSM, la Drees a choisi de s\u2019appuyer sur les instruments existants pour \u00e9clairer la crise sanitaire.<\/p>\n<p>De mani\u00e8re innovante, la Drees s\u2019est associ\u00e9e d\u00e8s le mois de mars 2020 avec l\u2019Institut national de la sant\u00e9 et de la recherche m\u00e9dicale (Inserm) pour lancer une grande enqu\u00eate \u00e9pid\u00e9miologique repr\u00e9sentative en population g\u00e9n\u00e9rale, qui cr\u00e9e aussi une cohorte soumise \u00e0 des pr\u00e9l\u00e8vements pour estimer la part de la population infect\u00e9e au moment de la collecte et disposer de donn\u00e9es sur les conditions de vie et les mesures de pr\u00e9vention. Cette enqu\u00eate, appel\u00e9e EpiCov (<span style=\"text-decoration: underline;\"><span style=\"color: #0000ff;\"><a style=\"color: #0000ff; text-decoration: underline;\" href=\"https:\/\/drees.solidarites-sante.gouv.fr\/sources-outils-et-enquetes\/enquete-epicov-epidemiologie-et-conditions-de-vie-sous-le-covid-19\">https:\/\/drees.solidarites-sante.gouv.fr\/sources-outils-et-enquetes\/enquete-epicov-epidemiologie-et-conditions-de-vie-sous-le-covid-19<\/a><\/span><\/span>)<a href=\"#_ftn2\" name=\"_ftnref2\">[2]<\/a>, men\u00e9e avec un soutien tr\u00e8s actif de l\u2019Insee et de Sant\u00e9 Publique France pour les pr\u00e9l\u00e8vements, a produit les seuls r\u00e9sultats qui permettent d\u2019\u00e9valuer la pr\u00e9valence du virus en population g\u00e9n\u00e9rale \u00e0 la sortie du confinement. Elle a produit d\u2019importants r\u00e9sultats sur les cons\u00e9quences sociales de la crise sanitaire et une quatri\u00e8me vague d\u2019enqu\u00eates est programm\u00e9e pour d\u00e9but 2022.<\/p>\n<p>Ainsi, le directeur de la Drees a \u00e9t\u00e9 associ\u00e9 aux discussions avec le Premier Ministre sur les modalit\u00e9s du d\u00e9confinement, charg\u00e9 d\u2019adopter un regard transversal sur la qualit\u00e9 des donn\u00e9es de la crise. En d\u00e9finitive, le SSM du Minist\u00e8re des Solidarit\u00e9s et de la Sant\u00e9 est sorti renforc\u00e9 de la crise. Jusqu&rsquo;\u00e0 pr\u00e9sent, la Drees faisait un m\u00e9tier de production de statistique, d\u2019\u00e9tudes et d\u2019appui aupr\u00e8s des d\u00e9cideurs. Elle est n\u00e9anmoins de plus en plus impliqu\u00e9e dans l\u2019aide des directions op\u00e9rationnelles \u00e0 mieux g\u00e9rer la donn\u00e9e. Par ailleurs, cette crise a r\u00e9v\u00e9l\u00e9 tout l\u2019int\u00e9r\u00eat du r\u00e9seau que constitue le service statistique public. Une partie des services rendus par la Drees n\u2019aurait par exemple pas pu l\u2019\u00eatre sans l\u2019appui de l\u2019Insee ou de la Direction de l\u2019animation de la recherche, des \u00e9tudes et des statistiques (Dares) du minist\u00e8re du Travail. La question statistique est aussi affaire d\u2019action coordonn\u00e9e.<\/p>\n<h3><strong>Information et d\u00e9cision<\/strong><\/h3>\n<p>Si le suivi d\u2019un certain nombre d\u2019indicateurs partiels permet de consolider progressivement une repr\u00e9sentation de l\u2019\u00e9pid\u00e9mie, des questions sur la production des indicateurs \u00e9mergent. En premier lieu sur les liens n\u00e9cessaires pour les construire entre diff\u00e9rents types de comp\u00e9tences, issues de la recherche ou de la statistique notamment. Les r\u00e9seaux des statisticiens et des chercheurs ne communiquent pas toujours tr\u00e8s bien entre eux. Le second \u00e9l\u00e9ment concerne le temps que n\u00e9cessite la production d\u2019indicateurs nouveaux et de nouvelles mesures, temps qui est parfois sup\u00e9rieur \u00e0 ce qu\u2019exigent les besoins et l\u2019urgence de la situation.<\/p>\n<p>En ce qui concerne le d\u00e9bat public, la crise entra\u00eene un tr\u00e8s haut niveau d\u2019exposition m\u00e9diatique qui impose conjointement au Conseil scientifique Covid-19, charg\u00e9 de conseiller le gouvernement, de communiquer et en m\u00eame temps de se prot\u00e9ger contre des attaques et critiques souvent aussi p\u00e9remptoires que contradictoires. Ce contexte soul\u00e8ve des difficult\u00e9s \u00e9videntes de positionnement, y compris \u00e0 propos des donn\u00e9es ou des raisonnements que mobilise le Conseil scientifique. La statistique ne pouvait pas \u00e9chapper \u00e0 ce contexte de d\u00e9fiance et de doute, sa cr\u00e9dibilit\u00e9 ne tenant plus seulement \u00e0 la robustesse de ce qu\u2019elle produit ou diffuse.<\/p>\n<h3><strong>Retour vers le futur\u00a0: le\u00e7ons pour l\u2019avenir<\/strong><\/h3>\n<p>\u00c0 la fin de ce panorama non exhaustif de r\u00e9ponses et enseignements li\u00e9s \u00e0 la crise sanitaire, une vision transversale est utile. En l\u2019\u00e9tat, l\u2019agilit\u00e9 du syst\u00e8me statistique constitue \u00e0 l\u2019\u00e9vidence un aspect strat\u00e9gique. La coop\u00e9ration avec les acteurs priv\u00e9s, parfois nou\u00e9e dans l\u2019urgence, doit \u00eatre p\u00e9rennis\u00e9e et s\u2019inscrire dans un ensemble de r\u00e8gles claires et partag\u00e9es. Les discussions se poursuivent avec le groupement des cartes bancaires. Les statisticiens souhaitent acc\u00e9der aux donn\u00e9es individuelles, mais se posent des questions de confidentialit\u00e9, de respect du r\u00e8glement g\u00e9n\u00e9ral sur la protection des donn\u00e9es (RGPD), du r\u00e8glement europ\u00e9en \u00ab\u00a0e-privacy\u00a0\u00bb (ce dernier \u00e9tablit les r\u00e8gles relatives \u00e0 la protection des libert\u00e9s et droits fondamentaux en ce qui concerne la fourniture et l\u2019utilisation de services de communication \u00e9lectroniques).<\/p>\n<p>Enfin, se pose la question des lacunes et des carences. Le premier point est que, pour des raisons historiques, nationales et sans doute europ\u00e9ennes, puisqu\u2019il n\u2019y a pas de r\u00e8glement europ\u00e9en pour la statistique conjoncturelle sur la sant\u00e9, il faudrait qu\u2019elle soit davantage inscrite dans le p\u00e9rim\u00e8tre d\u2019influence de la statistique publique.<\/p>\n<p>Le deuxi\u00e8me sujet de carence concerne l\u2019observation en temps r\u00e9el de la distribution des revenus et l\u2019apparition de poches de pauvret\u00e9. Concernant les revenus informels, il est durablement impossible d\u2019observer si les personnes ayant des revenus non d\u00e9clar\u00e9s sont les plus affect\u00e9es par la situation de crise sanitaire. Les dispositifs de politique publique ne permettent pas, par construction, de prendre en charge la perte de revenu associ\u00e9e \u00e0 cette situation.<\/p>\n<h3><strong>La statistique publique au c\u0153ur de l\u2019action publique<\/strong><\/h3>\n<p>La crise sanitaire actuelle n\u2019a fait que rendre les probl\u00e8mes sociaux actuels plus aigus et par l\u00e0 m\u00eame en souligner les difficult\u00e9s de gestion. Le c\u0153ur de l\u2019action publique est d\u00e9sormais constitu\u00e9 par le traitement de\u00a0probl\u00e8mes sociaux caract\u00e9ris\u00e9s par leur <em>ambigu<\/em><em>\u00eft\u00e9<\/em> et leur <em>ind\u00e9termination<\/em>.<\/p>\n<p>Le positionnement de la statistique est de ce fait fortement embl\u00e9matique des enjeux actuels de la gestion publique qui rel\u00e8vent du triple registre de la <em>connaissance<\/em>, de l\u2019<em>action<\/em> et du <em>contr\u00f4le<\/em>. La pand\u00e9mie en est une parfaite illustration. La place de l\u2019outil statistique dans le pilotage de l\u2019action publique est d\u00e9sormais d\u00e9cisive que ce soit pour en permettre l\u2019\u00e9tude et en am\u00e9liorer la qualit\u00e9 ou en assurer une visibilit\u00e9 qui participe d\u2019une bonne d\u00e9mocratie. S\u2019il ne peut y avoir d\u2019action publique pertinente sans recours \u00e0 une connaissance empirique fine des soci\u00e9t\u00e9s, c\u2019est aussi la capacit\u00e9 des parties prenantes \u00e0 pouvoir s\u2019en saisir qui est aujourd\u2019hui en question pour la production de politiques publiques efficientes et efficaces.<\/p>\n<p>La recherche de l\u2019information pertinente implique tout \u00e0 la fois des cat\u00e9gories statistiques et une capacit\u00e9 de mesure qui s\u2019incarne dans des indicateurs, donc la mobilisation d\u2019institutions susceptibles de produire et garantir cette comp\u00e9tence, une spatialisation de leurs impacts, une imputation des responsabilit\u00e9s et une r\u00e9flexion sur la place des autorit\u00e9s publiques dans leur production. Ce sont bien l\u00e0 les raisons qui expliquent aujourd\u2019hui la centralit\u00e9 de la question statistique dans toute r\u00e9flexion sur l\u2019action publique. Et le Cnis y a toute sa place.<\/p>\n<p>&nbsp;<\/p>\n<p><em>Mots-cl\u00e9s : politiques publiques &#8211; service statistique publique &#8211; crise sanitaire &#8211; France<\/em><\/p>\n<p>&nbsp;<\/p>\n<p><em>Cet article a \u00e9t\u00e9 initialement publi\u00e9 le 31 janvier 2022.<\/em><\/p>\n<hr \/>\n<p><a href=\"#_ftnref1\" name=\"_ftn1\">[1] <\/a>Comit\u00e9 de scientifiques constitu\u00e9 au titre de l\u2019urgence sanitaire, par d\u00e9cret du 3 avril 2020.<\/p>\n<p><a href=\"#_ftnref2\" name=\"_ftn2\">[2]<\/a> NDLR : voir aussi l\u2019article de J-F Royer, <span style=\"text-decoration: underline;\"><span style=\"color: #0000ff;\"><a style=\"color: #0000ff; text-decoration: underline;\" href=\"http:\/\/variances.eu\/?p=6257\">http:\/\/variances.eu\/?p=6257<\/a><\/span><\/span><\/p>\n","protected":false},"excerpt":{"rendered":"<p>Cet article a \u00e9t\u00e9 initialement publi\u00e9 dans les Chroniques du Cnis (num\u00e9ro 27 &#8211; Octobre 2021) Les crises, qu\u2019elles soient de nature principalement \u00e9conomique, sanitaire, sociale, environnementale, politique, s\u00e9curitaire ou autre, soulignent encore plus que les p\u00e9riodes ordinaires le besoin de statistiques pour mesurer leurs effets, c\u2019est-\u00e0-dire d\u2019outils aussi pr\u00e9cis que possibles, fiables et capables [&hellip;]<\/p>\n","protected":false},"author":393,"featured_media":6408,"comment_status":"open","ping_status":"open","sticky":false,"template":"","format":"standard","meta":{"_et_pb_use_builder":"","_et_pb_old_content":"","_et_gb_content_width":"","_exactmetrics_skip_tracking":false,"_exactmetrics_sitenote_active":false,"_exactmetrics_sitenote_note":"","_exactmetrics_sitenote_category":0,"footnotes":""},"categories":[120,18],"tags":[],"class_list":["post-6407","post","type-post","status-publish","format-standard","has-post-thumbnail","hentry","category-sante","category-statistiques","et-has-post-format-content","et_post_format-et-post-format-standard"],"_links":{"self":[{"href":"https:\/\/variances.eu\/index.php?rest_route=\/wp\/v2\/posts\/6407","targetHints":{"allow":["GET"]}}],"collection":[{"href":"https:\/\/variances.eu\/index.php?rest_route=\/wp\/v2\/posts"}],"about":[{"href":"https:\/\/variances.eu\/index.php?rest_route=\/wp\/v2\/types\/post"}],"author":[{"embeddable":true,"href":"https:\/\/variances.eu\/index.php?rest_route=\/wp\/v2\/users\/393"}],"replies":[{"embeddable":true,"href":"https:\/\/variances.eu\/index.php?rest_route=%2Fwp%2Fv2%2Fcomments&post=6407"}],"version-history":[{"count":4,"href":"https:\/\/variances.eu\/index.php?rest_route=\/wp\/v2\/posts\/6407\/revisions"}],"predecessor-version":[{"id":8387,"href":"https:\/\/variances.eu\/index.php?rest_route=\/wp\/v2\/posts\/6407\/revisions\/8387"}],"wp:featuredmedia":[{"embeddable":true,"href":"https:\/\/variances.eu\/index.php?rest_route=\/wp\/v2\/media\/6408"}],"wp:attachment":[{"href":"https:\/\/variances.eu\/index.php?rest_route=%2Fwp%2Fv2%2Fmedia&parent=6407"}],"wp:term":[{"taxonomy":"category","embeddable":true,"href":"https:\/\/variances.eu\/index.php?rest_route=%2Fwp%2Fv2%2Fcategories&post=6407"},{"taxonomy":"post_tag","embeddable":true,"href":"https:\/\/variances.eu\/index.php?rest_route=%2Fwp%2Fv2%2Ftags&post=6407"}],"curies":[{"name":"wp","href":"https:\/\/api.w.org\/{rel}","templated":true}]}}