{"id":6246,"date":"2021-11-15T07:15:05","date_gmt":"2021-11-15T05:15:05","guid":{"rendered":"http:\/\/variances.eu\/?p=6246"},"modified":"2021-11-15T09:02:02","modified_gmt":"2021-11-15T07:02:02","slug":"statistique-et-interet-collectif-lapproche-r","status":"publish","type":"post","link":"https:\/\/variances.eu\/?p=6246","title":{"rendered":"Statistique et int\u00e9r\u00eat collectif : l\u2019approche R!"},"content":{"rendered":"<p><em>Nous entrons dans une campagne pr\u00e9sidentielle qui sera comme chaque fois un moment d<\/em>\u2019<em>intenses d\u00e9bats plus ou moins bien aliment\u00e9s en statistiques sur les grands d\u00e9fis de la collectivit\u00e9 nationale. Ce sera l<\/em>\u2019<em>occasion de red\u00e9couvrir combien nos d\u00e9bats sont polaris\u00e9s et peu constructifs. Cet article d\u00e9crit le lancement ce mois-ci de la plateforme collaborative R! pour \u00ab\u00a0R\u00e9concilions-nous\u00a0<\/em><em>! \u00bb qui veut nous redonner le go\u00fbt du d\u00e9bat constructif d<\/em>\u2019<em>int\u00e9r\u00eat collectif, et ce que cette approche apporte sur le th\u00e8me de la statistique.<\/em><\/p>\n<h3><strong>Le caract\u00e8re peu constructif de nos discussions politiques<\/strong><\/h3>\n<p>Le d\u00e9bat collectif est de plus en plus cliv\u00e9. Nous partageons probablement l\u2019objectif politique au niveau le plus g\u00e9n\u00e9ral\u00a0: celui d\u2019une France et d\u2019une plan\u00e8te meilleures \u00e0 vivre pour tous. Mais nous avons de plus en plus de mal \u00e0 d\u00e9battre de ce qui f\u00e2che sans nous f\u00e2cher et de fa\u00e7on constructive. La campagne de l\u2019\u00e9lection pr\u00e9sidentielle qui s\u2019ouvre est un moment important de discussion sur nos d\u00e9fis collectifs, mais le risque existe de passer moins de temps sur les grands d\u00e9fis du pays que sur les d\u00e9fauts de tel ou telle candidat ou candidate.<\/p>\n<p>Nos discussions ressemblent souvent \u00e0 des duels o\u00f9 l\u2019on cherche \u00e0 blesser l\u2019adversaire plut\u00f4t qu\u2019\u00e0 voir ce qui peut faire compromis, et les statistiques sont souvent les armes de ces duels. La tendance est plut\u00f4t \u00e0 l\u2019aggravation des fractures.<\/p>\n<h3><strong>La plateforme R! au service de la discussion-n\u00e9gociation<\/strong><\/h3>\n<p>La plateforme collaborative R! (R! pour R\u00e9concilions-nous\u00a0!) est cr\u00e9\u00e9e ce mois de novembre (<span style=\"text-decoration: underline;\"><span style=\"color: #0000ff;\"><a style=\"color: #0000ff; text-decoration: underline;\" href=\"https:\/\/reconcilions-nous.fr\">reconcilions-nous.fr<\/a><\/span><\/span>). Elle cherche \u00e0 redonner le go\u00fbt de la discussion-n\u00e9gociation, en la rendant ludique et efficace. Tous les th\u00e8mes peuvent \u00eatre discut\u00e9s sur R! et 200 sont d\u00e9j\u00e0 ouverts\u00a0: les incontournables (Politique, Argent, Viabilit\u00e9 de la plan\u00e8te, \u2026) et d\u2019autres plus inattendus, comme l\u2019Orthographe ou les Statues (celles qu\u2019on \u00e9rige et celles qu\u2019on renverse). Mais il ne suffit pas d\u2019ouvrir des discussions sur une page, car il est facile d\u2019enliser une discussion. L\u2019originalit\u00e9 de R! est sa m\u00e9thode pour rendre les discussions constructives.<\/p>\n<ul>\n<li>Une question par page<\/li>\n<\/ul>\n<p>Une premi\u00e8re fa\u00e7on d\u2019enliser une discussion est de m\u00e9langer les th\u00e8mes. Chaque th\u00e8me sur R! est donc trait\u00e9 sur une page diff\u00e9rente avec pour chacun la m\u00eame question : quels probl\u00e8mes d\u2019<span style=\"text-decoration: underline;\"><span style=\"color: #0000ff;\"><a style=\"color: #0000ff; text-decoration: underline;\" href=\"https:\/\/reconcilions-nous.fr\/pcps\/interet-collectif-ou-general\/\">int\u00e9r\u00eat collectif<\/a><\/span><\/span> pose le th\u00e8me et quels d\u00e9fis mobilisateurs et consensuels en tirer ? Les th\u00e8mes connexes sont renvoy\u00e9s \u00e0 leur propre page, et les discussions sur la faisabilit\u00e9 du d\u00e9fi sont renvoy\u00e9es sur la page de ce d\u00e9fi\u00a0: le constat pos\u00e9 sur le th\u00e8me est s\u00e9par\u00e9 des solutions possibles.<\/p>\n<ul>\n<li>Une avance par \u00e9tape<\/li>\n<\/ul>\n<p>Une seconde fa\u00e7on de brouiller une discussion est de m\u00e9langer le constat et les solutions, le long terme et le tr\u00e8s court terme. R\u00a0! se construit par \u00e9tapes. La page de chaque d\u00e9fi ne pose \u00e0 son tour qu\u2019une seule et m\u00eame question, sur les probl\u00e8mes que soul\u00e8ve le d\u00e9fi et leurs r\u00e9ponses de long terme. Chaque r\u00e9ponse de long terme a sa propre page sur laquelle on discute d\u2019actions \u00e0 court terme pour avancer vers la r\u00e9ponse (si elle est consensuelle) ou la tester (si elle ne l\u2019est pas). Puis chaque action a sa propre page. On a donc trois \u00e9tapes sur chaque th\u00e8me, consacr\u00e9es respectivement aux d\u00e9fis, aux solutions long terme, et aux actions imm\u00e9diates.<\/p>\n<ul>\n<li>Une construction collective<\/li>\n<\/ul>\n<p>Le texte de chaque page est discut\u00e9 et modifi\u00e9 en continu, \u00e0 partir de la ou des discussions organis\u00e9es dans le forum au bas de la page. Ce forum est ouvert \u00e0 (et visible de) tous les inscrits sur le site. Il est anim\u00e9 par un ou une b\u00e9n\u00e9vole R! qui facilite les dialogues et fait \u00e9merger de quoi construire puis am\u00e9liorer le texte de la page.<\/p>\n<ul>\n<li>Des discussions-n\u00e9gociations non partisanes<\/li>\n<\/ul>\n<p>Une autre fa\u00e7on de rendre une discussion peu constructive est d\u2019en faire un affrontement. Les discussions sur R! sont conduites dans l\u2019optique d\u2019essayer de se mettre d&rsquo;accord. Des b\u00e9n\u00e9voles y veillent pour \u00e9viter tout d\u00e9rapage agressif ou partisan en s\u2019appuyant sur la charte du site. R! privil\u00e9gie les arguments, \u00e9vite les attaques sur des personnes ou des groupes de personnes, et \u00e9vite m\u00eame les jugements, positifs ou n\u00e9gatifs, sur un parti ou une personne politique : ils polarisent inutilement les participants, qui ont d\u00e9j\u00e0 \u00e0 leur disposition bien d\u2019autres r\u00e9seaux que R! pour mener des discussions partisanes ou agressives.<\/p>\n<ul>\n<li>Des textes brefs et clairs<\/li>\n<\/ul>\n<p>Une derni\u00e8re fa\u00e7on de bloquer la discussion est de la restreindre aux sp\u00e9cialistes. Chaque texte doit \u00eatre clair, simple et court pour rester discutable par tous et am\u00e9liorable par chacun. Les auteurs des id\u00e9es pr\u00e9sent\u00e9es sont renvoy\u00e9s \u00e0 des pages d\u2019enrichissement. Entre sp\u00e9cialistes, les noms des grands penseurs sont des raccourcis utiles ; mais dans une discussion associant des non-sp\u00e9cialistes, ce sont des barri\u00e8res, des arguments d\u2019autorit\u00e9 ou des marques de sup\u00e9riorit\u00e9\u00a0(un non-sp\u00e9cialiste n\u2019osera pas corriger une id\u00e9e attribu\u00e9e \u00e0 Pascal, un sp\u00e9cialiste va contester que Pascal ait vraiment voulu dire \u00e7a, et la discussion tournera au d\u00e9bat de sp\u00e9cialistes).<\/p>\n<h3><strong>Une illustration concr\u00e8te : statistique et int\u00e9r\u00eat collectif<\/strong><\/h3>\n<p>La suite de cet article reprend le th\u00e8me <span style=\"text-decoration: underline;\"><span style=\"color: #0000ff;\"><a style=\"color: #0000ff;\" href=\"https:\/\/reconcilions-nous.fr\/pcps\/statistique\/\"><strong>Statistique<\/strong><\/a><\/span><\/span> tel qu\u2019il figure dans R! \u00e0 la date de parution dans Variances. Ce th\u00e8me a \u00e9t\u00e9 \u00e9bauch\u00e9 en priorit\u00e9, compte tenu de l\u2019importance des chiffres dans les discussions politiques, et aussi de la formation statistique de plusieurs personnes \u00e0 l\u2019origine de R!<\/p>\n<h5 style=\"padding-left: 40px;\">Quels probl\u00e8mes d\u2019<span style=\"text-decoration: underline;\"><span style=\"color: #0000ff;\"><a style=\"color: #0000ff; text-decoration: underline;\" href=\"https:\/\/reconcilions-nous.fr\/pcps\/interet-collectif-ou-general\/\">int\u00e9r\u00eat collectif<\/a><\/span><\/span> posent la statistique et les chiffres et quels d\u00e9fis mobilisateurs en tirer ?<\/h5>\n<ul>\n<li style=\"list-style-type: none;\">\n<ul>\n<li>\n<h6>Les chiffres de nos grands d\u00e9bats collectifs<\/h6>\n<\/li>\n<\/ul>\n<\/li>\n<\/ul>\n<p style=\"padding-left: 40px;\">Comment avoir les bonnes statistiques pour nos grands d\u00e9bats collectifs ? O\u00f9 avons-nous des \u201ctrous dans la raquette\u201d ? Un d\u00e9fi serait <span style=\"text-decoration: underline;\"><span style=\"color: #0000ff;\"><a style=\"color: #0000ff;\" href=\"https:\/\/reconcilions-nous.fr\/pcps\/une-verification-non-partisane-que-nos-statistiques-correspondent-aux-besoins-des-debats-nationaux\/\"><strong>l\u2019alimentation non partisane en chiffres des d\u00e9bats nationaux<\/strong><\/a><\/span><\/span><strong>. <\/strong><\/p>\n<p style=\"padding-left: 40px;\">Plus pr\u00e9cis\u00e9ment, un d\u00e9s\u00e9quilibre dans nos statistiques vient du <span style=\"text-decoration: underline;\"><span style=\"color: #0000ff;\"><a style=\"color: #0000ff; text-decoration: underline;\" href=\"https:\/\/reconcilions-nous.fr\/pcps\/morale-collective\/\">d\u00e9s\u00e9quilibre dans nos valeurs<\/a><\/span><\/span> (discut\u00e9 ailleurs) entre valeur marchande et valeurs morales : nos \u00e9changes marchands s\u2019appuient sur des statistiques abondantes, mais il subsiste des lacunes statistiques sur d\u2019autres th\u00e8mes, en d\u00e9pit d\u2019\u00e9volutions positives (les probl\u00e8mes et les d\u00e9fis concern\u00e9s sont discut\u00e9s sur chacun des th\u00e8mes) :<\/p>\n<ol>\n<li style=\"list-style-type: none;\">\n<ol>\n<li>Le <span style=\"text-decoration: underline;\"><span style=\"color: #0000ff;\"><a style=\"color: #0000ff; text-decoration: underline;\" href=\"https:\/\/reconcilions-nous.fr\/pcps\/viabilite-de-la-planete\/\">d\u00e9r\u00e8glement climatique<\/a><\/span><\/span>, pour mieux int\u00e9grer la mesure de la nature<strong>.<\/strong><\/li>\n<li>Le <span style=\"text-decoration: underline;\"><span style=\"color: #0000ff;\"><a style=\"color: #0000ff; text-decoration: underline;\" href=\"https:\/\/reconcilions-nous.fr\/pcps\/travail-en-construction\/\">travail<\/a><\/span><\/span>, pour mieux int\u00e9grer la mesure de la qualit\u00e9 du travail.<\/li>\n<li><a href=\"https:\/\/reconcilions-nous.fr\/pcps\/mesure-dune-vie-meilleure-pour-tous\/https:\/reconcilions-nous.fr\/pcps\/mesure-dune-vie-meilleure-pour-tous\/\"><span style=\"text-decoration: underline;\"><span style=\"color: #0000ff; text-decoration: underline;\">La croissance<\/span><\/span><\/a> avec une mesure partag\u00e9e du progr\u00e8s humain<a href=\"https:\/\/reconcilions-nous.fr\/pcps\/mesure-dune-vie-meilleure-pour-tous\/\">.<\/a><\/li>\n<li><a href=\"https:\/\/reconcilions-nous.fr\/pcps\/securite-et-violence-humaine\/\"><span style=\"text-decoration: underline;\"><span style=\"color: #0000ff; text-decoration: underline;\">La s\u00e9curit\u00e9<\/span><\/span><\/a> et le besoin de nous accorder sur une mesure du sentiment d\u2019ins\u00e9curit\u00e9.<\/li>\n<li><a href=\"https:\/\/reconcilions-nous.fr\/pcps\/immigration\/\"><span style=\"text-decoration: underline;\"><span style=\"color: #0000ff; text-decoration: underline;\">L\u2019immigration<\/span><\/span><\/a> avec le besoin de chiffres qui nous rapprochent sur son impact.<\/li>\n<\/ol>\n<\/li>\n<\/ol>\n<p style=\"padding-left: 40px;\">La Covid 19 a illustr\u00e9 une autre attente : des chiffres pour suivre les situations d\u2019urgence et de mobilisation nationale, \u00e0 int\u00e9grer dans le d\u00e9fi de <span style=\"text-decoration: underline; color: #0000ff;\"><a style=\"color: #0000ff;\" href=\"https:\/\/reconcilions-nous.fr\/pcps\/saccorder-sur-les-pouvoirs-durgence\/\">s\u2019accorder sur ce qu\u2019entraine une urgence nationale<\/a>.<\/span><\/p>\n<ul>\n<li style=\"list-style-type: none;\">\n<ul>\n<li>\n<h6>Mesurer les diff\u00e9rences ? Le risque de communautarisme contre le risque de discrimination<\/h6>\n<\/li>\n<\/ul>\n<\/li>\n<\/ul>\n<p style=\"padding-left: 40px;\">L\u2019int\u00e9r\u00eat national est de bien vivre ensemble dans notre diversit\u00e9. Les statistiques peuvent nous aider \u00e0 identifier des probl\u00e8mes\u2026 ou les aggraver. Les probl\u00e8mes li\u00e9s \u00e0 l\u2019islam et aux religions, ceux li\u00e9s aux discriminations raciales sont aussi discut\u00e9s ailleurs, et conduisent \u00e0 une interrogation : mieux suivre les r\u00e9alit\u00e9s par religion ou par couleur de peau aggraverait-il les clivages ou les discriminations, ou aiderait-il \u00e0 les r\u00e9sorber ? La tradition fran\u00e7aise est la tr\u00e8s grande prudence sur les statistiques scientifiques religieuses ou ethniques. Mais parall\u00e8lement la libert\u00e9 reste la r\u00e8gle pour les sondages d\u2019opinion sur ces questions sensibles, alors que ces outils sont scientifiquement fragiles et souvent partisans. Le d\u00e9bat collectif s\u2019en trouve d\u00e9s\u00e9quilibr\u00e9. Un d\u00e9fi serait de disposer de <a href=\"https:\/\/reconcilions-nous.fr\/pcps\/faciliter-les-statistiques-scientifiques-sur-les-questions-religieuses-et-ethniques\/\"><span style=\"color: #0000ff;\"><span style=\"text-decoration: underline;\">statistiques scientifiques sur les questions religieuses et ethniques<\/span><\/span><\/a>.<\/p>\n<ul>\n<li style=\"list-style-type: none;\">\n<ul>\n<li>\n<h6>Des chiffres ind\u00e9pendants des int\u00e9r\u00eats particuliers ou partisans<\/h6>\n<\/li>\n<\/ul>\n<\/li>\n<\/ul>\n<p style=\"padding-left: 40px;\">Les chiffres sont indispensables au d\u00e9bat collectif. Faciles \u00e0 m\u00e9moriser et \u00e0 utiliser, ils donnent un air de v\u00e9rit\u00e9 scientifique \u00e0 ce qu\u2019on dit. Mais ils sont donc r\u00e9guli\u00e8rement tordus par des int\u00e9r\u00eats particuliers ou des int\u00e9r\u00eats politiques partisans. Prot\u00e9ger nos d\u00e9bats renvoie au d\u00e9fi <span style=\"text-decoration: underline;\"><span style=\"color: #0000ff;\"><a style=\"color: #0000ff; text-decoration: underline;\" href=\"https:\/\/reconcilions-nous.fr\/pcps\/developper-des-institutions-independantes-qui-certifient-quune-information-utilisee-dans-le-debat-politique-est-vraie\/\">d\u2019institutions ind\u00e9pendantes qui certifient la qualit\u00e9 des informations du d\u00e9bat collectif<\/a><\/span><\/span>. C\u2019est particuli\u00e8rement important pour les sondages d\u2019opinion politiques.<\/p>\n<p style=\"padding-left: 40px;\">Les <span style=\"text-decoration: underline;\"><span style=\"color: #0000ff;\"><a style=\"color: #0000ff; text-decoration: underline;\" href=\"https:\/\/reconcilions-nous.fr\/pcps\/science\/\">sciences sociales<\/a><\/span><\/span> et notamment l\u2019<span style=\"text-decoration: underline; color: #0000ff;\"><a style=\"color: #0000ff; text-decoration: underline;\" href=\"https:\/\/reconcilions-nous.fr\/pcps\/economie\/\">\u00e9conomie<\/a><\/span> produisent beaucoup de statistiques utilis\u00e9es dans les d\u00e9bats sur des d\u00e9cisions collectives de fa\u00e7on p\u00e9remptoire. Mais ni la statistique, ni aucune science sociale ne peuvent trancher seules un d\u00e9bat : elles ne peuvent jamais d\u00e9crire exactement ce qui va se passer et ce que vont faire des personnes, seulement l\u2019\u00e9clairer. Elles ne disent pas ce qui est vrai, elles proposent seulement des sc\u00e9narios \u00e0 interpr\u00e9ter avec prudence. Le d\u00e9fi serait que <span style=\"text-decoration: underline;\"><span style=\"color: #0000ff;\"><a style=\"color: #0000ff; text-decoration: underline;\" href=\"https:\/\/reconcilions-nous.fr\/pcps\/les-scientifiques-des-sciences-de-lhomme-et-ceux-qui-utilisent-leurs-travaux-en-donnent-le-mode-demploi\/\">les statisticiens et ceux qui utilisent leurs travaux donnent toujours le mode d\u2019emploi de leurs r\u00e9sultats<\/a><\/span><\/span>, notamment sur les limites de leur utilisation pour des d\u00e9cisions.<\/p>\n<ul>\n<li style=\"list-style-type: none;\">\n<ul>\n<li>\n<h6>L\u2019anonymat de nos donn\u00e9es personnelles<\/h6>\n<\/li>\n<\/ul>\n<\/li>\n<\/ul>\n<p style=\"padding-left: 40px;\">La protection de <span style=\"text-decoration: underline;\"><span style=\"color: #0000ff;\"><a style=\"color: #0000ff; text-decoration: underline;\" href=\"https:\/\/reconcilions-nous.fr\/pcps\/domaine-prive\/\">notre domaine priv\u00e9 <\/a><\/span><\/span>et de nos donn\u00e9es personnelles est une autre source d\u2019inqui\u00e9tude : que va-t-on faire de cette collecte de donn\u00e9es personnelles plus gigantesque chaque ann\u00e9e ? Les croisements de donn\u00e9es publiques sont soumis \u00e0 des r\u00e8gles l\u00e9gales qui interdisent de remonter \u00e0 des donn\u00e9es personnelles, sauf int\u00e9r\u00eat national. Mais ces donn\u00e9es sont de plus en plus collect\u00e9es par des entit\u00e9s priv\u00e9es pour des raisons marchandes, sans vrai contr\u00f4le sur leur croisement en d\u00e9pit des r\u00e8gles nouvelles (RGPD). Le d\u00e9fi serait de <span style=\"text-decoration: underline; color: #0000ff;\"><a style=\"color: #0000ff; text-decoration: underline;\" href=\"https:\/\/reconcilions-nous.fr\/pcps\/garantir-lanonymat-des-donnees-personnelles-collectees\/\">garantir l\u2019anonymat des donn\u00e9es personnelles collect\u00e9es<\/a><\/span>.<\/p>\n<ul>\n<li style=\"list-style-type: none;\">\n<ul>\n<li>\n<h6>\u201cJe ne suis pas une statistique\u201d<\/h6>\n<\/li>\n<\/ul>\n<\/li>\n<\/ul>\n<p style=\"padding-left: 40px;\">Les statistiques nous font peur quand nous avons l\u2019impression qu\u2019une d\u00e9cision importante sur nous va \u00eatre prise \u00e0 partir de quelques chiffres : pour une orientation scolaire, l\u2019attribution d\u2019un pr\u00eat, un recrutement\u2026 Ce th\u00e8me et les d\u00e9fis qu\u2019il soul\u00e8ve du point de vue de l\u2019int\u00e9r\u00eat collectif sont discut\u00e9s ailleurs, \u00e0 propos <a href=\"https:\/\/reconcilions-nous.fr\/pcps\/algorithmes-et-intelligence-artificielle\/\"><span style=\"text-decoration: underline;\"><span style=\"color: #0000ff; text-decoration: underline;\">des algorithmes et de l\u2019intelligence artificielle<\/span><\/span>.<\/a><\/p>\n<ul>\n<li style=\"list-style-type: none;\">\n<ul>\n<li>\n<h6>L\u2019\u00e9ducation \u00e0 la statistique<\/h6>\n<\/li>\n<\/ul>\n<\/li>\n<\/ul>\n<p style=\"padding-left: 40px;\">Puisque les chiffres tiennent une telle place dans le d\u00e9bat collectif, comprendre ces chiffres devrait faire partie de <span style=\"text-decoration: underline;\"><span style=\"color: #0000ff;\"><a style=\"color: #0000ff; text-decoration: underline;\" href=\"https:\/\/reconcilions-nous.fr\/pcps\/education-de-base-en-construction\/\">l\u2019\u00e9ducation de base<\/a><\/span><\/span> de chaque jeune, et le d\u00e9fi correspondant serait que <span style=\"text-decoration: underline; color: #0000ff;\"><a style=\"color: #0000ff; text-decoration: underline;\" href=\"https:\/\/reconcilions-nous.fr\/pcps\/chaque-jeune-maitrise-les-forces-et-les-faiblesses-des-arguments-chiffres\/\">chaque jeune maitrise les forces et les faiblesses des arguments chiffr\u00e9s<\/a><\/span>.<\/p>\n<h3><strong>Que faire de cette \u00e9bauche pour renforcer l<\/strong>\u2019<strong>impact positif des statistiques\u00a0sur l<\/strong>\u2019<strong>int\u00e9r\u00eat collectif ?<\/strong><\/h3>\n<p>Cet exemple montre qu\u2019il reste des ann\u00e9es de travail pour disposer d\u2019un outil collectif exhaustif de discussion-n\u00e9gociation\u00a0: beaucoup de pages manquent ou se limitent \u00e0 un titre. Mais il montre aussi comment chacun peut commencer \u00e0 agir \u00ab\u00a0pendant les travaux\u00a0\u00bb\u00a0:<\/p>\n<ul>\n<li>en r\u00e9agissant au texte Statistique, dans le forum au bas de sa page sur le site\u00a0: aucun des auteurs de cet article n\u2019aurait r\u00e9dig\u00e9 le texte actuel, mais il nous satisfait comme une \u00e9bauche, ouverte et am\u00e9liorable en continu\u00a0;<\/li>\n<li>en aidant \u00e0 construire les pages des d\u00e9fis d\u00e9j\u00e0 identifi\u00e9s, d\u00e9gager leurs solutions long terme, puis des actions imm\u00e9diates vers chaque solution\u00a0;<\/li>\n<li>et en creusant d\u00e9j\u00e0 certaines actions imm\u00e9diates. Par exemple, le d\u00e9fi que \u00ab\u00a0chaque jeune maitrise les forces et les faiblesses des arguments chiffr\u00e9s\u00a0\u00bb pointe une solution Long terme\u00a0: \u00ab\u00a0<strong>une formation \u00e0 l\u2019emploi d\u2019outils chiffr\u00e9s<\/strong>\u00bb, qui pointe elle-m\u00eame une action Court terme : \u00ab\u00a0<strong>la cr\u00e9ation d\u2019un outil en ligne illustrant les pi\u00e8ges de la statistique pour un public lyc\u00e9en<\/strong>\u00a0\u00bb. Cr\u00e9er cet outil peut \u00eatre un r\u00f4le de la communaut\u00e9 R!\u00a0: identifier, synth\u00e9tiser, am\u00e9liorer et mieux diffuser les outils qui existent d\u00e9j\u00e0.<\/li>\n<\/ul>\n<p>&nbsp;<\/p>\n<p class=\"CorpsA\" style=\"text-align: justify;\"><em><span class=\"Aucun\">Mots-cl\u00e9s : statistique &#8211; int\u00e9r\u00eat collectif &#8211; int\u00e9r\u00eat g\u00e9n\u00e9ral &#8211; plateforme num\u00e9rique<\/span><\/em><\/p>\n","protected":false},"excerpt":{"rendered":"<p>Nous entrons dans une campagne pr\u00e9sidentielle qui sera comme chaque fois un moment d\u2019intenses d\u00e9bats plus ou moins bien aliment\u00e9s en statistiques sur les grands d\u00e9fis de la collectivit\u00e9 nationale. Ce sera l\u2019occasion de red\u00e9couvrir combien nos d\u00e9bats sont polaris\u00e9s et peu constructifs. Cet article d\u00e9crit le lancement ce mois-ci de la plateforme collaborative R! [&hellip;]<\/p>\n","protected":false},"author":382,"featured_media":6256,"comment_status":"open","ping_status":"open","sticky":false,"template":"","format":"standard","meta":{"_et_pb_use_builder":"","_et_pb_old_content":"","_et_gb_content_width":"","_exactmetrics_skip_tracking":false,"_exactmetrics_sitenote_active":false,"_exactmetrics_sitenote_note":"","_exactmetrics_sitenote_category":0,"footnotes":""},"categories":[190,18],"tags":[],"class_list":["post-6246","post","type-post","status-publish","format-standard","has-post-thumbnail","hentry","category-engagement","category-statistiques","et-has-post-format-content","et_post_format-et-post-format-standard"],"_links":{"self":[{"href":"https:\/\/variances.eu\/index.php?rest_route=\/wp\/v2\/posts\/6246","targetHints":{"allow":["GET"]}}],"collection":[{"href":"https:\/\/variances.eu\/index.php?rest_route=\/wp\/v2\/posts"}],"about":[{"href":"https:\/\/variances.eu\/index.php?rest_route=\/wp\/v2\/types\/post"}],"author":[{"embeddable":true,"href":"https:\/\/variances.eu\/index.php?rest_route=\/wp\/v2\/users\/382"}],"replies":[{"embeddable":true,"href":"https:\/\/variances.eu\/index.php?rest_route=%2Fwp%2Fv2%2Fcomments&post=6246"}],"version-history":[{"count":0,"href":"https:\/\/variances.eu\/index.php?rest_route=\/wp\/v2\/posts\/6246\/revisions"}],"wp:featuredmedia":[{"embeddable":true,"href":"https:\/\/variances.eu\/index.php?rest_route=\/wp\/v2\/media\/6256"}],"wp:attachment":[{"href":"https:\/\/variances.eu\/index.php?rest_route=%2Fwp%2Fv2%2Fmedia&parent=6246"}],"wp:term":[{"taxonomy":"category","embeddable":true,"href":"https:\/\/variances.eu\/index.php?rest_route=%2Fwp%2Fv2%2Fcategories&post=6246"},{"taxonomy":"post_tag","embeddable":true,"href":"https:\/\/variances.eu\/index.php?rest_route=%2Fwp%2Fv2%2Ftags&post=6246"}],"curies":[{"name":"wp","href":"https:\/\/api.w.org\/{rel}","templated":true}]}}