{"id":6081,"date":"2021-07-29T07:25:38","date_gmt":"2021-07-29T05:25:38","guid":{"rendered":"http:\/\/variances.eu\/?p=6081"},"modified":"2021-07-29T07:53:12","modified_gmt":"2021-07-29T05:53:12","slug":"bon-ete-a-toutes-et-a-tous-2","status":"publish","type":"post","link":"https:\/\/variances.eu\/?p=6081","title":{"rendered":"Bon \u00e9t\u00e9 \u00e0 toutes et \u00e0 tous"},"content":{"rendered":"<p>Ch\u00e8res lectrices, chers lecteurs,<\/p>\n<p>Comme chaque ann\u00e9e, variances.eu prend ses quartiers d\u2019\u00e9t\u00e9 avant de retrouver le cours normal de ses publications d\u00e9but septembre, date qui marquera le cinqui\u00e8me anniversaire de notre revue sous sa forme digitale actuelle. C\u2019est un anniversaire qui nous procure une certaine fiert\u00e9 car publier deux \u00e0 trois articles par semaine en maintenant un niveau de qualit\u00e9 largement reconnu n\u00e9cessite constance et abn\u00e9gation. La tr\u00eave sera toutefois partielle car nous continuerons \u00e0 assurer notre pr\u00e9sence aupr\u00e8s de notre lectorat fid\u00e8le au cours du mois d\u2019ao\u00fbt en vous proposant \u2013 \u00e0 l\u2019image des rediffusions qui font flor\u00e8s \u00e0 la radio \u2013 des republications d\u2019articles marquants des premiers mois de l\u2019ann\u00e9e 2021. Ces articles constitueront autant d\u2019illustrations de nos diverses formes de communication &#8211; tribunes, articles de fond, analyses d\u2019ouvrages, portraits &#8211;\u00a0 et de la diversit\u00e9 des th\u00e8mes abord\u00e9s\u00a0: th\u00e9orie \u00e9conomique et statistique, histoire \u00e9conomique, politiques publiques, enjeux du num\u00e9rique, \u00e9pid\u00e9miologie, d\u00e9mographie&#8230;<\/p>\n<p>Face \u00e0 une actualit\u00e9 sportive foisonnante ces derni\u00e8res semaines, nous vous avons propos\u00e9 des articles sur le sport, dans ses dimensions \u00e9conomiques ou en tant que source de donn\u00e9es massives, et quelques nouvelles contributions viendront enrichir notre traitement de ce th\u00e8me en septembre. Nous poursuivrons \u00e9galement nos r\u00e9flexions sur l\u2019innovation technologique et le monde de la data, leurs applications \u00e0 de nombreux domaines et leurs enjeux soci\u00e9taux ou \u00e9conomiques, avec la domination des GAFAM. Et m\u00eame si la crise du Covid risque malheureusement de demeurer ces prochains mois un sujet d\u2019actualit\u00e9, nous essaierons de prendre un peu de recul pour nous interroger sur le monde post-Covid qui nous attend\u00a0: quelle politique de sant\u00e9 publique, quel \u00e9quilibre entre protection de la population et libert\u00e9s individuelles, quels impacts sur le monde du travail\u2026\u00a0?<\/p>\n<p>Avec l\u2019entr\u00e9e de notre pays dans la campagne pr\u00e9sidentielle, nous ne manquerons pas non plus de profiter de la fin de l\u2019ann\u00e9e et du d\u00e9but 2022 pour tenter de vous apporter des \u00e9clairages vari\u00e9s sur les grands th\u00e8mes des d\u00e9bats \u00e9lectoraux \u00e0 venir. Pour n\u2019en citer que quelques-uns\u00a0: la contrainte de la dette publique, les in\u00e9galit\u00e9s, l\u2019immigration, l\u2019\u00e9ducation\u2026 sans oublier \u00e9videmment le d\u00e9fi climatique, \u00e0 travers les politiques \u00e9nerg\u00e9tiques \u00e0 mener, les investissements \u00e0 engager et le r\u00f4le des acteurs financiers dans la r\u00e9orientation n\u00e9cessaire des flux de capitaux.<\/p>\n<p>Voil\u00e0, vous le voyez, beaucoup de sujets susceptibles, nous l\u2019esp\u00e9rons, de susciter votre int\u00e9r\u00eat. Et n\u2019h\u00e9sitez pas \u00e0 nous proposer des contributions si l\u2019un de ces th\u00e8mes vous inspire, nous serons heureux d\u2019en discuter avec vous.<\/p>\n<p>D\u2019ici l\u00e0, nous vous souhaitons un mois d\u2019ao\u00fbt agr\u00e9able et fructueux, et n\u2019oubliez pas de consulter variances.eu pour d\u00e9couvrir ou red\u00e9couvrir nos articles pass\u00e9s, car peu d\u2019entre eux souffrent d\u2019obsolescence programm\u00e9e\u00a0!<\/p>\n<p>A tr\u00e8s bient\u00f4t donc<\/p>\n<p>&nbsp;<\/p>\n<p>Pour le comit\u00e9 \u00e9ditorial<\/p>\n<p>Eric Taz\u00e9-Bernard<\/p>\n","protected":false},"excerpt":{"rendered":"<p>Ch\u00e8res lectrices, chers lecteurs, Comme chaque ann\u00e9e, variances.eu prend ses quartiers d\u2019\u00e9t\u00e9 avant de retrouver le cours normal de ses publications d\u00e9but septembre, date qui marquera le cinqui\u00e8me anniversaire de notre revue sous sa forme digitale actuelle. C\u2019est un anniversaire qui nous procure une certaine fiert\u00e9 car publier deux \u00e0 trois articles par semaine en [&hellip;]<\/p>\n","protected":false},"author":9,"featured_media":6082,"comment_status":"open","ping_status":"open","sticky":false,"template":"","format":"standard","meta":{"_et_pb_use_builder":"","_et_pb_old_content":"","_et_gb_content_width":"","_exactmetrics_skip_tracking":false,"_exactmetrics_sitenote_active":false,"_exactmetrics_sitenote_note":"","_exactmetrics_sitenote_category":0,"footnotes":""},"categories":[135],"tags":[],"class_list":["post-6081","post","type-post","status-publish","format-standard","has-post-thumbnail","hentry","category-tribune","et-has-post-format-content","et_post_format-et-post-format-standard"],"_links":{"self":[{"href":"https:\/\/variances.eu\/index.php?rest_route=\/wp\/v2\/posts\/6081","targetHints":{"allow":["GET"]}}],"collection":[{"href":"https:\/\/variances.eu\/index.php?rest_route=\/wp\/v2\/posts"}],"about":[{"href":"https:\/\/variances.eu\/index.php?rest_route=\/wp\/v2\/types\/post"}],"author":[{"embeddable":true,"href":"https:\/\/variances.eu\/index.php?rest_route=\/wp\/v2\/users\/9"}],"replies":[{"embeddable":true,"href":"https:\/\/variances.eu\/index.php?rest_route=%2Fwp%2Fv2%2Fcomments&post=6081"}],"version-history":[{"count":0,"href":"https:\/\/variances.eu\/index.php?rest_route=\/wp\/v2\/posts\/6081\/revisions"}],"wp:featuredmedia":[{"embeddable":true,"href":"https:\/\/variances.eu\/index.php?rest_route=\/wp\/v2\/media\/6082"}],"wp:attachment":[{"href":"https:\/\/variances.eu\/index.php?rest_route=%2Fwp%2Fv2%2Fmedia&parent=6081"}],"wp:term":[{"taxonomy":"category","embeddable":true,"href":"https:\/\/variances.eu\/index.php?rest_route=%2Fwp%2Fv2%2Fcategories&post=6081"},{"taxonomy":"post_tag","embeddable":true,"href":"https:\/\/variances.eu\/index.php?rest_route=%2Fwp%2Fv2%2Ftags&post=6081"}],"curies":[{"name":"wp","href":"https:\/\/api.w.org\/{rel}","templated":true}]}}