{"id":5914,"date":"2021-05-07T07:20:29","date_gmt":"2021-05-07T05:20:29","guid":{"rendered":"http:\/\/variances.eu\/?p=5914"},"modified":"2021-05-07T07:50:27","modified_gmt":"2021-05-07T05:50:27","slug":"crise-sanitaire-une-approche-complementaire-sur-lactivite-des-entreprises","status":"publish","type":"post","link":"https:\/\/variances.eu\/?p=5914","title":{"rendered":"Crise sanitaire : une approche compl\u00e9mentaire sur l\u2019activit\u00e9 des entreprises"},"content":{"rendered":"<p><em>Depuis le d\u00e9but de la crise sanitaire, la Banque de France et l\u2019Insee estiment chaque mois la perte d\u2019activit\u00e9 des entreprises, secteur par secteur, notamment par leurs enqu\u00eates mensuelles et le suivi de donn\u00e9es \u00e0 haute fr\u00e9quence. Ces enqu\u00eates mensuelles se sont av\u00e9r\u00e9es \u00eatre des barom\u00e8tres fiables et quasiment en temps r\u00e9el de l\u2019effet des restrictions, globalement confirm\u00e9s par les publications des comptes nationaux trimestriels. Parall\u00e8lement, nos deux institutions ont lanc\u00e9 un travail commun, diff\u00e9rent et compl\u00e9mentaire sur le plan m\u00e9thodologique : il est fond\u00e9 ex post sur les chiffres d\u2019affaires r\u00e9els des entreprises (mesur\u00e9s par les d\u00e9clarations de TVA), il compare le \u00ab choc d\u2019activit\u00e9 \u00bb \u00e0 un contrefactuel qu\u2019aurait \u00e9t\u00e9 le chiffre d\u2019affaires en l\u2019absence de choc sanitaire et il permet une analyse plus fine intra-secteur. Ce billet de blog en pr\u00e9sente les premiers r\u00e9sultats, coh\u00e9rents avec nos enqu\u00eates mensuelles. Ils seront ensuite prolong\u00e9s par une analyse ex post de la situation de tr\u00e9sorerie et financi\u00e8re des entreprises.<\/em><\/p>\n<p style=\"font-weight: 400;\">Vous pourrez en lire l\u2019int\u00e9gralit\u00e9 en cliquant sur le lien suivant :\u00a0<span style=\"text-decoration: underline;\"><span style=\"color: #0000ff;\"><a style=\"color: #0000ff; text-decoration: underline;\" href=\"https:\/\/blog.insee.fr\/crise-sanitaire-une-approche-complementaire-sur-lactivite-des-entreprises\/\" data-saferedirecturl=\"https:\/\/www.google.com\/url?q=https:\/\/blog.insee.fr\/crise-sanitaire-une-approche-complementaire-sur-lactivite-des-entreprises\/&amp;source=gmail&amp;ust=1620366569822000&amp;usg=AFQjCNFU2cNF1fSFoyRfBqqBvqVSPYa7nw\">https:\/\/blog.insee.fr\/crise-sanitaire-une-approche-complementaire-sur-lactivite-des-entreprises\/<\/a> <\/span><\/span><\/p>\n","protected":false},"excerpt":{"rendered":"<p>Depuis le d\u00e9but de la crise sanitaire, la Banque de France et l\u2019Insee estiment chaque mois la perte d\u2019activit\u00e9 des entreprises, secteur par secteur, notamment par leurs enqu\u00eates mensuelles et le suivi de donn\u00e9es \u00e0 haute fr\u00e9quence. Ces enqu\u00eates mensuelles se sont av\u00e9r\u00e9es \u00eatre des barom\u00e8tres fiables et quasiment en temps r\u00e9el de l\u2019effet des [&hellip;]<\/p>\n","protected":false},"author":358,"featured_media":5917,"comment_status":"open","ping_status":"open","sticky":false,"template":"","format":"standard","meta":{"_et_pb_use_builder":"","_et_pb_old_content":"","_et_gb_content_width":"","_exactmetrics_skip_tracking":false,"_exactmetrics_sitenote_active":false,"_exactmetrics_sitenote_note":"","_exactmetrics_sitenote_category":0,"footnotes":""},"categories":[214,11],"tags":[],"class_list":["post-5914","post","type-post","status-publish","format-standard","has-post-thumbnail","hentry","category-coronavirus","category-macroeconomie","et-has-post-format-content","et_post_format-et-post-format-standard"],"_links":{"self":[{"href":"https:\/\/variances.eu\/index.php?rest_route=\/wp\/v2\/posts\/5914","targetHints":{"allow":["GET"]}}],"collection":[{"href":"https:\/\/variances.eu\/index.php?rest_route=\/wp\/v2\/posts"}],"about":[{"href":"https:\/\/variances.eu\/index.php?rest_route=\/wp\/v2\/types\/post"}],"author":[{"embeddable":true,"href":"https:\/\/variances.eu\/index.php?rest_route=\/wp\/v2\/users\/358"}],"replies":[{"embeddable":true,"href":"https:\/\/variances.eu\/index.php?rest_route=%2Fwp%2Fv2%2Fcomments&post=5914"}],"version-history":[{"count":0,"href":"https:\/\/variances.eu\/index.php?rest_route=\/wp\/v2\/posts\/5914\/revisions"}],"wp:featuredmedia":[{"embeddable":true,"href":"https:\/\/variances.eu\/index.php?rest_route=\/wp\/v2\/media\/5917"}],"wp:attachment":[{"href":"https:\/\/variances.eu\/index.php?rest_route=%2Fwp%2Fv2%2Fmedia&parent=5914"}],"wp:term":[{"taxonomy":"category","embeddable":true,"href":"https:\/\/variances.eu\/index.php?rest_route=%2Fwp%2Fv2%2Fcategories&post=5914"},{"taxonomy":"post_tag","embeddable":true,"href":"https:\/\/variances.eu\/index.php?rest_route=%2Fwp%2Fv2%2Ftags&post=5914"}],"curies":[{"name":"wp","href":"https:\/\/api.w.org\/{rel}","templated":true}]}}